{"id":53272,"date":"2022-12-28T01:49:30","date_gmt":"2022-12-28T01:49:30","guid":{"rendered":"https:\/\/www.ole.com.ar\/huracan\/huracan-fattori-compra_0_Ut95YQCGU1.html"},"modified":"2022-12-28T01:49:30","modified_gmt":"2022-12-28T01:49:30","slug":"huracan-hizo-uso-de-la-opcion-de-compra-por-federico-fattori","status":"publish","type":"post","link":"http:\/\/hoycordobaweb.com\/index.php\/2022\/12\/28\/huracan-hizo-uso-de-la-opcion-de-compra-por-federico-fattori\/","title":{"rendered":"Hurac\u00e1n hizo uso de la opci\u00f3n de compra por Federico Fattori"},"content":{"rendered":"<p><img src=\"http:\/\/hoycordobaweb.com\/wp-content\/uploads\/2022\/12\/huracan-hizo-uso-de-la-opcion-de-compra-por-federico-fattori.jpg\"><\/p>\n<div class=\"sc-489cef11-0 jHGTKj\" readability=\"6\">\n<section readability=\"2\"><picture><img class=\"img\" src=\"http:\/\/hoycordobaweb.com\/wp-content\/uploads\/2022\/12\/huracan-hizo-uso-de-la-opcion-de-compra-por-federico-fattori-2.jpg\" alt=\"Riquelme y el saludo &quot;a los muchachos de atr\u00e1s del arco&quot;\" height=\"290\" width=\"290\" loading=\"lazy\"><\/picture>\n<p><span>Mir\u00e1 tambi\u00e9n<\/span><\/p>\n<hr>\n<h3>Riquelme y el saludo \u00aba los muchachos de atr\u00e1s del arco\u00bb<\/h3>\n<\/p>\n<\/section>\n<\/div>\n<div class=\"custom-text \" readability=\"38.1888\">\n<p>No caben dudas de que desde su llegada a <a href=\"https:\/\/www.ole.com.ar\/tema\/huracan.html\" title=\"Hurac\u00e1n\" alt=\"Hurac\u00e1n\" class=\"slug\">Hurac\u00e1n<\/a>, Federico Fattori se convirti\u00f3 en uno de los pilares fundamentales del equipo. Entre las tres competencias que jug\u00f3 el Globo a lo largo del a\u00f1o, el mediocampista fue titular en 39 partidos y convirti\u00f3 un gol. Antes de su llegada a Parque Patricios hab\u00eda quedado libre de <a href=\"https:\/\/www.ole.com.ar\/tema\/ferro.html\" title=\"Ferro\" alt=\"Ferro\" class=\"slug\">Ferro<\/a>. Por eso lleg\u00f3 al club con el pase en su poder y firm\u00f3 contrato por un a\u00f1o. Pero su buen rendimiento tent\u00f3 a todos: la hinchada contenta y Dabove satisfecho. <strong>La intenci\u00f3n principal de la Comisi\u00f3n Directiva era, entonces, retenerlo para que se quede a jugar un 2023 lleno de competencias.<\/strong><\/p>\n<\/div>\n<div class=\"sc-489cef11-0 jHGTKj\" readability=\"6\">\n<section readability=\"2\"><picture><img class=\"img\" src=\"http:\/\/hoycordobaweb.com\/wp-content\/uploads\/2022\/12\/huracan-hizo-uso-de-la-opcion-de-compra-por-federico-fattori-3.jpg\" alt=\"Messi sigui\u00f3 de fiesta: el cumplea\u00f1os de 15 de su sobrina en Rosario\" height=\"290\" width=\"290\" loading=\"lazy\"><\/picture>\n<p><span>Mir\u00e1 tambi\u00e9n<\/span><\/p>\n<hr>\n<h3>Messi sigui\u00f3 de fiesta: el cumplea\u00f1os de 15 de su sobrina en Rosario<\/h3>\n<\/p>\n<\/section>\n<\/div>\n<div class=\"custom-text \" readability=\"38.524945770065\">\n<p>Luego de varios d\u00edas de negociaci\u00f3n,<strong> la CD de Hurac\u00e1n lleg\u00f3 a un acuerdo con el jugador, adquiri\u00f3 el 50% de su pase por $400.000 d\u00f3lares y tambi\u00e9n se le renov\u00f3 el contrato hasta diciembre de 2025<\/strong>. El Globo, que tiene como desaf\u00edo principal la <a href=\"https:\/\/www.ole.com.ar\/tema\/copa-libertadores.html\" title=\"Copa Libertadores\" alt=\"Copa Libertadores\" class=\"slug\">Copa Libertadores<\/a> 2023, hizo el esfuerzo para retenerlo. Ahora tienen el objetivo de pasar a fase de grupos del certamen continental. En Parque Patricios, hay medio para rato en un equipo que sue\u00f1a en grande.<\/p>\n<\/div>\n<div class=\"sc-489cef11-0 jHGTKj\" readability=\"6\">\n<section readability=\"2\"><picture><img class=\"img\" src=\"http:\/\/hoycordobaweb.com\/wp-content\/uploads\/2022\/12\/huracan-hizo-uso-de-la-opcion-de-compra-por-federico-fattori-4.jpg\" alt=\"Kranevitter fue operado con \u00e9xito\" height=\"290\" width=\"290\" loading=\"lazy\"><\/picture>\n<p><span>Mir\u00e1 tambi\u00e9n<\/span><\/p>\n<hr>\n<h3>Kranevitter fue operado con \u00e9xito<\/h3>\n<\/p>\n<\/section>\n<\/div>\n<p><h2>\u00bfQui\u00e9n es la joyita de los 10 palos verdes que blind\u00f3 Hurac\u00e1n?<\/h2>\n<\/p>\n<div class=\"sc-996041c8-0 kvfKM\"><img alt=\"Luciano Figueredo, central de la Reserva que a\u00fan no debut\u00f3 en Primera, pero que ya vale mucho.\" src=\"http:\/\/hoycordobaweb.com\/wp-content\/uploads\/2022\/12\/huracan-hizo-uso-de-la-opcion-de-compra-por-federico-fattori-5.jpg\" width=\"720\" height=\"0\" decoding=\"async\" data-nimg=\"future\" loading=\"lazy\"><span>Luciano Figueredo, central de la Reserva que a\u00fan no debut\u00f3 en Primera, pero que ya vale mucho.<\/span><\/div>\n<div class=\"sc-489cef11-0 jHGTKj\" readability=\"6\">\n<section readability=\"2\"><picture><img class=\"img\" src=\"http:\/\/hoycordobaweb.com\/wp-content\/uploads\/2022\/12\/huracan-hizo-uso-de-la-opcion-de-compra-por-federico-fattori-6.jpg\" alt=\"El casamiento de un campe\u00f3n del mundo\" height=\"290\" width=\"290\" loading=\"lazy\"><\/picture>\n<p><span>Mir\u00e1 tambi\u00e9n<\/span><\/p>\n<hr>\n<h3>El casamiento de un campe\u00f3n del mundo<\/h3>\n<\/p>\n<\/section>\n<\/div>\n<div class=\"custom-text \" readability=\"34\">\n<p>Leandro Figueredo es parte del futuro de Hurac\u00e1n: <strong>el central de 19 a\u00f1os firm\u00f3 su primer contrato con el Globo<\/strong>. El v\u00ednculo se extiende hasta diciembre de 2025. Pero lo particular es la elevada cl\u00e1usula de recisi\u00f3n que le pusieron: <strong>\u00a1$10.000.000 de d\u00f3lares!<\/strong><\/p>\n<\/div>\n<div class=\"sc-489cef11-0 jHGTKj\" readability=\"6\">\n<section readability=\"2\"><picture><img class=\"img\" src=\"http:\/\/hoycordobaweb.com\/wp-content\/uploads\/2022\/12\/huracan-hizo-uso-de-la-opcion-de-compra-por-federico-fattori-7.jpg\" alt=\"El jugador por el que Racing recibi\u00f3 plata fresca \" height=\"290\" width=\"290\" loading=\"lazy\"><\/picture>\n<p><span>Mir\u00e1 tambi\u00e9n<\/span><\/p>\n<hr>\n<h3>El jugador por el que Racing recibi\u00f3 plata fresca <\/h3>\n<\/p>\n<\/section>\n<\/div>\n<div class=\"custom-text \" readability=\"36.114795918367\">\n<p>A pesar de que<strong> todav\u00eda no debut\u00f3 en Primera<\/strong>, el pibe fue convocado en varios partidos por <a href=\"https:\/\/www.ole.com.ar\/tema\/diego-dabove.html\" title=\"Diego Dabove\" alt=\"Diego Dabove\" class=\"slug\">Diego Dabove<\/a>, esperando su oportunidad en el banco de suplentes. S\u00ed tiene minutos en la Reserva. Adem\u00e1s, tambi\u00e9n <strong>ya fue convocado por <\/strong><a href=\"https:\/\/www.ole.com.ar\/tema\/javier-mascherano.html\" title=\"Javier Mascherano\" alt=\"Javier Mascherano\" class=\"slug\"><strong>Javier Mascherano<\/strong><\/a><strong> a la Selecci\u00f3n Sub-20<\/strong>. Hace poco, viaj\u00f3 con los juveniles para jugar los Juegos Sudamericanos en Asunci\u00f3n. El futuro del Globo est\u00e1 Blindado.<\/p>\n<\/div>\n<div class=\"sc-489cef11-0 jHGTKj\" readability=\"6\">\n<section readability=\"2\"><picture><img class=\"img\" src=\"http:\/\/hoycordobaweb.com\/wp-content\/uploads\/2022\/12\/huracan-hizo-uso-de-la-opcion-de-compra-por-federico-fattori-8.jpg\" alt=\"De Paul y el llamado llorando a Tini en pleno Mundial\" height=\"290\" width=\"290\" loading=\"lazy\"><\/picture>\n<p><span>Mir\u00e1 tambi\u00e9n<\/span><\/p>\n<hr>\n<h3>De Paul y el llamado llorando a Tini en pleno Mundial<\/h3>\n<\/p>\n<\/section>\n<\/div>\n","protected":false},"excerpt":{"rendered":"<p>Mir\u00e1 tambi\u00e9n Riquelme y el saludo \u00aba los muchachos de atr\u00e1s del arco\u00bb No caben dudas de que desde su llegada a Hurac\u00e1n, Federico Fattori se convirti\u00f3 en uno de los pilares fundamentales del equipo. Entre las tres competencias que jug\u00f3 el Globo a lo largo del a\u00f1o, el mediocampista fue titular en 39 partidos [&hellip;]<\/p>\n","protected":false},"author":1,"featured_media":53273,"comment_status":"open","ping_status":"closed","sticky":false,"template":"","format":"standard","meta":[],"categories":[16],"tags":[],"_links":{"self":[{"href":"http:\/\/hoycordobaweb.com\/index.php\/wp-json\/wp\/v2\/posts\/53272"}],"collection":[{"href":"http:\/\/hoycordobaweb.com\/index.php\/wp-json\/wp\/v2\/posts"}],"about":[{"href":"http:\/\/hoycordobaweb.com\/index.php\/wp-json\/wp\/v2\/types\/post"}],"author":[{"embeddable":true,"href":"http:\/\/hoycordobaweb.com\/index.php\/wp-json\/wp\/v2\/users\/1"}],"replies":[{"embeddable":true,"href":"http:\/\/hoycordobaweb.com\/index.php\/wp-json\/wp\/v2\/comments?post=53272"}],"version-history":[{"count":0,"href":"http:\/\/hoycordobaweb.com\/index.php\/wp-json\/wp\/v2\/posts\/53272\/revisions"}],"wp:featuredmedia":[{"embeddable":true,"href":"http:\/\/hoycordobaweb.com\/index.php\/wp-json\/wp\/v2\/media\/53273"}],"wp:attachment":[{"href":"http:\/\/hoycordobaweb.com\/index.php\/wp-json\/wp\/v2\/media?parent=53272"}],"wp:term":[{"taxonomy":"category","embeddable":true,"href":"http:\/\/hoycordobaweb.com\/index.php\/wp-json\/wp\/v2\/categories?post=53272"},{"taxonomy":"post_tag","embeddable":true,"href":"http:\/\/hoycordobaweb.com\/index.php\/wp-json\/wp\/v2\/tags?post=53272"}],"curies":[{"name":"wp","href":"https:\/\/api.w.org\/{rel}","templated":true}]}}