{"id":53266,"date":"2022-12-27T18:39:15","date_gmt":"2022-12-27T18:39:15","guid":{"rendered":"https:\/\/ladecimaweb.com\/?p=15555"},"modified":"2022-12-27T18:39:15","modified_gmt":"2022-12-27T18:39:15","slug":"el-concejo-aprobo-el-convenio-para-la-rehabilitacion-del-pavimento-en-vel","status":"publish","type":"post","link":"http:\/\/hoycordobaweb.com\/index.php\/2022\/12\/27\/el-concejo-aprobo-el-convenio-para-la-rehabilitacion-del-pavimento-en-vel\/","title":{"rendered":"El Concejo aprob\u00f3 el convenio para la rehabilitaci\u00f3n del pavimento en VEL"},"content":{"rendered":"<div class=\"boldgrid-section\">\n<div class=\"container\">\n<div class=\"row\">\n<div class=\"col-md-12 col-xs-12 col-sm-12\">\n<p class=\"\"><em>(Prensa Concejo)<\/em> El viceintendente Daniel Passerini presidi\u00f3 la \u00faltima sesi\u00f3n del 2022. Los concejales y concejalas de la ciudad de C\u00f3rdoba debatieron sobre proyectos que mejorar\u00e1n la vida en la ciudad, entre ellos aprobaron el proyecto presentado por el concejal Mart\u00edn C\u00f3rdoba, estableciendo el uso de la \u201cTarjeta Activa\u201d como medio de pago para el servicio de transporte p\u00fablico, modificando la ordenanza n\u00b012076.<\/p>\n<p class=\"\">Adem\u00e1s, se estableci\u00f3 el R\u00e9gimen para la Regularizaci\u00f3n e Integraci\u00f3n Socio Urbana de Barrios Populares incluidos en el listado del Registro Nacional de Barrios Populares (RENABAP). Al expresarse sobre el proyecto, el concejal Diego Casado detall\u00f3: \u201cEn los barrios populares del pa\u00eds viven 4 millones de personas, se quiere integrar estos barrios a las ciudades. El proceso de integraci\u00f3n apunta a mejorar la estructura y los servicios. Es una deuda hist\u00f3rica para que las familias de barrios populares puedan vivir mejor. Esto fomenta el trabajo en conjunto de Naci\u00f3n, Provincia y Municipio\u201d<\/p>\n<p class=\"\">Seguidamente, <strong>se ratificaron dos convenios de Colaboraci\u00f3n y Financiamiento entre la Municipalidad de C\u00f3rdoba y el Gobierno de la provincia, uno para la \u201cRehabilitaci\u00f3n Integral de Pavimentos en Barrio Villa El Libertador<\/strong> &#8211; Etapa 1\u201d, en el marco de la obra de Ampliaci\u00f3n de la capacidad de tratamiento de l\u00edquidos cloacales y construcci\u00f3n de colectores principales de la; y el otro para la ejecuci\u00f3n de la obra de Nexos Cloacales para Barrios Ciudad&#8211;Urbanizaci\u00f3n de Barrios Populares- . Al respecto de la obra de ejecuci\u00f3n de colectores cloacales en la zona suroeste de C\u00f3rdoba, Diego Casado detall\u00f3 que servir\u00e1 a m\u00e1s de 120.000 vecinos de los barrios Villa El Libertador, Santa Isabel 1\u00aa, 2\u00aa y 3\u00aa Secci\u00f3n, Congreso, San Pedro Nolasco, Parque Futura, Cabildo, Viccor, Residencial Sud, San Luis de Francia y aleda\u00f1os; se erradicar\u00e1n seis micro plantas de tratamiento y especific\u00f3 que el monto total de inversi\u00f3n es de $4.465 millones.<\/p>\n<p>Durante la sesi\u00f3n, luego de un extenso debate, se aprobaron notas de la Comisi\u00f3n Mixta de Convenios Urban\u00edsticos y se aprob\u00f3 la elevaci\u00f3n de convenios urban\u00edsticos entre la Municipalidad de C\u00f3rdoba y diferentes actores.<\/p>\n<p class=\"\">Al finalizar, el Dr. Daniel Passerini expres\u00f3 su agradecimiento por el trabajo realizado durante todo el a\u00f1o y salud\u00f3 a concejales, concejalas y trabajadores del Concejo Deliberante, deseando un buen inicio de 2023.<\/p>\n<p class=\"\">\n<div class=\"ubm_banner\"><a href=\"https:\/\/www.cba.gov.ar\" target=\"_blank\" rel=\"dofollow noopener noreferrer\"><img src=\"http:\/\/hoycordobaweb.com\/wp-content\/uploads\/2022\/12\/el-concejo-aprobo-el-convenio-para-la-rehabilitacion-del-pavimento-en-vel.gif\" alt=\"\"><\/a><\/div>\n<\/div>\n<\/div>\n<\/div>\n<\/div>\n<p>La entrada <a rel=\"nofollow\" href=\"https:\/\/ladecimaweb.com\/el-concejo-aprobo-el-convenio-para-la-rehabilitacion-del-pavimento-en-vel\/\">El Concejo aprob\u00f3 el convenio para la rehabilitaci\u00f3n del pavimento en VEL<\/a> se public\u00f3 primero en <a rel=\"nofollow\" href=\"https:\/\/ladecimaweb.com\">LaDecima<\/a>.<\/p>\n","protected":false},"excerpt":{"rendered":"<p>(Prensa Concejo) El viceintendente Daniel Passerini presidi\u00f3 la \u00faltima sesi\u00f3n del 2022. Los concejales y concejalas de la ciudad de C\u00f3rdoba debatieron sobre proyectos que mejorar\u00e1n la vida en la ciudad, entre ellos aprobaron el proyecto presentado por el concejal Mart\u00edn C\u00f3rdoba, estableciendo el uso de la \u201cTarjeta Activa\u201d como medio de pago para el [&hellip;]<\/p>\n","protected":false},"author":1,"featured_media":53267,"comment_status":"closed","ping_status":"closed","sticky":false,"template":"","format":"standard","meta":[],"categories":[19],"tags":[],"_links":{"self":[{"href":"http:\/\/hoycordobaweb.com\/index.php\/wp-json\/wp\/v2\/posts\/53266"}],"collection":[{"href":"http:\/\/hoycordobaweb.com\/index.php\/wp-json\/wp\/v2\/posts"}],"about":[{"href":"http:\/\/hoycordobaweb.com\/index.php\/wp-json\/wp\/v2\/types\/post"}],"author":[{"embeddable":true,"href":"http:\/\/hoycordobaweb.com\/index.php\/wp-json\/wp\/v2\/users\/1"}],"replies":[{"embeddable":true,"href":"http:\/\/hoycordobaweb.com\/index.php\/wp-json\/wp\/v2\/comments?post=53266"}],"version-history":[{"count":0,"href":"http:\/\/hoycordobaweb.com\/index.php\/wp-json\/wp\/v2\/posts\/53266\/revisions"}],"wp:featuredmedia":[{"embeddable":true,"href":"http:\/\/hoycordobaweb.com\/index.php\/wp-json\/wp\/v2\/media\/53267"}],"wp:attachment":[{"href":"http:\/\/hoycordobaweb.com\/index.php\/wp-json\/wp\/v2\/media?parent=53266"}],"wp:term":[{"taxonomy":"category","embeddable":true,"href":"http:\/\/hoycordobaweb.com\/index.php\/wp-json\/wp\/v2\/categories?post=53266"},{"taxonomy":"post_tag","embeddable":true,"href":"http:\/\/hoycordobaweb.com\/index.php\/wp-json\/wp\/v2\/tags?post=53266"}],"curies":[{"name":"wp","href":"https:\/\/api.w.org\/{rel}","templated":true}]}}