{"id":53253,"date":"2022-12-28T02:00:00","date_gmt":"2022-12-28T02:00:00","guid":{"rendered":"http:\/\/hoycordobaweb.com\/index.php\/2022\/12\/28\/riquelme-vamos-a-estar-en-el-club-por-muchos-anos-mas\/"},"modified":"2022-12-28T02:00:00","modified_gmt":"2022-12-28T02:00:00","slug":"riquelme-vamos-a-estar-en-el-club-por-muchos-anos-mas","status":"publish","type":"post","link":"http:\/\/hoycordobaweb.com\/index.php\/2022\/12\/28\/riquelme-vamos-a-estar-en-el-club-por-muchos-anos-mas\/","title":{"rendered":"Riquelme: \u00abVamos a estar en el club por muchos a\u00f1os m\u00e1s\u00bb"},"content":{"rendered":"<p><img src=\"http:\/\/hoycordobaweb.com\/wp-content\/uploads\/2022\/12\/riquelme-vamos-a-estar-en-el-club-por-muchos-anos-mas.jpg\"><\/p>\n<figure class=\"mb-3\"><img loading=\"lazy\" src=\"http:\/\/hoycordobaweb.com\/wp-content\/uploads\/2022\/12\/riquelme-vamos-a-estar-en-el-club-por-muchos-anos-mas-2.jpg\" width=\"100%\" height=\"100%\" alt=\"Foto Vctor Carreira\"><figcaption> Foto: V\u00edctor Carreira. <\/figcaption><\/figure>\n<p>Juan Rom\u00e1n Riquelme estuvo acompa\u00f1ado del presidente Jorge Ameal y los componentes del Consejo de F\u00fatbol, Ra\u00fal Cascini y Marcelo Delgado, en un acto celebrado en la noche de este martes en el play\u00f3n de estacionamiento de la Bombonera que <strong>cont\u00f3 con 10.000 asistentes que despidieron el a\u00f1o en un acto en el que se presum\u00eda que el actual vicepresidente segundo de Boca iba a presentar a su propia agrupaci\u00f3n, denominada \u00abSoy bostero\u00bb.<\/strong><\/p>\n<p>Esas 10.000 personas que se congregaron en el play\u00f3n de estacionamiento situado detr\u00e1s de la Popular Norte, que tiene ingresos por las calles Del Valle Iberlucea y Espora, escucharon remarcar a Riquelme que van a \u00abestar mucho tiempo m\u00e1s en Boca\u00bb.<\/p>\n<p>Esto fue organizado por el presidente de pe\u00f1as, Carlos Colombo, y el titular de filiales, Sebasti\u00e1n Gianiorio.<\/p>\n<p><strong>La expectativa estaba dada por la posibilidad de que Riquelme presentara su nueva agrupaci\u00f3n, denominada \u00abSoy bostero\u00bb, pero Rom\u00e1n no hizo menci\u00f3n a ello, aunque en las inmediaciones del estadio hab\u00eda mesas en las que los socios sumaban firmas que le permitan alcanzar el car\u00e1cter de tal. Para ello son necesarias no menos de 8.000 adhesiones.<\/strong><\/p>\n<figure class=\"mb-3\"><img loading=\"lazy\" src=\"http:\/\/hoycordobaweb.com\/wp-content\/uploads\/2022\/12\/riquelme-vamos-a-estar-en-el-club-por-muchos-anos-mas-3.jpg\" width=\"100%\" height=\"100%\" alt=\"Foto Vctor Carreira\"><figcaption> Foto: V\u00edctor Carreira. <\/figcaption><\/figure>\n<p>Inclusive se esperaba la presencia de Ricardo Rosica, secretario general de Boca y el dirigente m\u00e1s cercano a Riquelme, con el que podr\u00eda conformar f\u00f3rmula para las elecciones de diciembre del a\u00f1o pr\u00f3ximo. Rom\u00e1n volver\u00eda a ir como vicepresidente si esto sucediera.<\/p>\n<p><strong>\u00abLamentablemente hay cierto periodismo que quiere hacer ver en Boca que hay divisiones cuando estas no existen. Y ac\u00e1 me ven con Riquelme\u00bb<\/strong>, puntualiz\u00f3 Ameal.<\/p>\n<p>\u00abAhora somos un club de f\u00fatbol y no una sociedad an\u00f3nima como otros quer\u00edan. De siete campeonatos jugados bajo nuestra gesti\u00f3n se ganaron cinco. Ah\u00ed donde est\u00e1 la Bombonera quer\u00edan hacer una cancha de tenis, pero ese es el lugar donde se gana y se festeja m\u00e1s. Y ahora no vendemos jugadores por vender, sino que apostamos a las inferiores\u00bb, apunt\u00f3 Ameal.<\/p>\n<figure class=\"mb-3\"><img loading=\"lazy\" src=\"http:\/\/hoycordobaweb.com\/wp-content\/uploads\/2022\/12\/riquelme-vamos-a-estar-en-el-club-por-muchos-anos-mas-4.jpg\" width=\"100%\" height=\"100%\" alt=\"Foto Vctor Carreira\"><figcaption> Foto: V\u00edctor Carreira. <\/figcaption><\/figure>\n<p>Y entonces le pas\u00f3 el micr\u00f3fono a Riquelme, quien dijo que est\u00e1 de vuelta en Boca por \u00abculpa\u00bb de su \u00abhijo Agust\u00edn. Y vamos a estar mucho tiempo m\u00e1s en este club\u00bb.<\/p>\n<p>\u00abAntes dec\u00eda que para las elecciones pasadas ten\u00edamos que ser 40.000 votantes y ahora, para las de diciembre del a\u00f1o que viene tenemos que ser 50.000\u00bb, apunt\u00f3.<\/p>\n<p>\u00abEn cuanto al plantel, est\u00e1 muy bien. Hay que agradecerles a los hinchas y a los muchachos que est\u00e1n detr\u00e1s del arco y se vienen portando muy bien\u00bb, destac\u00f3.<\/p>\n<p>Y en la despedida del acto volvi\u00f3 a pedirle el micr\u00f3fono a Ameal para solicitarle a los hinchas que entonaran la \u00abcanci\u00f3n que m\u00e1s gusta\u00bb, y todos cantaron el cl\u00e1sico \u00abOl\u00e9, ol\u00e9, ol\u00e9, soy bostero, es un sentimiento&#8230;\u00bb.<\/p>\n<figure class=\"mb-3\"><img loading=\"lazy\" src=\"http:\/\/hoycordobaweb.com\/wp-content\/uploads\/2022\/12\/riquelme-vamos-a-estar-en-el-club-por-muchos-anos-mas-5.jpg\" width=\"100%\" height=\"100%\" alt=\"Foto Vctor Carreira\"><figcaption> Foto: V\u00edctor Carreira. <\/figcaption><\/figure>\n<p>El grupo musical de cumbia \u00abLos Ju\u00e1rez\u00bb, un desprendimiento del reconocido \u00abTamb\u00f3, Tamb\u00f3\u00bb, fue el que le abri\u00f3 el camino a la charla de Riquelme y Ameal con la gente, musicalizando tambi\u00e9n 12 logros de la instituci\u00f3n a trav\u00e9s de un video.<\/p>\n<p>El acto iba a comenzar a las 19 pero se retras\u00f3 hasta las 20.30, y solamente presidente y vice segundo fueron los oradores de este acto que, en la formalidad, fue para despedir el a\u00f1o, aunque la, pol\u00edtica del club inevitablemente lo sobrevol\u00f3. <\/p>\n","protected":false},"excerpt":{"rendered":"<p>Foto: V\u00edctor Carreira. Juan Rom\u00e1n Riquelme estuvo acompa\u00f1ado del presidente Jorge Ameal y los componentes del Consejo de F\u00fatbol, Ra\u00fal Cascini y Marcelo Delgado, en un acto celebrado en la noche de este martes en el play\u00f3n de estacionamiento de la Bombonera que cont\u00f3 con 10.000 asistentes que despidieron el a\u00f1o en un acto en [&hellip;]<\/p>\n","protected":false},"author":1,"featured_media":53254,"comment_status":"open","ping_status":"closed","sticky":false,"template":"","format":"standard","meta":[],"categories":[16],"tags":[],"_links":{"self":[{"href":"http:\/\/hoycordobaweb.com\/index.php\/wp-json\/wp\/v2\/posts\/53253"}],"collection":[{"href":"http:\/\/hoycordobaweb.com\/index.php\/wp-json\/wp\/v2\/posts"}],"about":[{"href":"http:\/\/hoycordobaweb.com\/index.php\/wp-json\/wp\/v2\/types\/post"}],"author":[{"embeddable":true,"href":"http:\/\/hoycordobaweb.com\/index.php\/wp-json\/wp\/v2\/users\/1"}],"replies":[{"embeddable":true,"href":"http:\/\/hoycordobaweb.com\/index.php\/wp-json\/wp\/v2\/comments?post=53253"}],"version-history":[{"count":0,"href":"http:\/\/hoycordobaweb.com\/index.php\/wp-json\/wp\/v2\/posts\/53253\/revisions"}],"wp:featuredmedia":[{"embeddable":true,"href":"http:\/\/hoycordobaweb.com\/index.php\/wp-json\/wp\/v2\/media\/53254"}],"wp:attachment":[{"href":"http:\/\/hoycordobaweb.com\/index.php\/wp-json\/wp\/v2\/media?parent=53253"}],"wp:term":[{"taxonomy":"category","embeddable":true,"href":"http:\/\/hoycordobaweb.com\/index.php\/wp-json\/wp\/v2\/categories?post=53253"},{"taxonomy":"post_tag","embeddable":true,"href":"http:\/\/hoycordobaweb.com\/index.php\/wp-json\/wp\/v2\/tags?post=53253"}],"curies":[{"name":"wp","href":"https:\/\/api.w.org\/{rel}","templated":true}]}}