{"id":53241,"date":"2022-12-27T06:21:24","date_gmt":"2022-12-27T06:21:24","guid":{"rendered":"https:\/\/www.mujerhoy.com\/moda\/no-te-pierdas\/bolsos-made-spain-arrasan-instagram-llevan-reinas-letizia-rania-jordania-20221227072124-nt.html"},"modified":"2022-12-27T06:21:24","modified_gmt":"2022-12-27T06:21:24","slug":"los-cinco-bolsos-made-in-spain-que-arrasan-en-instagram-y-no-se-quitan-las-royals-de-rania-de-jordania-a-la-reina-letizia","status":"publish","type":"post","link":"http:\/\/hoycordobaweb.com\/index.php\/2022\/12\/27\/los-cinco-bolsos-made-in-spain-que-arrasan-en-instagram-y-no-se-quitan-las-royals-de-rania-de-jordania-a-la-reina-letizia\/","title":{"rendered":"Los cinco bolsos made in Spain que arrasan en Instagram y no se quitan las royals, de Rania de Jordania a la reina Letizia"},"content":{"rendered":"<p><!-- AUTHOR --><!-- COMPONENTS --><\/p>\n<p class=\"voc-paragraph\">A pesar de que las prendas integran una parte esencial de cualquier look, no lo son todo. En este divertido juego llamado moda, los complementos tienen un papel decisivo, ya que poseen en su reducida dimensi\u00f3n el gran poder de llevar el estilismo a otro nivel. Son elegidos a dedo para completar los <a data-voc-vtm-id=\"in-text-traffic\" href=\"https:\/\/www.mujerhoy.com\/moda\/no-te-pierdas\/blusa-zara-tendencia-barata-arrasa-royals-look-elegante-traje-20221001092409-nt.html\" title=\"www.mujerhoy.com\">looks<\/a> aport\u00e1ndoles un aire concreto, a veces relajado y otras un toque de sofisticaci\u00f3n. En ocasiones estos elementos quedan en un segundo plano, pero en otras acaparan todas las miradas. Entre los accesorios que brillan con luz propia, los <a data-voc-vtm-id=\"in-text-traffic\" href=\"https:\/\/www.mujerhoy.com\/moda\/no-te-pierdas\/bolso-parfois-barato-francesas-look-fiesta-20221207072012-nt.html\" title=\"www.mujerhoy.com\">bolsos<\/a> cuentan con un espacio privilegiado.\n<\/p>\n<p class=\"voc-paragraph\">Son capaces de eclipsar al resto de los elementos de un estilismo en las alfombras rojas de la mano de las estrellas del momento y tambi\u00e9n en los looks del street style gracias a las principales referentes de estilo. Incluso estos <a data-voc-vtm-id=\"in-text-traffic\" href=\"https:\/\/www.mujerhoy.com\/moda\/no-te-pierdas\/bolso-negro-practico-comodo-ponible-pega-con-todo-favorito-influencers-20221120131056-nt.html\" title=\"www.mujerhoy.com\">complementos<\/a> fundamentales por su funcionalidad y est\u00e9tica se han proclamado objeto de deseo a nivel mundial. En plena era digital, se convierten en creaciones virales en las redes y hasta terminan en el guardarropa de las <strong>royal mejor vestidas<\/strong>. <\/p>\n<p class=\"voc-paragraph\">S\u00ed, estas estilosas mujeres tambi\u00e9n apuestan por el made in Spain en el terreno de los bolsos. Efectivamente, la reina Letizia, Mary de Dinamarca, Meghan Markle o Rania de Jordania ya se han dejado conquistar por estos complementos que son producto nacional y que arrasan en Instagram.\n<\/p>\n<p><h3 class=\"voc-detail__title\"> Heden, elegida por la reina Letizia<br \/>\n<\/h3>\n<\/p>\n<div class=\"voc-detail__cmp\">\n<div class=\"voc-article-container\">\n<article class=\"voc-article voc-article--cmp-photo-text\" readability=\"26\">\n<div class=\"voc-img-container\" readability=\"7\"><picture>\n<div class=\"voc-horizontal voc-img-icon-link\"><img class=\"lazy\" loading=\"lazy\" data-original=\"\/\/static3.mujerhoy.com\/www\/multimedia\/202212\/05\/media\/cortadas\/bolsos-made-in-Spain--instagram-royals-heden-kZ3F--624x624@MujerHoy.jpg\" alt=\"Imagen de la reina Leticia con su bolso Heden. \"><\/div>\n<\/picture>\n<p class=\"figure-caption \"> Imagen de la reina Leticia con su bolso Heden. \/ <span class=\"voc-photo-author\"> @teatimewithroyals <\/span><\/p>\n<\/div>\n<\/article>\n<\/div>\n<\/div>\n<p class=\"voc-paragraph\">La <strong>reina Letizia<\/strong> abr\u00eda la veda el pasado mes de junio. Eleg\u00eda para visitar la Real F\u00e1brica de Cristales de La Granja de San Ildefonso junto a los acompa\u00f1antes de los jefes de Estado y de Gobierno asistentes a la Cumbre de la OTAN un bolso de la marca espa\u00f1ola <strong>Heden<\/strong>, nacida en Andaluc\u00eda en este mismo a\u00f1o. <\/p>\n<p class=\"voc-paragraph\">Se trata del modelo Shoulder en tama\u00f1o peque\u00f1o que pertenece a Drap\u00e9, la primera colecci\u00f3n de la casa. Un discreto dise\u00f1o gris suave elaborado artesanalmente en Ubrique y que tiene un precio de 930 euros (todav\u00eda se encuentra disponible).\n<\/p>\n<div class=\"voc-detail__cmp\">\n<div class=\"voc-article-container\">\n<article class=\"voc-article voc-article--cmp-photo-text\" readability=\"26\">\n<div class=\"voc-img-container\" readability=\"7\"><picture>\n<div class=\"voc-horizontal voc-img-icon-link\"><img class=\"lazy\" loading=\"lazy\" data-original=\"\/\/static1.mujerhoy.com\/www\/multimedia\/202212\/05\/media\/cortadas\/unnamed-kZ3F--624x624@MujerHoy.jpg\" alt=\"La dise\u00f1adora e influencer catalana Alex Rivi\u00e8re con su bolso Heden. \"><\/div>\n<\/picture>\n<p class=\"figure-caption \"> La dise\u00f1adora e influencer catalana Alex Rivi\u00e8re con su bolso Heden. \/ <span class=\"voc-photo-author\"> @AlexRivi\u00e8re <\/span><\/p>\n<\/div>\n<\/article>\n<\/div>\n<\/div>\n<p class=\"voc-paragraph\">Pero la reina <strong>Letizia<\/strong> no es la \u00fanica mujer que ha ca\u00eddo rendida frente al encanto de los bolsos artesanales de la firma espa\u00f1ola. La dise\u00f1adora e influencer catalana Alex Rivi\u00e8re posaba con otro dise\u00f1o de la marca. En concreto, con el modelo Bucket mini en marr\u00f3n.\n<\/p>\n<div class=\"voc-detail__cmp\">\n<div class=\"voc-article-container\">\n<article class=\"voc-article voc-article--cmp-photo-text\" readability=\"26\">\n<div class=\"voc-img-container\" readability=\"7\"><picture>\n<div class=\"voc-horizontal voc-img-icon-link\"><img class=\"lazy\" loading=\"lazy\" data-original=\"\/\/static3.mujerhoy.com\/www\/multimedia\/202212\/05\/media\/cortadas\/unnamed%20(7)-kZ3F--624x624@MujerHoy.jpg\" alt=\"La modelo Rocio Crusset con su dise\u00f1o de la firma Heden.\"><\/div>\n<\/picture>\n<p class=\"figure-caption \"> La modelo Rocio Crusset con su dise\u00f1o de la firma Heden. \/ <span class=\"voc-photo-author\"> @Rociocrusset <\/span><\/p>\n<\/div>\n<\/article>\n<\/div>\n<\/div>\n<p class=\"voc-paragraph\">Y la lista contin\u00faa. La modelo Rocio Crusset y la periodista Bea Corta se dejaban ver con el dise\u00f1o Tote, ambas con el tama\u00f1o grande, pero cada una en un color diferente. Roc\u00edo eleg\u00eda el negro y Bea el marr\u00f3n.\n<\/p>\n<p><h3 class=\"voc-detail__title\"> El amor de Mary de Dinamarca por el modelo Gate de Loewe<br \/>\n<\/h3>\n<\/p>\n<div class=\"voc-detail__cmp\">\n<div class=\"voc-article-container\">\n<article class=\"voc-article voc-article--cmp-photo-text\" readability=\"26\">\n<div class=\"voc-img-container\" readability=\"7\"><picture>\n<div class=\"voc-horizontal voc-img-icon-link\"><img class=\"lazy\" loading=\"lazy\" data-original=\"\/\/static1.mujerhoy.com\/www\/multimedia\/202212\/05\/media\/cortadas\/Mary-de-Dinamarca-kZ3F--624x624@MujerHoy.jpg\" alt=\"Imagen de Mary&nbsp;de Dinamarca.\"><\/div>\n<\/picture>\n<p class=\"figure-caption \"> Imagen de Mary&nbsp;de Dinamarca. \/ <span class=\"voc-photo-author\"> @Merye\u00f1izabethdedinamarca <\/span><\/p>\n<\/div>\n<\/article>\n<\/div>\n<\/div>\n<p class=\"voc-paragraph\">La futura reina danesa sigue apostando por la moda de nuestro pa\u00eds. Despu\u00e9s de haber elegido en numerosas ocasiones prendas de firmas como Massimo Dutti o Zara, la <strong>Princesa Mary de Dinamarca<\/strong> se decantaba el pasado mes de abril durante sus vacaciones en Australia \u2013su pa\u00eds natal- por el bolso Gate de la firma espa\u00f1ola Loewe. Una bandolera que la royal ha elegido en marr\u00f3n bronceado.\n<\/p>\n<div class=\"voc-detail__cmp\">\n<div class=\"voc-article-container\">\n<article class=\"voc-article voc-article--cmp-photo-text\" readability=\"26\">\n<div class=\"voc-img-container\" readability=\"7\"><picture>\n<div class=\"voc-horizontal voc-img-icon-link\"><img class=\"lazy\" loading=\"lazy\" data-original=\"\/\/static3.mujerhoy.com\/www\/multimedia\/202212\/05\/media\/cortadas\/Gala-gonzalez-kZ3F--624x624@MujerHoy.jpg\" alt=\"Gala Gonz\u00e1lez con su modelo Gate de Loewe. \"><\/div>\n<\/picture>\n<p class=\"figure-caption \"> Gala Gonz\u00e1lez con su modelo Gate de Loewe. \/ <span class=\"voc-photo-author\"> @Galagonzalez <\/span><\/p>\n<\/div>\n<\/article>\n<\/div>\n<\/div>\n<p class=\"voc-paragraph\">El modelo de la firma espa\u00f1ola, capitaneada por Jonathan Anderson desde el a\u00f1o 2013, adem\u00e1s de conquistar a <strong>Mary de Dinamarca<\/strong>, tambi\u00e9n ha enamorado a las principales influencers, como Gala Gonz\u00e1lez, Blanca Mir\u00f3 o Camille Charrier. <\/p>\n<p><h3 class=\"voc-detail__title\"> Rania de Jordania, fascinada por los bolsos de Tissa Fontaneda<br \/>\n<\/h3>\n<\/p>\n<div class=\"voc-detail__cmp\">\n<div class=\"voc-article-container\">\n<article class=\"voc-article voc-article--cmp-photo-text\" readability=\"26\">\n<div class=\"voc-img-container\" readability=\"7\"><picture>\n<div class=\"voc-horizontal voc-img-icon-link\"><img class=\"lazy\" loading=\"lazy\" data-original=\"\/\/static3.mujerhoy.com\/www\/multimedia\/202212\/05\/media\/cortadas\/Rania-de-Jordania-1-kZ3F--624x624@MujerHoy.jpg\" alt=\"Rania de Jordania con su bolso de Tissa&nbsp;Fontaneda. \"><\/div>\n<\/picture>\n<p class=\"figure-caption \"> Rania de Jordania con su bolso de Tissa&nbsp;Fontaneda. \/ <span class=\"voc-photo-author\"> @Tissafontaneda <\/span><\/p>\n<\/div>\n<\/article>\n<\/div>\n<\/div>\n<p class=\"voc-paragraph\">Hace tiempo que <strong>Rania de Jordania<\/strong> mantiene un intenso romance con la moda espa\u00f1ola. La monarca hachemita es fiel a casas patrias como Loewe o Roberto Verino. Un gusto por la moda de nuestro pa\u00eds que le ha llevado a lucir dos bolsos \u00abbubble\u00bb o de \u00abpiel burbuja\u00bb de la firma hom\u00f3nima de Tissa Fontaneda (M\u00fanich, 1965).\n<\/p>\n<div class=\"voc-detail__cmp\">\n<div class=\"voc-article-container\">\n<article class=\"voc-article voc-article--cmp-photo-text\" readability=\"26\">\n<div class=\"voc-img-container\" readability=\"7\"><picture>\n<div class=\"voc-horizontal voc-img-icon-link\"><img class=\"lazy\" loading=\"lazy\" data-original=\"\/\/static.mujerhoy.com\/www\/multimedia\/202212\/05\/media\/bolsos-made-in-spain-instagram-royal\/Rania-de-Jordania-2.jpg\" alt=\"Rania de Jordania con su bolso de Tissa&nbsp;Fontaneda. \"><\/div>\n<\/picture>\n<p class=\"figure-caption \"> Rania de Jordania con su bolso de Tissa&nbsp;Fontaneda. \/ <span class=\"voc-photo-author\"> @Tissafontaneda <\/span><\/p>\n<\/div>\n<\/article>\n<\/div>\n<\/div>\n<p class=\"voc-paragraph\">A principios de a\u00f1o, la pudimos ver con el modelo <strong>Lola<\/strong> para visitar las oficinas de Maqsam, en Amman. Un dise\u00f1o que se caracteriza por su silueta cil\u00edndrica, su cierre de cremallera y su correa tejida de algod\u00f3n extra\u00edble con un patr\u00f3n de espiga geom\u00e9trico en contraste. La pieza est\u00e1 hecha a mano por h\u00e1biles artesanos europeos utilizando la piel de cordero de napa suave y aterciopelada m\u00e1s fina.\n<\/p>\n<p class=\"voc-paragraph\">Pero eso no era todo. Este pasado mes de agosto, la monarca eleg\u00eda para visitar a LIVINC incubator, en Zai, el modelo <strong>Rock Me<\/strong>. Un dise\u00f1o de bandolera verde que cuesta 650 euros.\n<\/p>\n<div class=\"voc-detail__cmp\">\n<div class=\"voc-article-container\">\n<article class=\"voc-article voc-article--cmp-photo-text\" readability=\"26\">\n<div class=\"voc-img-container\" readability=\"7\"><picture>\n<div class=\"voc-horizontal voc-img-icon-link\"><img class=\"lazy\" loading=\"lazy\" data-original=\"\/\/static1.mujerhoy.com\/www\/multimedia\/202212\/05\/media\/cortadas\/unnamed%20(1)-kZ3F-U180946338837AnG-624x680@MujerHoy.jpg\" alt=\"Barbara Katz con su bolso de Tissa&nbsp;Fontaneda. \"><\/div>\n<\/picture>\n<p class=\"figure-caption \"> Barbara Katz con su bolso de Tissa&nbsp;Fontaneda. \/ <span class=\"voc-photo-author\"> @Tissafontaneda <\/span><\/p>\n<\/div>\n<\/article>\n<\/div>\n<\/div>\n<p class=\"voc-paragraph\">Despu\u00e9s de haber conquistado a la reina <strong>Letizia<\/strong>, Sof\u00eda Palazuelo, Valentina Su\u00e1rez-Zuloaga o Jennifer Garner, la firma de bolsos de Tissa Fontaneda se ha convertido en todo un fen\u00f3meno en Instagram. Sus dise\u00f1os tambi\u00e9n han conquistado a numerosas creadoras digitales, desde Barbara Katz, de Vogue Brasil, hasta Pilar de Arce. <\/p>\n<p><h3 class=\"voc-detail__title\"> Meghan Markle, enamorada de los bolsos de DeMellier<br \/>\n<\/h3>\n<\/p>\n<div class=\"voc-detail__cmp\">\n<div class=\"voc-article-container\">\n<article class=\"voc-article voc-article--cmp-photo-text\" readability=\"26\">\n<div class=\"voc-img-container\" readability=\"7\"><picture>\n<div class=\"voc-horizontal voc-img-icon-link\"><img class=\"lazy\" loading=\"lazy\" data-original=\"\/\/static2.mujerhoy.com\/www\/multimedia\/202212\/07\/media\/cortadas\/unnamed-kpiE--624x624@MujerHoy.jpg\" alt=\"Meghan Markle.\"><\/div>\n<\/picture>\n<p class=\"figure-caption \"> Meghan Markle. \/ <span class=\"voc-photo-author\"> @marklemeganoffical <\/span><\/p>\n<\/div>\n<\/article>\n<\/div>\n<\/div>\n<p class=\"voc-paragraph\">Los bolsos de la firma espa\u00f1ola <strong>DeMellier<\/strong>, fundada por la catalana Mireia Llusia-Lindh en 2017, se han proclamado uno de los favoritos de<br \/>\n<strong> Meghan Markle<\/strong>. Ya la pudimos ver con el modelo Mini Venice de la marca durante una visita al Castillo de Cardiff. Un dise\u00f1o verde oscuro con el que la duquesa de Sussex romp\u00eda su look monocrom\u00e1tico negro.\n<\/p>\n<p class=\"voc-paragraph\">Pero ella no es la \u00fanica royal que le ha entregado parte de su coraz\u00f3n a esta casa que confecciona sus piezas con materiales de calidad y en talleres espa\u00f1oles. Sus piezas, de est\u00e9tica pulida y minimalista, llevan meses colgadas del hombro de la princesa Beatrice, <strong>Camila de Cornualles<\/strong> o Pippa Middleton.\n<\/p>\n<div class=\"voc-detail__cmp\">\n<div class=\"voc-article-container\">\n<article class=\"voc-article voc-article--cmp-photo-text\" readability=\"26\">\n<div class=\"voc-img-container\" readability=\"7\"><picture>\n<div class=\"voc-horizontal voc-img-icon-link\"><img class=\"lazy\" loading=\"lazy\" data-original=\"\/\/static.mujerhoy.com\/www\/multimedia\/202212\/05\/media\/cortadas\/Meghan-Markle-DeMellier-kZ3F--624x624@MujerHoy.jpg\" alt=\"El modelo de la firma DeMellier que enamor\u00f3 a Meghan Markle. \"><\/div>\n<\/picture>\n<p class=\"figure-caption \"> El modelo de la firma DeMellier que enamor\u00f3 a Meghan Markle. \/ <span class=\"voc-photo-author\"> @DeMellier <\/span><\/p>\n<\/div>\n<\/article>\n<\/div>\n<\/div>\n<p class=\"voc-paragraph\">Ya lejos de las mujeres m\u00e1s estilosas de la realeza, la lista de celebrities que tambi\u00e9n han elegido esta firma de lujo es dilatada: va de <strong>Beyonce o Emily Blunt<\/strong> a Lara Stone e Irina Shayk, entre otras. <\/p>\n<div class=\"voc-detail__cmp\">\n<div class=\"voc-article-container\">\n<article class=\"voc-article voc-article--cmp-photo-text\" readability=\"26\">\n<div class=\"voc-img-container\" readability=\"7\"><picture>\n<div class=\"voc-horizontal voc-img-icon-link\"><img class=\"lazy\" loading=\"lazy\" data-original=\"\/\/static2.mujerhoy.com\/www\/multimedia\/202212\/07\/media\/cortadas\/unnamed%20(1)-kpiE--624x624@MujerHoy.jpg\" alt=\"Marta Handrich con un bolso de la firma DeMellier.\"><\/div>\n<\/picture>\n<p class=\"figure-caption \"> Marta Handrich con un bolso de la firma DeMellier. \/ <span class=\"voc-photo-author\"> @martahandrich <\/span><\/p>\n<\/div>\n<\/article>\n<\/div>\n<\/div>\n<p class=\"voc-paragraph\">Unos especiales dise\u00f1os que tambi\u00e9n han enamorado a las principales influencers del momento, como la tiktoker Adisson Rae o la periodista de moda <strong>Marta Handrich<\/strong>. Se trata de unos bolsos que siguen alcanzando una cuota de popularidad digna de sus portadoras.\n<\/p>\n<p><h3 class=\"voc-detail__title\"> El flechazo de Victoria Federica por un bolso de la firma Olivia Mareque<br \/>\n<\/h3>\n<\/p>\n<div class=\"voc-detail__cmp\">\n<div class=\"voc-article-container\">\n<article class=\"voc-article voc-article--cmp-photo-text\" readability=\"26\">\n<div class=\"voc-img-container\" readability=\"7\"><picture>\n<div class=\"voc-horizontal voc-img-icon-link\"><img class=\"lazy\" loading=\"lazy\" data-original=\"\/\/static3.mujerhoy.com\/www\/multimedia\/202212\/07\/media\/cortadas\/unnamed%20(3)-kpiE--624x624@MujerHoy.jpg\" alt=\"Instagram stories compartido por Victoria Federica.\"><\/div>\n<\/picture>\n<p class=\"figure-caption \"> Instagram stories compartido por Victoria Federica. <span class=\"voc-photo-author\"><\/span><\/p>\n<\/div>\n<\/article>\n<\/div>\n<\/div>\n<p class=\"voc-paragraph\"><strong>Victoria Federica<\/strong> se ha convertido en una de las principales referentes de estilo de nuestro pa\u00eds. La royal muestra en su cuenta de Instagram, donde supera los 220 mil seguidores, las firmas que elige para conseguir sus distintivos looks. Mientras que en sus im\u00e1genes podemos apreciar que no se separa de sus adoradas deportivas Nike, sus Instagram stories nos han desvelado la firma de bolsos que la ha conquistado. Se llama Olivia Mareque y es espa\u00f1ola.\n<\/p>\n<div class=\"voc-detail__cmp\">\n<div class=\"voc-article-container\">\n<article class=\"voc-article voc-article--cmp-photo-text\" readability=\"26\">\n<div class=\"voc-img-container\" readability=\"7\"><picture>\n<div class=\"voc-horizontal voc-img-icon-link\"><img class=\"lazy\" loading=\"lazy\" data-original=\"\/\/static.mujerhoy.com\/www\/multimedia\/202212\/07\/media\/cortadas\/unnamed%20(2)-kpiE--624x624@MujerHoy.jpg\" alt=\"Mar\u00eda Fern\u00e1ndez Rubies con su bolso Olivia Mareque. \"><\/div>\n<\/picture>\n<p class=\"figure-caption \"> Mar\u00eda Fern\u00e1ndez Rubies con su bolso Olivia Mareque. \/ <span class=\"voc-photo-author\"> @mariafrubies <\/span><\/p>\n<\/div>\n<\/article>\n<\/div>\n<\/div>\n<p class=\"voc-paragraph\">La sobrina del Rey se ha llevado en la maleta para visitar Ibiza un llamativo bolso con doble cadena de resina y met\u00e1lica. Una creaci\u00f3n de una marca que fabrica en Elche bolsos atemporales que destacan por sus correas intercambiables.\n<\/p>\n<div class=\"voc-detail__cmp\">\n<div class=\"voc-article-container\">\n<article class=\"voc-article voc-article--cmp-photo-text\" readability=\"26\">\n<div class=\"voc-img-container\" readability=\"7\"><picture>\n<div class=\"voc-horizontal voc-img-icon-link\"><img class=\"lazy\" loading=\"lazy\" data-original=\"\/\/static2.mujerhoy.com\/www\/multimedia\/202212\/07\/media\/cortadas\/unnamed%20(4)-kpiE--624x624@MujerHoy.jpg\" alt=\"Marta Soriano con su bolso Olivia Mareque.\"><\/div>\n<\/picture>\n<p class=\"figure-caption \"> Marta Soriano con su bolso Olivia Mareque. \/ <span class=\"voc-photo-author\"> @martasorianob <\/span><\/p>\n<\/div>\n<\/article>\n<\/div>\n<\/div>\n<p class=\"voc-paragraph\">Mientras que Victoria Federica lo eleg\u00eda en fucsia, la conocida influencer <strong>Mar\u00eda Fern\u00e1ndez Rubies<\/strong> se decantaba por un modelo lila. Un tono que tambi\u00e9n atrap\u00f3 a In\u00e9s B\u00e1rbara. Marta Soriano, sin embargo, lo prefiri\u00f3 en rojo. El caso es que los bolsos de esta marca espa\u00f1ola est\u00e1n hasta en sopa o, mejor dicho, en los armarios de todas las referentes de estilo.\n<\/p>\n<p><!-- TOPICS --><\/p>\n","protected":false},"excerpt":{"rendered":"<p>A pesar de que las prendas integran una parte esencial de cualquier look, no lo son todo. En este divertido juego llamado moda, los complementos tienen un papel decisivo, ya que poseen en su reducida dimensi\u00f3n el gran poder de llevar el estilismo a otro nivel. Son elegidos a dedo para completar los looks aport\u00e1ndoles [&hellip;]<\/p>\n","protected":false},"author":1,"featured_media":53242,"comment_status":"closed","ping_status":"closed","sticky":false,"template":"","format":"standard","meta":[],"categories":[1],"tags":[],"_links":{"self":[{"href":"http:\/\/hoycordobaweb.com\/index.php\/wp-json\/wp\/v2\/posts\/53241"}],"collection":[{"href":"http:\/\/hoycordobaweb.com\/index.php\/wp-json\/wp\/v2\/posts"}],"about":[{"href":"http:\/\/hoycordobaweb.com\/index.php\/wp-json\/wp\/v2\/types\/post"}],"author":[{"embeddable":true,"href":"http:\/\/hoycordobaweb.com\/index.php\/wp-json\/wp\/v2\/users\/1"}],"replies":[{"embeddable":true,"href":"http:\/\/hoycordobaweb.com\/index.php\/wp-json\/wp\/v2\/comments?post=53241"}],"version-history":[{"count":0,"href":"http:\/\/hoycordobaweb.com\/index.php\/wp-json\/wp\/v2\/posts\/53241\/revisions"}],"wp:featuredmedia":[{"embeddable":true,"href":"http:\/\/hoycordobaweb.com\/index.php\/wp-json\/wp\/v2\/media\/53242"}],"wp:attachment":[{"href":"http:\/\/hoycordobaweb.com\/index.php\/wp-json\/wp\/v2\/media?parent=53241"}],"wp:term":[{"taxonomy":"category","embeddable":true,"href":"http:\/\/hoycordobaweb.com\/index.php\/wp-json\/wp\/v2\/categories?post=53241"},{"taxonomy":"post_tag","embeddable":true,"href":"http:\/\/hoycordobaweb.com\/index.php\/wp-json\/wp\/v2\/tags?post=53241"}],"curies":[{"name":"wp","href":"https:\/\/api.w.org\/{rel}","templated":true}]}}