{"id":53227,"date":"2022-12-27T01:19:00","date_gmt":"2022-12-27T01:19:00","guid":{"rendered":"https:\/\/www.ole.com.ar\/seleccion\/dibumartinez-padel-abrazo-joven_0_SGhAhAY0BK.html"},"modified":"2022-12-27T01:19:00","modified_gmt":"2022-12-27T01:19:00","slug":"el-lindo-gesto-de-dibu-martinez-mientras-jugaba-al-padel","status":"publish","type":"post","link":"http:\/\/hoycordobaweb.com\/index.php\/2022\/12\/27\/el-lindo-gesto-de-dibu-martinez-mientras-jugaba-al-padel\/","title":{"rendered":"El lindo gesto de Dibu Mart\u00ednez mientras jugaba al p\u00e1del"},"content":{"rendered":"<p><img src=\"http:\/\/hoycordobaweb.com\/wp-content\/uploads\/2022\/12\/el-lindo-gesto-de-dibu-martinez-mientras-jugaba-al-padel.jpg\"><\/p>\n<div class=\"custom-text \" readability=\"11.717333333333\">\n<p>Todav\u00eda en Argentina luego de haber sido homenajeado hace unos d\u00edas en Mar del Plata y <a href=\"https:\/\/www.ole.com.ar\/seleccion\/martinez-navidad-ferpalacio-dj-mardelplata_0_vdnd6I7BeY.html\" target=\"_blank\" rel=\"noopener noreferrer\">de haber pasado la Navidad en familia<\/a>, <strong>Dibu Mart\u00ednez aprovech\u00f3 un rato de su descanso para jugar otra vez al p\u00e1del.<\/strong> S\u00ed, vestido con ropa de entrenamiento de la Selecci\u00f3n el arquero concurri\u00f3 a un complejo de la ciudad para divertirse en esta actividad. Claro, de forma recreativa.<\/p>\n<\/div>\n<div class=\"sc-489cef11-0 jHGTKj\" readability=\"6\">\n<section readability=\"2\"><picture><img class=\"img\" src=\"http:\/\/hoycordobaweb.com\/wp-content\/uploads\/2022\/12\/el-lindo-gesto-de-dibu-martinez-mientras-jugaba-al-padel-2.jpg\" alt=\"Fen\u00f3meno Selecci\u00f3n: fanas al estilo equipos\" height=\"290\" width=\"290\" loading=\"lazy\"><\/picture>\n<p><span>Mir\u00e1 tambi\u00e9n<\/span><\/p>\n<hr>\n<h3>Fen\u00f3meno Selecci\u00f3n: fanas al estilo equipos<\/h3>\n<\/p>\n<\/section>\n<\/div>\n<div class=\"sc-489cef11-0 jHGTKj\" readability=\"6.5\">\n<section readability=\"3\"><picture><img class=\"img\" src=\"http:\/\/hoycordobaweb.com\/wp-content\/uploads\/2022\/12\/el-lindo-gesto-de-dibu-martinez-mientras-jugaba-al-padel-3.jpg\" alt=\"&quot;No saben lo que se perdieron&quot;: la historia detr\u00e1s de la bandera en el Cementerio de Lan\u00fas\" height=\"290\" width=\"290\" loading=\"lazy\"><\/picture>\n<p><span>Mir\u00e1 tambi\u00e9n<\/span><\/p>\n<hr>\n<h3>\u00abNo saben lo que se perdieron\u00bb: la historia detr\u00e1s de la bandera en el Cementerio de Lan\u00fas<\/h3>\n<\/p>\n<\/section>\n<\/div>\n<div class=\"custom-text \" readability=\"11\">\n<p>Y en plena canchita, con mucha buena onda saludando a los que se acercaron a felicitarlo y agradecerle por lo hecho en Qatar<strong>, Dibu Mart\u00ednez protagoniz\u00f3 un momento particular con un joven con S\u00edndrome de Down.<\/strong><\/p>\n<\/div>\n<div class=\"sc-996041c8-0 kvfKM\"><img alt=\"El gesto de Dibu Mart\u00ednez\" src=\"http:\/\/hoycordobaweb.com\/wp-content\/uploads\/2022\/12\/el-lindo-gesto-de-dibu-martinez-mientras-jugaba-al-padel-4.jpg\" width=\"720\" height=\"0\" decoding=\"async\" data-nimg=\"future\" loading=\"lazy\"><span>El gesto de Dibu Mart\u00ednez<\/span><\/div>\n<div class=\"sc-489cef11-0 jHGTKj\" readability=\"6\">\n<section readability=\"2\"><picture><img class=\"img\" src=\"http:\/\/hoycordobaweb.com\/wp-content\/uploads\/2022\/12\/el-lindo-gesto-de-dibu-martinez-mientras-jugaba-al-padel-5.jpg\" alt=\"Coppola: la c\u00e1bala con Juli\u00e1n y &quot;soy Messista y Maradonista&quot;\" height=\"290\" width=\"290\" loading=\"lazy\"><\/picture>\n<p><span>Mir\u00e1 tambi\u00e9n<\/span><\/p>\n<hr>\n<h3>Coppola: la c\u00e1bala con Juli\u00e1n y \u00absoy Messista y Maradonista\u00bb<\/h3>\n<\/p>\n<\/section>\n<\/div>\n<div class=\"custom-text \" readability=\"9\">\n<p>El chico se acerc\u00f3 para pedirle un aut\u00f3grafo y el arquero del Aston Villa de Inglaterra accedi\u00f3 gentilmente. Le firm\u00f3 una camiseta de la Selecci\u00f3n y le dio un abrazo.<strong> El momento fue filmado y repercuti\u00f3 r\u00e1pidamente a trav\u00e9s de redes sociales.<\/strong><\/p>\n<\/div>\n<div class=\"sc-88287e78-0 hmcJvF\">\n<div class=\"sc-88287e78-1 idaaCN videoText\" id=\"contentTitleundefinedt4BtXo6g\" readability=\"6\"><svg fill=\"#ffffff\"><symbol id=\"play\" viewBox=\"0 0 512 512\"><path d=\"M512 256C512 397.4 397.4 512 256 512C114.6 512 0 397.4 0 256C0 114.6 114.6 0 256 0C397.4 0 512 114.6 512 256zM176 168V344C176 352.7 180.7 360.7 188.3 364.9C195.8 369.2 205.1 369 212.5 364.5L356.5 276.5C363.6 272.1 368 264.4 368 256C368 247.6 363.6 239.9 356.5 235.5L212.5 147.5C205.1 142.1 195.8 142.8 188.3 147.1C180.7 151.3 176 159.3 176 168V168z\" \/><\/symbol><use xlink:href=\"#play\" \/><\/svg><\/p>\n<div class=\"right\" readability=\"7\">\n<p>Dibu Mart\u00ednez<!-- --> &#8211; <span>26-12-2022<\/span><\/p>\n<h2 class=\"title-vid\">Dibu Mart\u00ednez jug\u00f3 al padel y firm\u00f3 la camiseta a un joven<\/h2>\n<\/div>\n<\/div>\n<p><span class=\"back\" id=\"spanBackundefinedt4BtXo6g\"><\/span><\/div>\n<div class=\"sc-489cef11-0 jHGTKj\" readability=\"6\">\n<section readability=\"2\"><picture><img class=\"img\" src=\"http:\/\/hoycordobaweb.com\/wp-content\/uploads\/2022\/12\/el-lindo-gesto-de-dibu-martinez-mientras-jugaba-al-padel-6.jpg\" alt=\"Qu\u00e9 dijo el chico al que Messi le cont\u00f3 su tratamiento y lo ayud\u00f3\" height=\"290\" width=\"290\" loading=\"lazy\"><\/picture>\n<p><span>Mir\u00e1 tambi\u00e9n<\/span><\/p>\n<hr>\n<h3>Qu\u00e9 dijo el chico al que Messi le cont\u00f3 su tratamiento y lo ayud\u00f3<\/h3>\n<\/p>\n<\/section>\n<\/div>\n<div class=\"custom-text \" readability=\"9\">\n<p>Desde luego, despu\u00e9s hubo lugar para que Mart\u00ednez le diera a la paleta y a la pelotita. \u00bfHabr\u00e1 ganado? <\/p>\n<\/div>\n<div class=\"sc-996041c8-0 kvfKM\"><img alt=\"El tatuaje del Dibu por el Mundial.\" src=\"http:\/\/hoycordobaweb.com\/wp-content\/uploads\/2022\/12\/el-lindo-gesto-de-dibu-martinez-mientras-jugaba-al-padel-7.jpg\" width=\"720\" height=\"0\" decoding=\"async\" data-nimg=\"future\" loading=\"lazy\"><span>El tatuaje del Dibu por el Mundial.<\/span><\/div>\n<p><h2><strong>LA AGENDA DE ASTON VILLA<\/strong><\/h2><\/p>\n","protected":false},"excerpt":{"rendered":"<p>Todav\u00eda en Argentina luego de haber sido homenajeado hace unos d\u00edas en Mar del Plata y de haber pasado la Navidad en familia, Dibu Mart\u00ednez aprovech\u00f3 un rato de su descanso para jugar otra vez al p\u00e1del. S\u00ed, vestido con ropa de entrenamiento de la Selecci\u00f3n el arquero concurri\u00f3 a un complejo de la ciudad [&hellip;]<\/p>\n","protected":false},"author":1,"featured_media":53228,"comment_status":"open","ping_status":"closed","sticky":false,"template":"","format":"standard","meta":[],"categories":[16],"tags":[],"_links":{"self":[{"href":"http:\/\/hoycordobaweb.com\/index.php\/wp-json\/wp\/v2\/posts\/53227"}],"collection":[{"href":"http:\/\/hoycordobaweb.com\/index.php\/wp-json\/wp\/v2\/posts"}],"about":[{"href":"http:\/\/hoycordobaweb.com\/index.php\/wp-json\/wp\/v2\/types\/post"}],"author":[{"embeddable":true,"href":"http:\/\/hoycordobaweb.com\/index.php\/wp-json\/wp\/v2\/users\/1"}],"replies":[{"embeddable":true,"href":"http:\/\/hoycordobaweb.com\/index.php\/wp-json\/wp\/v2\/comments?post=53227"}],"version-history":[{"count":0,"href":"http:\/\/hoycordobaweb.com\/index.php\/wp-json\/wp\/v2\/posts\/53227\/revisions"}],"wp:featuredmedia":[{"embeddable":true,"href":"http:\/\/hoycordobaweb.com\/index.php\/wp-json\/wp\/v2\/media\/53228"}],"wp:attachment":[{"href":"http:\/\/hoycordobaweb.com\/index.php\/wp-json\/wp\/v2\/media?parent=53227"}],"wp:term":[{"taxonomy":"category","embeddable":true,"href":"http:\/\/hoycordobaweb.com\/index.php\/wp-json\/wp\/v2\/categories?post=53227"},{"taxonomy":"post_tag","embeddable":true,"href":"http:\/\/hoycordobaweb.com\/index.php\/wp-json\/wp\/v2\/tags?post=53227"}],"curies":[{"name":"wp","href":"https:\/\/api.w.org\/{rel}","templated":true}]}}