{"id":53217,"date":"2022-12-26T23:02:33","date_gmt":"2022-12-26T23:02:33","guid":{"rendered":"https:\/\/ladecimaweb.com\/?p=15546"},"modified":"2022-12-26T23:02:33","modified_gmt":"2022-12-26T23:02:33","slug":"familias-con-miembros-con-discapacidad-recibieron-ayuda-economica","status":"publish","type":"post","link":"http:\/\/hoycordobaweb.com\/index.php\/2022\/12\/26\/familias-con-miembros-con-discapacidad-recibieron-ayuda-economica\/","title":{"rendered":"Familias con miembros con discapacidad recibieron ayuda econ\u00f3mica"},"content":{"rendered":"<div class=\"boldgrid-section\">\n<div class=\"container\">\n<div class=\"row\">\n<div class=\"col-md-12 col-xs-12 col-sm-12\">\n<p>La Municipalidad de C\u00f3rdoba, a trav\u00e9s del Programa \u201cM\u00e1s Accesible, Mejor Vivir\u201d, entreg\u00f3 436 ayudas econ\u00f3micas a familias con miembros con discapacidad y a personas con discapacidad con alta vulnerabilidad social que residen en la ciudad.<\/p>\n<p>Ya son m\u00e1s de 2000 los cordobeses que accedieron a aportes econ\u00f3micos que les permiten ejecutar inversiones en sus hogares, acondicionar un ba\u00f1o, hacer una rampa de ingreso, mejorando de este modo la calidad de vida de cada familia.<\/p>\n<p>Para la ejecuci\u00f3n de este programa, el Municipio cre\u00f3 el Fondo Integral para las Personas con Discapacidad, Ni\u00f1ez y Adolescencia (Foped), el cual surge del tributo que pagan los vecinos y que tiene como destino directo a estos sectores de la sociedad.<\/p>\n<p>La creaci\u00f3n de una ordenanza que da origen a este fondo implica que su confirmaci\u00f3n trascender\u00e1 a la actual gesti\u00f3n y evitar\u00e1 que quien suceda al intendente Llaryora retire esta partida econ\u00f3mica, que no significa para los vecinos una nueva tasa, ya que su constituci\u00f3n se descuenta de Rentas Generales.<\/p>\n<p class=\"\">En ese marco, el intendente Mart\u00edn Llaryora expres\u00f3: \u201cTenemos que saber que muchos no tienen los recursos necesarios para mejorar sus hogares. Por eso, este programa es clave, no te soluciona todos los temas, pero ayuda a realizar las obras para adaptar un ba\u00f1o o rampas de ingreso&#8221;.<\/p>\n<p>El Intendente inform\u00f3 su decisi\u00f3n de extender el cupo de beneficiarios y elogi\u00f3 la decisi\u00f3n de su gesti\u00f3n de crear un fondo espec\u00edfico por ordenanza, que sale del pago del impuesto inmobiliario, que &#8220;lo transforma en una pol\u00edtica de Estado ya que quien asuma la pr\u00f3xima gesti\u00f3n no podr\u00e1 retirar ese aporte que hacen los contribuyentes y que no se traduce de un aumento de los tributos, sino que se deduce de Rentas Generales&#8221;.<\/p>\n<p>&#8220;Esto significa que todos los a\u00f1os, esta ordenanza, de ahora en m\u00e1s va a sumar recursos para ustedes. Nunca un paso atr\u00e1s, siempre para adelante, que quien me siga, lo ampl\u00ede pero que no se saque nunca m\u00e1s\u201d, enfatiz\u00f3 Llaryora.<\/p>\n<p class=\"\">El viceintendente de la ciudad, Daniel Passerini remarc\u00f3\u201d subray\u00f3 la importancia de este programa: &#8220;Estamos viendo que este programa es el compromiso de la palabra empe\u00f1ada, de haber escuchado y de haberlo ejecutado d\u00e1ndole respuestas a much\u00edsimas familias que nunca hab\u00edan sido escuchadas ni atendidas. El balance de este programa es muy positivo, y no nos vamos a quedar con esto porque queremos llegar a m\u00e1s familias y que llegue a todos los barrios\u201d.<\/p>\n<p class=\"\">En esta oportunidad, el Programa \u201cM\u00e1s Accesible, Mejor Vivir\u201d entreg\u00f3 436 asistencias de $ 120.000 cada una, correspondientes a un pago \u00fanico.<\/p>\n<p>&nbsp;<\/p>\n<div class=\"ubm_banner\"><a href=\"https:\/\/www.cba.gov.ar\" target=\"_blank\" rel=\"dofollow noopener noreferrer\"><img src=\"http:\/\/hoycordobaweb.com\/wp-content\/uploads\/2022\/12\/familias-con-miembros-con-discapacidad-recibieron-ayuda-economica.gif\" alt=\"\"><\/a><\/div>\n<\/div>\n<\/div>\n<\/div>\n<\/div>\n<p>La entrada <a rel=\"nofollow\" href=\"https:\/\/ladecimaweb.com\/familias-con-miembros-con-discapacidad-recibieron-ayuda-economica\/\">Familias con miembros con discapacidad recibieron ayuda econ\u00f3mica<\/a> se public\u00f3 primero en <a rel=\"nofollow\" href=\"https:\/\/ladecimaweb.com\">LaDecima<\/a>.<\/p>\n","protected":false},"excerpt":{"rendered":"<p>La Municipalidad de C\u00f3rdoba, a trav\u00e9s del Programa \u201cM\u00e1s Accesible, Mejor Vivir\u201d, entreg\u00f3 436 ayudas econ\u00f3micas a familias con miembros con discapacidad y a personas con discapacidad con alta vulnerabilidad social que residen en la ciudad. Ya son m\u00e1s de 2000 los cordobeses que accedieron a aportes econ\u00f3micos que les permiten ejecutar inversiones en sus [&hellip;]<\/p>\n","protected":false},"author":1,"featured_media":53218,"comment_status":"closed","ping_status":"closed","sticky":false,"template":"","format":"standard","meta":[],"categories":[19],"tags":[],"_links":{"self":[{"href":"http:\/\/hoycordobaweb.com\/index.php\/wp-json\/wp\/v2\/posts\/53217"}],"collection":[{"href":"http:\/\/hoycordobaweb.com\/index.php\/wp-json\/wp\/v2\/posts"}],"about":[{"href":"http:\/\/hoycordobaweb.com\/index.php\/wp-json\/wp\/v2\/types\/post"}],"author":[{"embeddable":true,"href":"http:\/\/hoycordobaweb.com\/index.php\/wp-json\/wp\/v2\/users\/1"}],"replies":[{"embeddable":true,"href":"http:\/\/hoycordobaweb.com\/index.php\/wp-json\/wp\/v2\/comments?post=53217"}],"version-history":[{"count":0,"href":"http:\/\/hoycordobaweb.com\/index.php\/wp-json\/wp\/v2\/posts\/53217\/revisions"}],"wp:featuredmedia":[{"embeddable":true,"href":"http:\/\/hoycordobaweb.com\/index.php\/wp-json\/wp\/v2\/media\/53218"}],"wp:attachment":[{"href":"http:\/\/hoycordobaweb.com\/index.php\/wp-json\/wp\/v2\/media?parent=53217"}],"wp:term":[{"taxonomy":"category","embeddable":true,"href":"http:\/\/hoycordobaweb.com\/index.php\/wp-json\/wp\/v2\/categories?post=53217"},{"taxonomy":"post_tag","embeddable":true,"href":"http:\/\/hoycordobaweb.com\/index.php\/wp-json\/wp\/v2\/tags?post=53217"}],"curies":[{"name":"wp","href":"https:\/\/api.w.org\/{rel}","templated":true}]}}