{"id":53190,"date":"2022-12-26T07:51:44","date_gmt":"2022-12-26T07:51:44","guid":{"rendered":"https:\/\/www.mujerhoy.com\/moda\/no-te-pierdas\/cardigan-favorito-kate-middleton-version-low-cost-sfera-20221226085126-nt.html"},"modified":"2022-12-26T07:51:44","modified_gmt":"2022-12-26T07:51:44","slug":"el-cardigan-favorito-de-kate-middleton-que-puedes-encontrar-en-version-low-cost-y-festiva-en-sfera","status":"publish","type":"post","link":"http:\/\/hoycordobaweb.com\/index.php\/2022\/12\/26\/el-cardigan-favorito-de-kate-middleton-que-puedes-encontrar-en-version-low-cost-y-festiva-en-sfera\/","title":{"rendered":"El c\u00e1rdigan favorito de Kate Middleton que puedes encontrar en versi\u00f3n low cost y festiva en Sfera"},"content":{"rendered":"<p><!-- AUTHOR --><\/p>\n<div class=\"voc-author-timesocial \"><!-- AUTHOR --><\/p>\n<div class=\"voc-author-timesocial__signature\"><!-- IMAGE AUTHOR --><picture class=\"voc-image-signature\"><img class=\"voc-image-signature__img\" src=\"http:\/\/hoycordobaweb.com\/wp-content\/uploads\/2022\/12\/el-cardigan-favorito-de-kate-middleton-que-puedes-encontrar-en-version-low-cost-y-festiva-en-sfera.jpg\" alt=\"Carla Dom\u00ednguez\"><\/picture><!-- INFO AUTHOR --><\/div>\n<\/div>\n<p><!-- COMPONENTS --><\/p>\n<p class=\"voc-paragraph\">La <strong>princesa de Gales<\/strong> siempre nos da buenas lecciones de estilo. Desde estilismos algo m\u00e1s sofisticados en su actos p\u00fablicos, hasta otras opciones algo m\u00e1s informales con <a data-voc-vtm-id=\"in-text-traffic\" href=\"https:\/\/www.mujerhoy.com\/moda\/no-te-pierdas\/zapatillas-blancas-favoritas-superga-kate-middleton-20221216073118-nt.html\">zapatillas blancas<\/a> como la felicitaci\u00f3n navide\u00f1a junto a sus hijos y su marido el pr\u00edncipe Guillermo.\n<\/p>\n<p class=\"voc-paragraph\">Pero la postal navide\u00f1a junto a su familia en Instagram, no ha sido la \u00fanica felicitaci\u00f3n que ha hecho <a data-voc-vtm-id=\"in-text-traffic\" href=\"https:\/\/www.mujerhoy.com\/temas\/personajes\/kate-middleton.html\">Kate Middleton<\/a>. La princesa de Gales ha aparecido en una grabaci\u00f3n por TV para felicitar las fiestas en redes y dar un avance de la celebraci\u00f3n navide\u00f1a con villancicos que se har\u00e1 en la Abad\u00eda de Westminster el 24 de diciembre.\n<\/p>\n<p class=\"voc-paragraph\">\u00abEl servicio de este a\u00f1o est\u00e1 dedicado a Su Majestad la Reina Isabel II y a todos aquellos que, por desgracia, ya no est\u00e1n con nosotros. Aunque la Navidad ser\u00e1 muy diferente este a\u00f1o, todav\u00eda podemos tener presente los recuerdos y las tradiciones que compartimos. T\u00f3mese su tiempo para relajarse y celebrar con la familia y los amigos todas las cosas maravillosas que hacen que la Navidad sea tan especial\u00bb, comentaba en el v\u00eddeo Kate Middleton.\n<\/p>\n<p class=\"voc-paragraph\">Para la grabaci\u00f3n de este v\u00eddeo, <strong>la princesa de Gales<\/strong> quiso optar por un c\u00e1rdigan de punto con toques festivos en color negro y ribetes en dorado. Una prenda perfecta para dar la bienvenida a la Navidad de lo m\u00e1s elegante y c\u00f3moda.\n<\/p>\n<p class=\"voc-paragraph\">Se trata de un <a data-voc-vtm-id=\"in-text-traffic\" href=\"https:\/\/www.mujerhoy.com\/moda\/no-te-pierdas\/cardigans-punto-looks-entretiempo-hym-springfield-zara-mango-baratos-20220826145403-ga.html\">c\u00e1rdigan de punto<\/a> largo en negro de la firma Self-Portrait que viene a conjunto con una falda mini. Es un c\u00e1rdigan muy favorecedor y perfecto para ir elegante durante estas fechas y no pasar fr\u00edo. No sabemos como la ha combinado Kate, pero puedes hacerlo con m\u00faltiples opciones: desde faldas lenceras, pantalones negros, etc.\n<\/p>\n<p class=\"voc-paragraph\">Si est\u00e1s pensando en llevar a una cena especial un c\u00e1rdigan de punto con un peque\u00f1o toque <i>glitter<\/i>, pero quieres una opci\u00f3n m\u00e1s asequible, la hemos encontrado en Sfera. No es la primera vez que vemos opciones similares a las que lleva Catalina en Sfera.\n<\/p>\n<p class=\"voc-paragraph\">En este caso, hemos encontrado esta chaqueta de brillo de lo m\u00e1s elegante en Sfera. Es una chaqueta con un dise\u00f1o similar al que luce la princesa de Gales con cuello redondo, manga larga y bolsillos laterales. Es una chaqueta con mucha presencia, que no pasa de moda y que puedes llevar hasta con camisetas b\u00e1sicas.\n<\/p>\n<div class=\"voc-detail-photo-zoom\"><picture data-toggle=\"modal\" data-target=\"#photoZoomModal-874\" target=\"modal\">\n<div class=\"voc-img-icon-link\"><img loading=\"lazy\" data-original=\"\/\/static3.mujerhoy.com\/www\/multimedia\/202212\/23\/media\/cortadas\/chaqueta-lentejuelas-brillo-sfera-kapF--460x637@MujerHoy.jpg\" class=\"lazy\" alt=\"Chaqueta de lentejuelas de Sfera. Foto: Sfera.\"><noscript><img src=\"http:\/\/hoycordobaweb.com\/wp-content\/uploads\/2022\/12\/el-cardigan-favorito-de-kate-middleton-que-puedes-encontrar-en-version-low-cost-y-festiva-en-sfera-1.jpg\" alt=\"Chaqueta de lentejuelas de Sfera. Foto: Sfera.\"><\/noscript><i class=\"voc-icons zoom voc-multimedia-box voc-ico-l\"><\/i><\/div><figcaption class=\"figure-caption\">Chaqueta de lentejuelas de Sfera. Foto: Sfera.<\/figcaption><\/picture><\/div>\n<div id=\"photoZoomModal-874\" class=\"voc-lightbox modal fade voc-lightbox--photo-zoom\" role=\"dialog\" data-voc-photozoom-lightbox>\n<div class=\"voc-lightbox__dialog\" role=\"document\">\n<div class=\"voc-lightbox__content\"><!-- Modal header --><!-- Modal content --><\/p>\n<div class=\"voc-lightbox__photo-container\"><picture class><img loading=\"lazy\" data-original=\"\/\/static3.mujerhoy.com\/www\/multimedia\/202212\/23\/media\/cortadas\/chaqueta-lentejuelas-brillo-sfera-kapF--460x637@MujerHoy.jpg\" alt=\"Chaqueta de lentejuelas de Sfera. Foto: Sfera.\" class=\"lazy\"><noscript><img src=\"http:\/\/hoycordobaweb.com\/wp-content\/uploads\/2022\/12\/el-cardigan-favorito-de-kate-middleton-que-puedes-encontrar-en-version-low-cost-y-festiva-en-sfera-1.jpg\" alt=\"Chaqueta de lentejuelas de Sfera. Foto: Sfera.\"><\/noscript><\/picture><\/div>\n<\/div>\n<\/div>\n<\/div>\n<p class=\"voc-paragraph\">Otra de las ventajas de esta chaqueta es que solo cuesta <strong>29,99 euros<\/strong> y sin embargo, puedes utilizar el resto del a\u00f1o para cualquier cena, o plan con amigas. La \u00fanica diferencia con la chaqueta de Kate Middleton es que cuenta con algo m\u00e1s de lentejuela.\n<\/p>\n<p><!-- TOPICS --><\/p>\n","protected":false},"excerpt":{"rendered":"<p>La princesa de Gales siempre nos da buenas lecciones de estilo. Desde estilismos algo m\u00e1s sofisticados en su actos p\u00fablicos, hasta otras opciones algo m\u00e1s informales con zapatillas blancas como la felicitaci\u00f3n navide\u00f1a junto a sus hijos y su marido el pr\u00edncipe Guillermo. Pero la postal navide\u00f1a junto a su familia en Instagram, no ha [&hellip;]<\/p>\n","protected":false},"author":1,"featured_media":53191,"comment_status":"closed","ping_status":"closed","sticky":false,"template":"","format":"standard","meta":[],"categories":[1],"tags":[],"_links":{"self":[{"href":"http:\/\/hoycordobaweb.com\/index.php\/wp-json\/wp\/v2\/posts\/53190"}],"collection":[{"href":"http:\/\/hoycordobaweb.com\/index.php\/wp-json\/wp\/v2\/posts"}],"about":[{"href":"http:\/\/hoycordobaweb.com\/index.php\/wp-json\/wp\/v2\/types\/post"}],"author":[{"embeddable":true,"href":"http:\/\/hoycordobaweb.com\/index.php\/wp-json\/wp\/v2\/users\/1"}],"replies":[{"embeddable":true,"href":"http:\/\/hoycordobaweb.com\/index.php\/wp-json\/wp\/v2\/comments?post=53190"}],"version-history":[{"count":0,"href":"http:\/\/hoycordobaweb.com\/index.php\/wp-json\/wp\/v2\/posts\/53190\/revisions"}],"wp:featuredmedia":[{"embeddable":true,"href":"http:\/\/hoycordobaweb.com\/index.php\/wp-json\/wp\/v2\/media\/53191"}],"wp:attachment":[{"href":"http:\/\/hoycordobaweb.com\/index.php\/wp-json\/wp\/v2\/media?parent=53190"}],"wp:term":[{"taxonomy":"category","embeddable":true,"href":"http:\/\/hoycordobaweb.com\/index.php\/wp-json\/wp\/v2\/categories?post=53190"},{"taxonomy":"post_tag","embeddable":true,"href":"http:\/\/hoycordobaweb.com\/index.php\/wp-json\/wp\/v2\/tags?post=53190"}],"curies":[{"name":"wp","href":"https:\/\/api.w.org\/{rel}","templated":true}]}}