{"id":53110,"date":"2022-12-24T10:00:36","date_gmt":"2022-12-24T10:00:36","guid":{"rendered":"https:\/\/www.trendencias.com\/belleza\/no-dejes-que-ola-frio-arruine-tu-pelo-tenemos-tratamiento-anticaida-definitivo-para-cuidar-tu-melena"},"modified":"2022-12-24T10:00:36","modified_gmt":"2022-12-24T10:00:36","slug":"no-dejes-que-la-ola-de-frio-arruine-tu-pelo-hemos-descubierto-el-tratamiento-anticaida-definitivo-para-cuidar-tu-melena","status":"publish","type":"post","link":"http:\/\/hoycordobaweb.com\/index.php\/2022\/12\/24\/no-dejes-que-la-ola-de-frio-arruine-tu-pelo-hemos-descubierto-el-tratamiento-anticaida-definitivo-para-cuidar-tu-melena\/","title":{"rendered":"No dejes que la ola de fr\u00edo arruine tu pelo, hemos descubierto el tratamiento antica\u00edda definitivo para cuidar tu melena"},"content":{"rendered":"<p>Con la llegada del invierno nuestras necesidades cambian. <strong>Nuestra piel y tambi\u00e9n nuestro pelo sufren mucho los cambios de temperatura<\/strong> y, por tanto, tenemos que mimarlos especialmente. Por ello, siempre viene bien aplicar alg\u00fan extra como un tratamiento para el cabello como el que os proponemos a continuaci\u00f3n que es <strong>un verdadero Spa capilar.<\/strong><\/p>\n<p><!-- BREAK 1 --><\/p>\n<p>Hoy nos hemos puesto en las manos de <a href=\"https:\/\/www.instagram.com\/kenzoyonekura\/\">Kenzo Yonekura<\/a>, estilista del sal\u00f3n de belleza <a href=\"https:\/\/krownkb.com\/\">Krown by Kevin Brice\u00f1o<\/a>, que nos comenta c\u00f3mo en esta \u00e9poca del a\u00f1o uno de los problemas m\u00e1s recurrentes que les trasladan sus clientas es lo relativo a la prevenci\u00f3n de<strong> la ca\u00edda del cabello<\/strong> ahora en invierno.<\/p>\n<p><!-- BREAK 2 --> <\/p>\n<div class=\"article-asset article-asset-normal article-asset-center\">\n<div class=\"desvio-container\">\n<div class=\"desvio\">\n<div class=\"desvio-figure js-desvio-figure\"> <a href=\"https:\/\/www.trendencias.com\/belleza\/que-mechas-nordicas-a-que-tipo-cabellos-favorecen\"> <img alt=\"Qu\u00e9 son las mechas n\u00f3rdicas y a qu\u00e9 tipo de cabellos favorecen\" src=\"http:\/\/hoycordobaweb.com\/wp-content\/uploads\/2022\/12\/no-dejes-que-la-ola-de-frio-arruine-tu-pelo-hemos-descubierto-el-tratamiento-anticaida-definitivo-para-cuidar-tu-melena.jpg\"> <\/a> <\/div><\/div><\/div>\n<\/div>\n<div class=\"article-asset-image article-asset-normal article-asset-center\">\n<div class=\"asset-content\">\n<div class=\"base-wrapper-image\"> <img class=\"sf-lazy centro_sinmarco\" data-sf-srcset=\"http:\/\/hoycordobaweb.com\/wp-content\/uploads\/2022\/12\/no-dejes-que-la-ola-de-frio-arruine-tu-pelo-hemos-descubierto-el-tratamiento-anticaida-definitivo-para-cuidar-tu-melena-1.jpg 450w, http:\/\/hoycordobaweb.com\/wp-content\/uploads\/2022\/12\/no-dejes-que-la-ola-de-frio-arruine-tu-pelo-hemos-descubierto-el-tratamiento-anticaida-definitivo-para-cuidar-tu-melena-8.jpg 681w,http:\/\/hoycordobaweb.com\/wp-content\/uploads\/2022\/12\/no-dejes-que-la-ola-de-frio-arruine-tu-pelo-hemos-descubierto-el-tratamiento-anticaida-definitivo-para-cuidar-tu-melena-9.jpg 1024w, http:\/\/hoycordobaweb.com\/wp-content\/uploads\/2022\/12\/no-dejes-que-la-ola-de-frio-arruine-tu-pelo-hemos-descubierto-el-tratamiento-anticaida-definitivo-para-cuidar-tu-melena-10.jpg 1366w,\" data-sf-src=\"http:\/\/hoycordobaweb.com\/wp-content\/uploads\/2022\/12\/no-dejes-que-la-ola-de-frio-arruine-tu-pelo-hemos-descubierto-el-tratamiento-anticaida-definitivo-para-cuidar-tu-melena-1.jpg\" alt=\"Spa Capilar\"> <noscript><img alt=\"Spa Capilar\" class=\"centro_sinmarco\" src=\"http:\/\/hoycordobaweb.com\/wp-content\/uploads\/2022\/12\/no-dejes-que-la-ola-de-frio-arruine-tu-pelo-hemos-descubierto-el-tratamiento-anticaida-definitivo-para-cuidar-tu-melena-1.jpg\"><\/noscript> <\/div><\/div>\n<\/div>\n<p>Como nos comenta, una de las razones principales por las que se produce la <a href=\"https:\/\/www.trendencias.com\/belleza\/caida-pelo-otono-tratamientos-que-funcionan\">ca\u00edda del pelo <\/a>es por el <strong>descontrol de las gl\u00e1ndulas seb\u00e1ceas<\/strong>, lo que sucede mayormente por los cambios de temperatura bruscos por los que pasamos durante el invierno.<\/p>\n<p><!-- BREAK 3 --><\/p>\n<p>As\u00ed que para poner remedio, en la <a href=\"https:\/\/www.instagram.com\/krown.kb\/\">Peluquer\u00eda Krown<\/a> han dise\u00f1ado un <strong>aut\u00e9ntico ritual anti-ca\u00edda personalizado <\/strong>que se adapta a las necesidades de cada problema, cada cabeza tiene sus exigencias y sus cuidados.<\/p>\n<p><!-- BREAK 4 --><\/p>\n<p>De esta manera <strong>comienzan con un an\u00e1lisis del cuero cabelludo<\/strong> con micro c\u00e1mara que les ayudar\u00e1 a tener un diagnostico claro y, por tanto, poder aconsejar el tratamiento m\u00e1s id\u00f3neo.<\/p>\n<p><!-- BREAK 5 --><\/p>\n<p>Su ritual de fortalecimiento se divide en varios pasos comenzando por un <em><strong>peeling <\/strong><\/em><strong>del cuero cabelludo <\/strong>con ingredientes naturales. En su caso usan para esta <a href=\"https:\/\/www.trendencias.com\/belleza\/11-exfoliantes-capilares-que-pueden-solucionarte-mucho-vida-tienes-problema-raices-grasas-como-mio\">exfoliaci\u00f3n capilar <\/a><strong>sales Del Mar muerto o del Himalaya<\/strong>, ya que este ingrediente es el <strong>agente astringente<\/strong> el cual nos ayudar\u00e1 a arrastrar todos los residuos que se van acumulando en el cuero cabelludo e impiden la buena oxigenaci\u00f3n del bulbo piloso.<\/p>\n<p><!-- BREAK 6 --><\/p>\n<div class=\"article-asset article-asset-normal article-asset-center\">\n<div class=\"desvio-container\">\n<div class=\"desvio\">\n<div class=\"desvio-figure js-desvio-figure\"> <a href=\"https:\/\/www.trendencias.com\/belleza\/barros-para-pelo-opcion-para-cuidado-cabello\"> <img alt=\"Barros para el pelo, una opci\u00f3n para el cuidado del cabello \" src=\"http:\/\/hoycordobaweb.com\/wp-content\/uploads\/2022\/12\/no-dejes-que-la-ola-de-frio-arruine-tu-pelo-hemos-descubierto-el-tratamiento-anticaida-definitivo-para-cuidar-tu-melena-2.jpg\"> <\/a> <\/div><\/div><\/div>\n<\/div>\n<div class=\"article-asset-image article-asset-normal article-asset-center\">\n<div class=\"asset-content\">\n<div class=\"base-wrapper-image\"> <img class=\"sf-lazy centro_sinmarco\" data-sf-srcset=\"http:\/\/hoycordobaweb.com\/wp-content\/uploads\/2022\/12\/no-dejes-que-la-ola-de-frio-arruine-tu-pelo-hemos-descubierto-el-tratamiento-anticaida-definitivo-para-cuidar-tu-melena-3.jpg 450w, http:\/\/hoycordobaweb.com\/wp-content\/uploads\/2022\/12\/no-dejes-que-la-ola-de-frio-arruine-tu-pelo-hemos-descubierto-el-tratamiento-anticaida-definitivo-para-cuidar-tu-melena-11.jpg 681w,http:\/\/hoycordobaweb.com\/wp-content\/uploads\/2022\/12\/no-dejes-que-la-ola-de-frio-arruine-tu-pelo-hemos-descubierto-el-tratamiento-anticaida-definitivo-para-cuidar-tu-melena-12.jpg 1024w, http:\/\/hoycordobaweb.com\/wp-content\/uploads\/2022\/12\/no-dejes-que-la-ola-de-frio-arruine-tu-pelo-hemos-descubierto-el-tratamiento-anticaida-definitivo-para-cuidar-tu-melena-13.jpg 1366w,\" data-sf-src=\"http:\/\/hoycordobaweb.com\/wp-content\/uploads\/2022\/12\/no-dejes-que-la-ola-de-frio-arruine-tu-pelo-hemos-descubierto-el-tratamiento-anticaida-definitivo-para-cuidar-tu-melena-3.jpg\" alt=\"Spa Capilar 2\"> <noscript><img alt=\"Spa Capilar 2\" class=\"centro_sinmarco\" src=\"http:\/\/hoycordobaweb.com\/wp-content\/uploads\/2022\/12\/no-dejes-que-la-ola-de-frio-arruine-tu-pelo-hemos-descubierto-el-tratamiento-anticaida-definitivo-para-cuidar-tu-melena-3.jpg\"><\/noscript> <\/div><\/div>\n<\/div>\n<p>A continuaci\u00f3n se realiza una mezcla de aceites tomando como base el <strong>Aceite de Neem<\/strong>, con ricos activos multifuncionales es originario de la India, &nbsp;y es muy utilizado en la medicina ayurv\u00e9dica. Contiene valiosos <strong>nutrientes y antioxidantes<\/strong>, que regeneran el cabello y el cuero cabelludo y es un <strong>potente antinflamatorio y antibacteriano<\/strong>. Se puede utilizar en estado puro o lo puedes mezclar con otros tratamientos.<\/p>\n<p><!-- BREAK 7 --><!-- PIVOT START --><\/p>\n<div class=\"pivot-ecommerce-container\">\n<div class=\"pivot-ecommerce\" readability=\"6.8700564971751\">\n<div class=\"pivot-ecommerce-figure\"> <a href=\"https:\/\/www.trendencias.com\/redirect?url=https%3A%2F%2Fwww.amazon.es%2Fdp%2FB09XJ6D19Y%3Ftag%3Dtrendencias-21%26linkCode%3Dogi%26th%3D1%26psc%3D1&amp;category=belleza&amp;pivot=1\"> <img alt=\"Aceite de Neem Org\u00e1nico - 250 ml - 100% Puro, Natural y Prensado en Fr\u00edo - Certificado Cosmos Organic - Plan\u00e8te au Naturel - Piel, Cabellos, Plantas\" src=\"http:\/\/hoycordobaweb.com\/wp-content\/uploads\/2022\/12\/no-dejes-que-la-ola-de-frio-arruine-tu-pelo-hemos-descubierto-el-tratamiento-anticaida-definitivo-para-cuidar-tu-melena-4.jpg\"> <\/a> <\/div>\n<div class=\"pivot-ecommerce-summary\" readability=\"9.4463276836158\">\n<p class=\"pivot-ecommerce-desc\">Aceite de Neem Org\u00e1nico &#8211; 250 ml &#8211; 100% Puro, Natural y Prensado en Fr\u00edo &#8211; Certificado Cosmos Organic &#8211; Plan\u00e8te au Naturel &#8211; Piel, Cabellos, Plantas<\/p>\n<\/p><\/div><\/div>\n<\/div>\n<p><!-- PIVOT END --><\/p>\n<p>Luego eligen otros aceites que actuar\u00e1n en sinergia como el <strong>aceite esencial de lavanda<\/strong> este tiene propiedades relajantes as\u00ed como el <strong>aceite esencial de romero<\/strong>, estimulante natural vigoriza y fortalece el cuero cabelludo, gracias a que aumenta la microcirculaci\u00f3n en los fol\u00edculos pilosos.<\/p>\n<p><!-- BREAK 8 --><\/p>\n<p>Tambi\u00e9n el <strong>aceite esencial de lim\u00f3n, <\/strong>el lim\u00f3n contiene alto contenido en <a href=\"https:\/\/www.trendencias.com\/tag\/vitamina-c\">vitamina C <\/a>y otros importantes antioxidantes que combaten radicales libres adem\u00e1s de ser un buen aliado para regular el exceso de grasa y remover siliconas, con esta mezcla procedemos a masajear el cuero cabelludo.<\/p>\n<p><!-- BREAK 9 --><\/p>\n<p>Solo quedar\u00eda envolver el cabello en una toalla con la mezcla y ponemos sobre ella una <strong>infusi\u00f3n tibia de Salvia, <\/strong>&nbsp;que<strong> <\/strong>regula el PH de la piel, mejora la elasticidad, es antibacteriana y un potente antioxidante. Lo tenemos reposando unos 10 minutos y se procede al lavado con la l\u00ednea especifica <strong>Triphasic de Rene Furterer <\/strong>(especial para la ca\u00edda). Ya con el cabello y cuero cabelludo bien limpios finalizamos con la infusi\u00f3n de Salvia y solo queda peinar al gusto.<\/p>\n<p><!-- BREAK 10 --><!-- PIVOT START --><\/p>\n<div class=\"pivot-ecommerce-container\">\n<div class=\"pivot-ecommerce\" readability=\"4.3703703703704\">\n<div class=\"pivot-ecommerce-figure\"> <a href=\"https:\/\/www.trendencias.com\/redirect?url=https%3A%2F%2Fwww.primor.eu%2Frene-furterer%2F55458-triphasic-champu-reactionnel-anticaida.html&amp;category=belleza&amp;pivot=1\"> <img alt=\"Triphasic Champ\u00fa R\u00e9actionnel Antica\u00edda de RENE FURTERER\" src=\"http:\/\/hoycordobaweb.com\/wp-content\/uploads\/2022\/12\/no-dejes-que-la-ola-de-frio-arruine-tu-pelo-hemos-descubierto-el-tratamiento-anticaida-definitivo-para-cuidar-tu-melena-5.jpg\"> <\/a> <\/div>\n<div class=\"pivot-ecommerce-summary\" readability=\"5.0987654320988\">\n<p class=\"pivot-ecommerce-desc\">Triphasic Champ\u00fa R\u00e9actionnel Antica\u00edda de RENE FURTERER<\/p>\n<\/p><\/div><\/div>\n<\/div>\n<p><!-- PIVOT END --><\/p>\n<div class=\"article-asset-image article-asset-normal article-asset-center\">\n<div class=\"asset-content\">\n<div class=\"base-wrapper-image\"> <img class=\"sf-lazy centro_sinmarco\" data-sf-srcset=\"http:\/\/hoycordobaweb.com\/wp-content\/uploads\/2022\/12\/no-dejes-que-la-ola-de-frio-arruine-tu-pelo-hemos-descubierto-el-tratamiento-anticaida-definitivo-para-cuidar-tu-melena-6.jpg 450w, http:\/\/hoycordobaweb.com\/wp-content\/uploads\/2022\/12\/no-dejes-que-la-ola-de-frio-arruine-tu-pelo-hemos-descubierto-el-tratamiento-anticaida-definitivo-para-cuidar-tu-melena-14.jpg 681w,http:\/\/hoycordobaweb.com\/wp-content\/uploads\/2022\/12\/no-dejes-que-la-ola-de-frio-arruine-tu-pelo-hemos-descubierto-el-tratamiento-anticaida-definitivo-para-cuidar-tu-melena-15.jpg 1024w, http:\/\/hoycordobaweb.com\/wp-content\/uploads\/2022\/12\/no-dejes-que-la-ola-de-frio-arruine-tu-pelo-hemos-descubierto-el-tratamiento-anticaida-definitivo-para-cuidar-tu-melena-16.jpg 1366w,\" data-sf-src=\"http:\/\/hoycordobaweb.com\/wp-content\/uploads\/2022\/12\/no-dejes-que-la-ola-de-frio-arruine-tu-pelo-hemos-descubierto-el-tratamiento-anticaida-definitivo-para-cuidar-tu-melena-6.jpg\" alt=\"Spa Capilar 3\"> <noscript><img alt=\"Spa Capilar 3\" class=\"centro_sinmarco\" src=\"http:\/\/hoycordobaweb.com\/wp-content\/uploads\/2022\/12\/no-dejes-que-la-ola-de-frio-arruine-tu-pelo-hemos-descubierto-el-tratamiento-anticaida-definitivo-para-cuidar-tu-melena-6.jpg\"><\/noscript> <\/div><\/div>\n<\/div>\n<p>As\u00ed, una de las f\u00f3rmulas para <strong>evitar la ca\u00edda del cabello <\/strong>(siempre que no sea ning\u00fan problema mayor, por supuesto) se <strong>centra en el cuidado del cuero cabelludo <\/strong>como hace este ritual. De hecho, desde su experiencia, Kenzo Yonekura nos comenta que hay una <strong>gran semejanza entre las plantas y el cabello<\/strong>: si nuestro cuero cabelludo es similar a un suelo f\u00e9rtil el cual hay que cuidar y abonar, para que crezca sano y fuerte el cabello.<\/p>\n<p><!-- BREAK 11 --><\/p>\n<p>Desde luego, un tratamiento que merece la pena con un precio de<\/p>\n<h2>Otras ofertas interesantes<\/h2>\n<p><em>Nota: algunos de los enlaces de este art\u00edculo son afiliados y pueden reportar un beneficio a Trendencias<\/em><\/p>\n<p><!-- BREAK 12 --><\/p>\n<p>Fotos |Unsplash<\/p>\n<p>En Trendencias |<a href=\"https:\/\/www.trendencias.com\/belleza\/estas-tendencias-mechas-que-veremos-2023-expertos\">Estas son las tendencias en mechas que m\u00e1s veremos en 2023 seg\u00fan los expertos<\/a><\/p>\n<p><!-- BREAK 13 --> <\/p>\n","protected":false},"excerpt":{"rendered":"<p>Con la llegada del invierno nuestras necesidades cambian. Nuestra piel y tambi\u00e9n nuestro pelo sufren mucho los cambios de temperatura y, por tanto, tenemos que mimarlos especialmente. Por ello, siempre viene bien aplicar alg\u00fan extra como un tratamiento para el cabello como el que os proponemos a continuaci\u00f3n que es un verdadero Spa capilar. Hoy [&hellip;]<\/p>\n","protected":false},"author":1,"featured_media":53111,"comment_status":"closed","ping_status":"closed","sticky":false,"template":"","format":"standard","meta":[],"categories":[1],"tags":[],"_links":{"self":[{"href":"http:\/\/hoycordobaweb.com\/index.php\/wp-json\/wp\/v2\/posts\/53110"}],"collection":[{"href":"http:\/\/hoycordobaweb.com\/index.php\/wp-json\/wp\/v2\/posts"}],"about":[{"href":"http:\/\/hoycordobaweb.com\/index.php\/wp-json\/wp\/v2\/types\/post"}],"author":[{"embeddable":true,"href":"http:\/\/hoycordobaweb.com\/index.php\/wp-json\/wp\/v2\/users\/1"}],"replies":[{"embeddable":true,"href":"http:\/\/hoycordobaweb.com\/index.php\/wp-json\/wp\/v2\/comments?post=53110"}],"version-history":[{"count":0,"href":"http:\/\/hoycordobaweb.com\/index.php\/wp-json\/wp\/v2\/posts\/53110\/revisions"}],"wp:featuredmedia":[{"embeddable":true,"href":"http:\/\/hoycordobaweb.com\/index.php\/wp-json\/wp\/v2\/media\/53111"}],"wp:attachment":[{"href":"http:\/\/hoycordobaweb.com\/index.php\/wp-json\/wp\/v2\/media?parent=53110"}],"wp:term":[{"taxonomy":"category","embeddable":true,"href":"http:\/\/hoycordobaweb.com\/index.php\/wp-json\/wp\/v2\/categories?post=53110"},{"taxonomy":"post_tag","embeddable":true,"href":"http:\/\/hoycordobaweb.com\/index.php\/wp-json\/wp\/v2\/tags?post=53110"}],"curies":[{"name":"wp","href":"https:\/\/api.w.org\/{rel}","templated":true}]}}