{"id":53098,"date":"2022-12-24T00:28:29","date_gmt":"2022-12-24T00:28:29","guid":{"rendered":"https:\/\/www.ole.com.ar\/futbol-internacional\/ajax-interes-rulli-ocampos-magallan-villarreal_0_5JI0Z0l6VU.html"},"modified":"2022-12-24T00:28:29","modified_gmt":"2022-12-24T00:28:29","slug":"el-ajax-esta-interesado-en-fichar-a-un-argentino-campeon-del-mundo","status":"publish","type":"post","link":"http:\/\/hoycordobaweb.com\/index.php\/2022\/12\/24\/el-ajax-esta-interesado-en-fichar-a-un-argentino-campeon-del-mundo\/","title":{"rendered":"El Ajax est\u00e1 interesado en fichar a un argentino campe\u00f3n del mundo"},"content":{"rendered":"<p><img src=\"http:\/\/hoycordobaweb.com\/wp-content\/uploads\/2022\/12\/el-ajax-esta-interesado-en-fichar-a-un-argentino-campeon-del-mundo.jpg\"><\/p>\n<div class=\"custom-text \" readability=\"32.571428571429\">\n<p><strong>\u00bfOtro argentino por \u00c1msterdam?<\/strong> El <a href=\"https:\/\/www.ole.com.ar\/tema\/ajax.html\" title=\"Ajax\" alt=\"Ajax\" class=\"slug\">Ajax<\/a>, que ya cuenta con <a href=\"https:\/\/www.ole.com.ar\/tema\/lucas-ocampos.html\" title=\"Lucas Ocampos\" alt=\"Lucas Ocampos\" class=\"slug\">Lucas Ocampos<\/a> y <a href=\"https:\/\/www.ole.com.ar\/tema\/lisandro-magallan.html\" title=\"Lisandro Magallan\" alt=\"Lisandro Magallan\" class=\"slug\">Lisandro Magall\u00e1n<\/a>, estar\u00eda interesado en un tercer jugador procedente de nuestro pa\u00eds. Se trata de <a href=\"https:\/\/www.ole.com.ar\/tema\/geronimo-rulli.html\" title=\"Geronimo Rulli\" alt=\"Geronimo Rulli\" class=\"slug\"><strong>Ger\u00f3nimo Rulli<\/strong><\/a>, arquero de 30 a\u00f1os que <strong>se desempe\u00f1a en el <\/strong><a href=\"https:\/\/www.ole.com.ar\/tema\/villarreal.html\" title=\"Villarreal\" alt=\"Villarreal\" class=\"slug\"><strong>Villarreal<\/strong><\/a><strong>. <\/strong>Actualmente, tiene <strong>contrato hasta el 2024 <\/strong>con el conjunto espa\u00f1ol y el equipo neerland\u00e9s <strong>lo buscar\u00eda en enero. <\/strong><\/p>\n<\/div>\n<div class=\"sc-489cef11-0 jHGTKj\" readability=\"6\">\n<section readability=\"2\"><picture><img class=\"img\" src=\"http:\/\/hoycordobaweb.com\/wp-content\/uploads\/2022\/12\/el-ajax-esta-interesado-en-fichar-a-un-argentino-campeon-del-mundo-2.jpg\" alt=\"El Real Madrid va por Enzo Fern\u00e1ndez y otra joya del Mundial\" height=\"290\" width=\"290\" loading=\"lazy\"><\/picture>\n<p><span>Mir\u00e1 tambi\u00e9n<\/span><\/p>\n<hr>\n<h3>El Real Madrid va por Enzo Fern\u00e1ndez y otra joya del Mundial<\/h3>\n<\/p>\n<\/section>\n<\/div>\n<p><h2><strong>A poner los verdes<\/strong><\/h2>\n<\/p>\n<div class=\"custom-text \" readability=\"39\">\n<p>Si bien no sum\u00f3 minutos en el Mundial, <strong>el hecho de que sea un campe\u00f3n del mundo aumenta el valor de su cotizaci\u00f3n. <\/strong>De todos modos, hay que decir que los n\u00fameros de Rulli en Espa\u00f1a son buenos. Desde que lleg\u00f3 al Villarreal, <strong>ataj\u00f3 en 80 partidos, recibi\u00f3 71 goles<\/strong> y mantuvo la <strong>valla invicta en 34 oportunidades.<\/strong><\/p>\n<\/div>\n<div class=\"sc-996041c8-0 kvfKM\"><img alt=\"Fue campe\u00f3n del mundo. (Photo by FRANCK FIFE \/ AFP)\" src=\"http:\/\/hoycordobaweb.com\/wp-content\/uploads\/2022\/12\/el-ajax-esta-interesado-en-fichar-a-un-argentino-campeon-del-mundo-3.jpg\" width=\"720\" height=\"0\" decoding=\"async\" data-nimg=\"future\" loading=\"lazy\"><span>Fue campe\u00f3n del mundo. (Photo by FRANCK FIFE \/ AFP)<\/span><\/div>\n<div class=\"sc-489cef11-0 jHGTKj\" readability=\"6\">\n<section readability=\"2\"><picture><img class=\"img\" src=\"http:\/\/hoycordobaweb.com\/wp-content\/uploads\/2022\/12\/el-ajax-esta-interesado-en-fichar-a-un-argentino-campeon-del-mundo-4.jpg\" alt=\"La dur\u00edsima sanci\u00f3n que Cavani y otras figuras de Uruguay podr\u00edan recibir de FIFA\" height=\"290\" width=\"290\" loading=\"lazy\"><\/picture>\n<p><span>Mir\u00e1 tambi\u00e9n<\/span><\/p>\n<hr>\n<h3>La dur\u00edsima sanci\u00f3n que Cavani y otras figuras de Uruguay podr\u00edan recibir de FIFA<\/h3>\n<\/p>\n<\/section>\n<\/div>\n<div class=\"custom-text \" readability=\"39\">\n<p>Su mejor nivel fue en aquella Europa League ante el Manchester United, en 2021, cuando <strong>sus atajadas fueron claves para alzarse con el t\u00edtulo.<\/strong> Luego, <strong><u>tuvo algunos altibajos<\/u><\/strong>. A su vez hay que decir que<strong> cometi\u00f3 algunos errores muy recordados<\/strong>, como en la semifinal de Champions ante el Liverpool en mediados de este a\u00f1o.<\/p>\n<\/div>\n<div class=\"sc-88287e78-0 hmcJvF\">\n<div class=\"sc-88287e78-1 idaaCN videoText\" id=\"contentTitleundefinedy0WtGsGX\" readability=\"56\"><svg fill=\"#ffffff\"><symbol id=\"play\" viewBox=\"0 0 512 512\"><path d=\"M512 256C512 397.4 397.4 512 256 512C114.6 512 0 397.4 0 256C0 114.6 114.6 0 256 0C397.4 0 512 114.6 512 256zM176 168V344C176 352.7 180.7 360.7 188.3 364.9C195.8 369.2 205.1 369 212.5 364.5L356.5 276.5C363.6 272.1 368 264.4 368 256C368 247.6 363.6 239.9 356.5 235.5L212.5 147.5C205.1 142.1 195.8 142.8 188.3 147.1C180.7 151.3 176 159.3 176 168V168z\" \/><\/symbol><use xlink:href=\"#play\" \/><\/svg><\/p>\n<div class=\"right\" readability=\"7\">\n<p>Champions League<!-- --> &#8211; <span>23-12-2022<\/span><\/p>\n<h2 class=\"title-vid\">Volvi\u00f3 a fallar Rulli: 3 a 2 de Man\u00e9<\/h2>\n<\/div>\n<\/div>\n<p><span class=\"back\" id=\"spanBackundefinedy0WtGsGX\"><\/span><\/div>\n<div class=\"sc-489cef11-0 jHGTKj\" readability=\"6.5\">\n<section readability=\"3\"><picture><img class=\"img\" src=\"http:\/\/hoycordobaweb.com\/wp-content\/uploads\/2022\/12\/el-ajax-esta-interesado-en-fichar-a-un-argentino-campeon-del-mundo-5.jpg\" alt=\"Su\u00e1rez, \u00bfcon regalito en el \u00e1rbol navide\u00f1o de Messi?\" height=\"290\" width=\"290\" loading=\"lazy\"><\/picture>\n<p><span>Mir\u00e1 tambi\u00e9n<\/span><\/p>\n<hr>\n<h3>Su\u00e1rez, \u00bfcon regalito en el \u00e1rbol navide\u00f1o de Messi?<\/h3>\n<\/p>\n<\/section>\n<\/div>\n<div class=\"custom-text \" readability=\"38\">\n<p>M\u00e1s all\u00e1 de alg\u00fan per\u00edodo de irregularidades en el arco, la realidad es que Rulli contrast\u00f3 este \u00faltimo tiempo sus condiciones en una de las ligas m\u00e1s importantes del planeta<strong>.<\/strong> En cuanto al monto de la transferencia, habr\u00e1 que ver qu\u00e9 ofrece el Ajax, pero no ser\u00e1 una transferencia sencilla dado que es clave en el conjunto espa\u00f1ol.<\/p>\n<\/div>\n<div class=\"sc-996041c8-0 kvfKM\"><img alt=\"Le falta regularidad. (REUTERS\/Isabel Infantes)\" src=\"http:\/\/hoycordobaweb.com\/wp-content\/uploads\/2022\/12\/el-ajax-esta-interesado-en-fichar-a-un-argentino-campeon-del-mundo-6.jpg\" width=\"720\" height=\"0\" decoding=\"async\" data-nimg=\"future\" loading=\"lazy\"><span>Le falta regularidad. (REUTERS\/Isabel Infantes)<\/span><\/div>\n<div class=\"sc-489cef11-0 jHGTKj\" readability=\"6\">\n<section readability=\"2\"><picture><img class=\"img\" src=\"http:\/\/hoycordobaweb.com\/wp-content\/uploads\/2022\/12\/el-ajax-esta-interesado-en-fichar-a-un-argentino-campeon-del-mundo-7.jpg\" alt=\"Cuti Romero y el mensaje de campe\u00f3n para los fans del Tottenham\" height=\"290\" width=\"290\" loading=\"lazy\"><\/picture>\n<p><span>Mir\u00e1 tambi\u00e9n<\/span><\/p>\n<hr>\n<h3>Cuti Romero y el mensaje de campe\u00f3n para los fans del Tottenham<\/h3>\n<\/p>\n<\/section>\n<\/div>\n<div class=\"custom-text \" readability=\"38\">\n<p>El exarquero de Estudiantes <strong>lleg\u00f3 a su club actual a cambio de cinco millones de euros, desde la Real Sociedad <\/strong>(all\u00ed ataj\u00f3 170 partidos y mantuvo la valla invicta 50 veces). Otro condimento a analizar es su situaci\u00f3n contractual. El argentino tiene firmado un v\u00ednculo hasta mediados de 2024, por lo que <strong>el Ajax tendr\u00e1 que poner dinero<\/strong>, ya que intentar negociar un pr\u00e9stamo ser\u00eda dif\u00edcil.<\/p>\n<\/div>\n<div class=\"sc-996041c8-0 kvfKM\"><img alt=\"Antes de llegar a Villarreal, estuvo a pr\u00e9stamo en Montpellier.\" src=\"http:\/\/hoycordobaweb.com\/wp-content\/uploads\/2022\/12\/el-ajax-esta-interesado-en-fichar-a-un-argentino-campeon-del-mundo-8.jpg\" width=\"720\" height=\"0\" decoding=\"async\" data-nimg=\"future\" loading=\"lazy\"><span>Antes de llegar a Villarreal, estuvo a pr\u00e9stamo en Montpellier.<\/span><\/div>\n<div class=\"sc-489cef11-0 jHGTKj\" readability=\"6.5\">\n<section readability=\"3\"><picture><img class=\"img\" src=\"http:\/\/hoycordobaweb.com\/wp-content\/uploads\/2022\/12\/el-ajax-esta-interesado-en-fichar-a-un-argentino-campeon-del-mundo-9.jpg\" alt=\"El tir\u00f3n de orejas del DT del United para Lisandro Mart\u00ednez por no volver a Inglaterra\" height=\"290\" width=\"290\" loading=\"lazy\"><\/picture>\n<p><span>Mir\u00e1 tambi\u00e9n<\/span><\/p>\n<hr>\n<h3>El tir\u00f3n de orejas del DT del United para Lisandro Mart\u00ednez por no volver a Inglaterra<\/h3>\n<\/p>\n<\/section>\n<\/div>\n<p><h2><strong>La urgencia de contratar un arquero<\/strong><\/h2>\n<\/p>\n<div class=\"custom-text \" readability=\"41.430656934307\">\n<p>A su vez, hay que decir que, seg\u00fan <a href=\"https:\/\/www.ole.com.ar\/tema\/fabrizio-romano.html\" title=\"Fabrizio Romano\" alt=\"Fabrizio Romano\" class=\"slug\">Fabrizio Romano<\/a>, <strong><u>el equipo dirigido Alfred Schreuder tiene como prioridad a Rulli<\/u><\/strong> porque necesita s\u00ed o s\u00ed un arquero, debido a que cuenta con tres pero dos de ellos tienen varios a\u00f1os y les queda poco tiempo como futbolistas profesionales. Por un lado, est\u00e1 <strong>Remko Pasveer, arquero de 39 a\u00f1os<\/strong> (el titular) y por el otro, el interminable <strong>Maarten Stekelenburg, de 40 a\u00f1os.<\/strong><\/p>\n<\/div>\n<div class=\"sc-996041c8-0 kvfKM\"><img alt=\"Pasveer, recordado por comerse seis ante el Napoli. (AP Photo\/Peter Dejong)\" src=\"http:\/\/hoycordobaweb.com\/wp-content\/uploads\/2022\/12\/el-ajax-esta-interesado-en-fichar-a-un-argentino-campeon-del-mundo-10.jpg\" width=\"720\" height=\"0\" decoding=\"async\" data-nimg=\"future\" loading=\"lazy\"><span>Pasveer, recordado por comerse seis ante el Napoli. (AP Photo\/Peter Dejong)<\/span><\/div>\n<div class=\"sc-489cef11-0 jHGTKj\" readability=\"6\">\n<section readability=\"2\"><picture><img class=\"img\" src=\"http:\/\/hoycordobaweb.com\/wp-content\/uploads\/2022\/12\/el-ajax-esta-interesado-en-fichar-a-un-argentino-campeon-del-mundo-11.jpg\" alt=\"Un \u00edcono del Real Madrid asegur\u00f3: &quot;Messi es el mejor jugador que vi&quot;\" height=\"290\" width=\"290\" loading=\"lazy\"><\/picture>\n<p><span>Mir\u00e1 tambi\u00e9n<\/span><\/p>\n<hr>\n<h3>Un \u00edcono del Real Madrid asegur\u00f3: \u00abMessi es el mejor jugador que vi\u00bb<\/h3>\n<\/p>\n<\/section>\n<\/div>\n<div class=\"custom-text \" readability=\"36\">\n<p>Luego se encuentra el joven <strong>Jay Gorter, portero de 22 a\u00f1os<\/strong> que todav\u00eda no debut\u00f3. Todo este panorama hace que el Ajax salga a buscar un arquero para reforzar su plantel, lograr un recambio y <strong><u>el gran apuntado es el argentino.<\/u><\/strong> <strong>\u00bfSe dar\u00e1?<\/strong><\/p>\n<\/div>\n<p><h2><strong>Algunas atajadas<\/strong><\/h2>\n<\/p>\n<div class=\"sc-88287e78-0 hmcJvF\">\n<div class=\"sc-88287e78-1 idaaCN videoText\" id=\"contentTitleundefinedxBTpLAmM\" readability=\"56\"><svg fill=\"#ffffff\"><symbol id=\"play\" viewBox=\"0 0 512 512\"><path d=\"M512 256C512 397.4 397.4 512 256 512C114.6 512 0 397.4 0 256C0 114.6 114.6 0 256 0C397.4 0 512 114.6 512 256zM176 168V344C176 352.7 180.7 360.7 188.3 364.9C195.8 369.2 205.1 369 212.5 364.5L356.5 276.5C363.6 272.1 368 264.4 368 256C368 247.6 363.6 239.9 356.5 235.5L212.5 147.5C205.1 142.1 195.8 142.8 188.3 147.1C180.7 151.3 176 159.3 176 168V168z\" \/><\/symbol><use xlink:href=\"#play\" \/><\/svg><\/p>\n<div class=\"right\" readability=\"7\">\n<p>Geronimo Rulli<!-- --> &#8211; <span>23-12-2022<\/span><\/p>\n<h2 class=\"title-vid\">\u00bfDe d\u00f3nde la sac\u00f3 Rulli?<\/h2>\n<\/div>\n<\/div>\n<p><span class=\"back\" id=\"spanBackundefinedxBTpLAmM\"><\/span><\/div>\n<div class=\"sc-88287e78-0 hmcJvF\">\n<div class=\"sc-88287e78-1 idaaCN videoText\" id=\"contentTitleundefinedXtl10vAc\" readability=\"56\"><svg fill=\"#ffffff\"><symbol id=\"play\" viewBox=\"0 0 512 512\"><path d=\"M512 256C512 397.4 397.4 512 256 512C114.6 512 0 397.4 0 256C0 114.6 114.6 0 256 0C397.4 0 512 114.6 512 256zM176 168V344C176 352.7 180.7 360.7 188.3 364.9C195.8 369.2 205.1 369 212.5 364.5L356.5 276.5C363.6 272.1 368 264.4 368 256C368 247.6 363.6 239.9 356.5 235.5L212.5 147.5C205.1 142.1 195.8 142.8 188.3 147.1C180.7 151.3 176 159.3 176 168V168z\" \/><\/symbol><use xlink:href=\"#play\" \/><\/svg><\/p>\n<div class=\"right\" readability=\"7\">\n<p>Geronimo Rulli<!-- --> &#8211; <span>23-12-2022<\/span><\/p>\n<h2 class=\"title-vid\">Una atajada de Rulli ante Bayern<\/h2>\n<\/div>\n<\/div>\n<p><span class=\"back\" id=\"spanBackundefinedXtl10vAc\"><\/span><\/div>\n<div class=\"sc-88287e78-0 hmcJvF\">\n<div class=\"sc-88287e78-1 idaaCN videoText\" id=\"contentTitleundefinedF6RHA83y\" readability=\"56\"><svg fill=\"#ffffff\"><symbol id=\"play\" viewBox=\"0 0 512 512\"><path d=\"M512 256C512 397.4 397.4 512 256 512C114.6 512 0 397.4 0 256C0 114.6 114.6 0 256 0C397.4 0 512 114.6 512 256zM176 168V344C176 352.7 180.7 360.7 188.3 364.9C195.8 369.2 205.1 369 212.5 364.5L356.5 276.5C363.6 272.1 368 264.4 368 256C368 247.6 363.6 239.9 356.5 235.5L212.5 147.5C205.1 142.1 195.8 142.8 188.3 147.1C180.7 151.3 176 159.3 176 168V168z\" \/><\/symbol><use xlink:href=\"#play\" \/><\/svg><\/p>\n<div class=\"right\" readability=\"7\">\n<p>Geronimo Rulli<!-- --> &#8211; <span>23-12-2022<\/span><\/p>\n<h2 class=\"title-vid\">Rulli le ataj\u00f3 el penal a De Gea y Villarreal se qued\u00f3 con la Europa League<\/h2>\n<\/div>\n<\/div>\n<p><span class=\"back\" id=\"spanBackundefinedF6RHA83y\"><\/span><\/div>\n","protected":false},"excerpt":{"rendered":"<p>\u00bfOtro argentino por \u00c1msterdam? El Ajax, que ya cuenta con Lucas Ocampos y Lisandro Magall\u00e1n, estar\u00eda interesado en un tercer jugador procedente de nuestro pa\u00eds. Se trata de Ger\u00f3nimo Rulli, arquero de 30 a\u00f1os que se desempe\u00f1a en el Villarreal. Actualmente, tiene contrato hasta el 2024 con el conjunto espa\u00f1ol y el equipo neerland\u00e9s lo [&hellip;]<\/p>\n","protected":false},"author":1,"featured_media":53099,"comment_status":"open","ping_status":"closed","sticky":false,"template":"","format":"standard","meta":[],"categories":[16],"tags":[],"_links":{"self":[{"href":"http:\/\/hoycordobaweb.com\/index.php\/wp-json\/wp\/v2\/posts\/53098"}],"collection":[{"href":"http:\/\/hoycordobaweb.com\/index.php\/wp-json\/wp\/v2\/posts"}],"about":[{"href":"http:\/\/hoycordobaweb.com\/index.php\/wp-json\/wp\/v2\/types\/post"}],"author":[{"embeddable":true,"href":"http:\/\/hoycordobaweb.com\/index.php\/wp-json\/wp\/v2\/users\/1"}],"replies":[{"embeddable":true,"href":"http:\/\/hoycordobaweb.com\/index.php\/wp-json\/wp\/v2\/comments?post=53098"}],"version-history":[{"count":0,"href":"http:\/\/hoycordobaweb.com\/index.php\/wp-json\/wp\/v2\/posts\/53098\/revisions"}],"wp:featuredmedia":[{"embeddable":true,"href":"http:\/\/hoycordobaweb.com\/index.php\/wp-json\/wp\/v2\/media\/53099"}],"wp:attachment":[{"href":"http:\/\/hoycordobaweb.com\/index.php\/wp-json\/wp\/v2\/media?parent=53098"}],"wp:term":[{"taxonomy":"category","embeddable":true,"href":"http:\/\/hoycordobaweb.com\/index.php\/wp-json\/wp\/v2\/categories?post=53098"},{"taxonomy":"post_tag","embeddable":true,"href":"http:\/\/hoycordobaweb.com\/index.php\/wp-json\/wp\/v2\/tags?post=53098"}],"curies":[{"name":"wp","href":"https:\/\/api.w.org\/{rel}","templated":true}]}}