{"id":53094,"date":"2022-12-24T01:19:17","date_gmt":"2022-12-24T01:19:17","guid":{"rendered":"https:\/\/www.ole.com.ar\/seleccion\/seleccion-argentina-francia-final-qatar-fair-play_0_jTMfd3crCq.html"},"modified":"2022-12-24T01:19:17","modified_gmt":"2022-12-24T01:19:17","slug":"video-el-gesto-de-los-argentinos-en-la-final-que-demuestra-el-fair-play","status":"publish","type":"post","link":"http:\/\/hoycordobaweb.com\/index.php\/2022\/12\/24\/video-el-gesto-de-los-argentinos-en-la-final-que-demuestra-el-fair-play\/","title":{"rendered":"Video: el gesto de los argentinos en la final que demuestra el fair play"},"content":{"rendered":"<p><img src=\"http:\/\/hoycordobaweb.com\/wp-content\/uploads\/2022\/12\/video-el-gesto-de-los-argentinos-en-la-final-que-demuestra-el-fair-play.jpg\"><\/p>\n<div class=\"custom-text \" readability=\"14\">\n<p>Mucho se habl\u00f3 en medios internacionales sobre algunas actitudes de los jugadores argentinos durante el Mundial de Qatar, que termin\u00f3 consagrando a la <strong>Selecci\u00f3n Argentina<\/strong> dirigida por Lionel Scaloni. Que el festejo contra los neerlandeses en los penales, los gestos del Dibu Mart\u00ednez, el ya famoso and\u00e1 pa&#8217; all\u00e1 bobo y m\u00e1s. Sin embargo, poco se debati\u00f3 acerca de c\u00f3mo <strong>buena parte del plantel nacional se acerc\u00f3 a sus pares franceses para contenerlos antes de la entrega de premios del domingo pasado.<\/strong><\/p>\n<\/div>\n<div class=\"sc-88287e78-0 hmcJvF\">\n<div class=\"sc-88287e78-1 idaaCN videoText\" id=\"contentTitleundefinedAeQUACOm\" readability=\"6\"><svg fill=\"#ffffff\"><symbol id=\"play\" viewBox=\"0 0 512 512\"><path d=\"M512 256C512 397.4 397.4 512 256 512C114.6 512 0 397.4 0 256C0 114.6 114.6 0 256 0C397.4 0 512 114.6 512 256zM176 168V344C176 352.7 180.7 360.7 188.3 364.9C195.8 369.2 205.1 369 212.5 364.5L356.5 276.5C363.6 272.1 368 264.4 368 256C368 247.6 363.6 239.9 356.5 235.5L212.5 147.5C205.1 142.1 195.8 142.8 188.3 147.1C180.7 151.3 176 159.3 176 168V168z\" \/><\/symbol><use xlink:href=\"#play\" \/><\/svg><\/p>\n<div class=\"right\" readability=\"7\">\n<p>Selecci\u00f3n Argentina<!-- --> &#8211; <span>23-12-2022<\/span><\/p>\n<h2 class=\"title-vid\">El gesto de fair play de los jugadores argentinos en la final del mundo<\/h2>\n<\/div>\n<\/div>\n<p><span class=\"back\" id=\"spanBackundefinedAeQUACOm\"><\/span><\/div>\n<div class=\"custom-text \" readability=\"13\">\n<p>Despu\u00e9s de celebrar euf\u00f3ricamente los penales y hasta que aguardaron por el montaje de toda la escenograf\u00eda para entregarle la Copa del Mundo a <strong>Lionel Messi<\/strong>, quien la alz\u00f3 ante la mirada de todo el planeta, <strong>Lisandro Mart\u00ednez le dej\u00f3 un mensaje de apoyo y un c\u00e1lido abrazo a Raphael Varane<\/strong>, con quien hace dupla central en el Manchester United.<\/p>\n<\/div>\n<div class=\"sc-489cef11-0 jHGTKj\" readability=\"6\">\n<section readability=\"2\"><picture><img class=\"img\" src=\"http:\/\/hoycordobaweb.com\/wp-content\/uploads\/2022\/12\/video-el-gesto-de-los-argentinos-en-la-final-que-demuestra-el-fair-play-2.jpg\" alt=\"Messi disfruta de sus vacaciones con la ropa de la Selecci\u00f3n\" height=\"290\" width=\"290\" loading=\"lazy\"><\/picture>\n<p><span>Mir\u00e1 tambi\u00e9n<\/span><\/p>\n<hr>\n<h3>Messi disfruta de sus vacaciones con la ropa de la Selecci\u00f3n<\/h3>\n<\/p>\n<\/section>\n<\/div>\n<div class=\"custom-text \" readability=\"15\">\n<p>Lo mismo ocurri\u00f3 con <strong>\u00c1ngel Di Mar\u00eda<\/strong>, que felicit\u00f3 uno por uno a todos los que estaban aguardando ese momento previo al podio. De hecho, se detuvo unos instantes m\u00e1s con los arqueros Hugo Lloris y Alphonso Areola y a Adrien Rabiot. Luego, apareci\u00f3 <strong>Leandro Paredes<\/strong>, quien portaba una bandera nacional colgada en su espalda, para darle un apret\u00f3n de manos al mismo grupo de rivales.<\/p>\n<\/div>\n<div class=\"custom-text \" readability=\"16\">\n<p>El <strong>Papu G\u00f3mez<\/strong>, por su parte, abraz\u00f3 un buen rato a Jules Kound\u00e9, con quien comparti\u00f3 una etapa en el Sevilla antes de que el central y lateral derecho partiera rumbo a Barcelona. Y, para cerrar, el video muestra a<strong> Rodrigo De Paul <\/strong>haciendo lo propio con Antoine Griezmann, compa\u00f1ero suyo en el Atl\u00e9tico Madrid del Cholo Simeone.<\/p>\n<\/div>\n<div class=\"sc-489cef11-0 jHGTKj\" readability=\"6\">\n<section readability=\"2\"><picture><img class=\"img\" src=\"http:\/\/hoycordobaweb.com\/wp-content\/uploads\/2022\/12\/video-el-gesto-de-los-argentinos-en-la-final-que-demuestra-el-fair-play-3.jpg\" alt=\"El Ajax est\u00e1 interesado en fichar a un argentino campe\u00f3n del mundo\" height=\"290\" width=\"290\" loading=\"lazy\"><\/picture>\n<p><span>Mir\u00e1 tambi\u00e9n<\/span><\/p>\n<hr>\n<h3>El Ajax est\u00e1 interesado en fichar a un argentino campe\u00f3n del mundo<\/h3>\n<\/p>\n<\/section>\n<\/div>\n<p><h2><strong>LOS PENALES CONTRA FRANCIA<\/strong><\/h2>\n<\/p>\n<div class=\"sc-88287e78-0 hmcJvF\">\n<div class=\"sc-88287e78-1 idaaCN videoText\" id=\"contentTitleundefinedq85CKAh9\" readability=\"6\"><svg fill=\"#ffffff\"><symbol id=\"play\" viewBox=\"0 0 512 512\"><path d=\"M512 256C512 397.4 397.4 512 256 512C114.6 512 0 397.4 0 256C0 114.6 114.6 0 256 0C397.4 0 512 114.6 512 256zM176 168V344C176 352.7 180.7 360.7 188.3 364.9C195.8 369.2 205.1 369 212.5 364.5L356.5 276.5C363.6 272.1 368 264.4 368 256C368 247.6 363.6 239.9 356.5 235.5L212.5 147.5C205.1 142.1 195.8 142.8 188.3 147.1C180.7 151.3 176 159.3 176 168V168z\" \/><\/symbol><use xlink:href=\"#play\" \/><\/svg><\/p>\n<div class=\"right\" readability=\"7\">\n<p>Selecci\u00f3n Argentina<!-- --> &#8211; <span>23-12-2022<\/span><\/p>\n<h2 class=\"title-vid\">La tanda de penales completa para que Argentina sea campe\u00f3n<\/h2>\n<\/div>\n<\/div>\n<p><span class=\"back\" id=\"spanBackundefinedq85CKAh9\"><\/span><\/div>\n<div class=\"sc-88287e78-0 hmcJvF\">\n<div class=\"sc-88287e78-1 idaaCN videoText\" id=\"contentTitleundefinedP8q2URWG\" readability=\"6\"><svg fill=\"#ffffff\"><symbol id=\"play\" viewBox=\"0 0 512 512\"><path d=\"M512 256C512 397.4 397.4 512 256 512C114.6 512 0 397.4 0 256C0 114.6 114.6 0 256 0C397.4 0 512 114.6 512 256zM176 168V344C176 352.7 180.7 360.7 188.3 364.9C195.8 369.2 205.1 369 212.5 364.5L356.5 276.5C363.6 272.1 368 264.4 368 256C368 247.6 363.6 239.9 356.5 235.5L212.5 147.5C205.1 142.1 195.8 142.8 188.3 147.1C180.7 151.3 176 159.3 176 168V168z\" \/><\/symbol><use xlink:href=\"#play\" \/><\/svg><\/p>\n<div class=\"right\" readability=\"7\">\n<p>Dibu Mart\u00ednez<!-- --> &#8211; <span>23-12-2022<\/span><\/p>\n<h2 class=\"title-vid\">El Dibu Mart\u00ednez volvi\u00f3 a hacer el baile de los penales<\/h2>\n<\/div>\n<\/div>\n<p><span class=\"back\" id=\"spanBackundefinedP8q2URWG\"><\/span><\/div>\n","protected":false},"excerpt":{"rendered":"<p>Mucho se habl\u00f3 en medios internacionales sobre algunas actitudes de los jugadores argentinos durante el Mundial de Qatar, que termin\u00f3 consagrando a la Selecci\u00f3n Argentina dirigida por Lionel Scaloni. Que el festejo contra los neerlandeses en los penales, los gestos del Dibu Mart\u00ednez, el ya famoso and\u00e1 pa&#8217; all\u00e1 bobo y m\u00e1s. Sin embargo, poco [&hellip;]<\/p>\n","protected":false},"author":1,"featured_media":53095,"comment_status":"open","ping_status":"closed","sticky":false,"template":"","format":"standard","meta":[],"categories":[16],"tags":[],"_links":{"self":[{"href":"http:\/\/hoycordobaweb.com\/index.php\/wp-json\/wp\/v2\/posts\/53094"}],"collection":[{"href":"http:\/\/hoycordobaweb.com\/index.php\/wp-json\/wp\/v2\/posts"}],"about":[{"href":"http:\/\/hoycordobaweb.com\/index.php\/wp-json\/wp\/v2\/types\/post"}],"author":[{"embeddable":true,"href":"http:\/\/hoycordobaweb.com\/index.php\/wp-json\/wp\/v2\/users\/1"}],"replies":[{"embeddable":true,"href":"http:\/\/hoycordobaweb.com\/index.php\/wp-json\/wp\/v2\/comments?post=53094"}],"version-history":[{"count":0,"href":"http:\/\/hoycordobaweb.com\/index.php\/wp-json\/wp\/v2\/posts\/53094\/revisions"}],"wp:featuredmedia":[{"embeddable":true,"href":"http:\/\/hoycordobaweb.com\/index.php\/wp-json\/wp\/v2\/media\/53095"}],"wp:attachment":[{"href":"http:\/\/hoycordobaweb.com\/index.php\/wp-json\/wp\/v2\/media?parent=53094"}],"wp:term":[{"taxonomy":"category","embeddable":true,"href":"http:\/\/hoycordobaweb.com\/index.php\/wp-json\/wp\/v2\/categories?post=53094"},{"taxonomy":"post_tag","embeddable":true,"href":"http:\/\/hoycordobaweb.com\/index.php\/wp-json\/wp\/v2\/tags?post=53094"}],"curies":[{"name":"wp","href":"https:\/\/api.w.org\/{rel}","templated":true}]}}