{"id":53074,"date":"2022-12-22T14:33:25","date_gmt":"2022-12-22T14:33:25","guid":{"rendered":"https:\/\/fono.fcm.unc.edu.ar\/?p=10128"},"modified":"2022-12-22T14:33:25","modified_gmt":"2022-12-22T14:33:25","slug":"practicas-de-primer-nivel-1-llamado-2023","status":"publish","type":"post","link":"http:\/\/hoycordobaweb.com\/index.php\/2022\/12\/22\/practicas-de-primer-nivel-1-llamado-2023\/","title":{"rendered":"Pr\u00e1cticas de Primer Nivel: 1\u00b0 llamado 2023"},"content":{"rendered":"<h2 class=\"fusion-post-title\">Pr\u00e1cticas de Primer Nivel: 1\u00b0 llamado 2023<\/h2>\n<div class=\"post-content\" readability=\"43\">\n<p><img loading=\"lazy\" class=\"alignright size-fusion-400 wp-image-10132\" src=\"https:\/\/fono.fcm.unc.edu.ar\/wp-content\/uploads\/sites\/14\/2022\/12\/WhatsApp-Image-2022-12-22-at-11.38.22-400x400.jpeg\" alt width=\"400\" height=\"400\" srcset=\"https:\/\/fono.fcm.unc.edu.ar\/wp-content\/uploads\/sites\/14\/2022\/12\/WhatsApp-Image-2022-12-22-at-11.38.22-66x66.jpeg 66w, https:\/\/fono.fcm.unc.edu.ar\/wp-content\/uploads\/sites\/14\/2022\/12\/WhatsApp-Image-2022-12-22-at-11.38.22-150x150.jpeg 150w, https:\/\/fono.fcm.unc.edu.ar\/wp-content\/uploads\/sites\/14\/2022\/12\/WhatsApp-Image-2022-12-22-at-11.38.22-200x200.jpeg 200w, https:\/\/fono.fcm.unc.edu.ar\/wp-content\/uploads\/sites\/14\/2022\/12\/WhatsApp-Image-2022-12-22-at-11.38.22-300x300.jpeg 300w, https:\/\/fono.fcm.unc.edu.ar\/wp-content\/uploads\/sites\/14\/2022\/12\/WhatsApp-Image-2022-12-22-at-11.38.22-400x400.jpeg 400w, https:\/\/fono.fcm.unc.edu.ar\/wp-content\/uploads\/sites\/14\/2022\/12\/WhatsApp-Image-2022-12-22-at-11.38.22-600x600.jpeg 600w, https:\/\/fono.fcm.unc.edu.ar\/wp-content\/uploads\/sites\/14\/2022\/12\/WhatsApp-Image-2022-12-22-at-11.38.22-768x768.jpeg 768w, https:\/\/fono.fcm.unc.edu.ar\/wp-content\/uploads\/sites\/14\/2022\/12\/WhatsApp-Image-2022-12-22-at-11.38.22-800x800.jpeg 800w, https:\/\/fono.fcm.unc.edu.ar\/wp-content\/uploads\/sites\/14\/2022\/12\/WhatsApp-Image-2022-12-22-at-11.38.22-1024x1024.jpeg 1024w, https:\/\/fono.fcm.unc.edu.ar\/wp-content\/uploads\/sites\/14\/2022\/12\/WhatsApp-Image-2022-12-22-at-11.38.22.jpeg 1080w\" sizes=\"(max-width: 400px) 100vw, 400px\">Desde la asignatura Pr\u00e1cticas de Primer Nivel se informa que el primer llamado correspondiente al ciclo lectivo 2023 se abrir\u00e1 luego que finalicen las mesas de examen correspondientes a los turnos de febrero y marzo a fin de que estudiantes interesadxs puedan completar los requisitos: tener aprobadas todas las asignaturas de 1\u00b0 y 2\u00b0 a\u00f1o de la carrera.<\/p>\n<p>Posterior al 20 de marzo de 2023 se informar\u00e1 a trav\u00e9s de los canales oficiales de la Escuela de Fonoaudiolog\u00eda la fechas de inscripci\u00f3n e inicio de la comisi\u00f3n.<\/p>\n<p>Importante: estudiantes que deban cursar 4\u00b0 a\u00f1o, desde Despacho de Alumnos se los inscribir\u00e1 en condici\u00f3n \u00abPendiente\u00bb hasta tanto completen la totalidad de los requisitos antes de culminar la cursada 2023.<\/p>\n<\/p><\/div>\n","protected":false},"excerpt":{"rendered":"<p>Pr\u00e1cticas de Primer Nivel: 1\u00b0 llamado 2023 Desde la asignatura Pr\u00e1cticas de Primer Nivel se informa que el primer llamado correspondiente al ciclo lectivo 2023 se abrir\u00e1 luego que finalicen las mesas de examen correspondientes a los turnos de febrero y marzo a fin de que estudiantes interesadxs puedan completar los requisitos: tener aprobadas todas [&hellip;]<\/p>\n","protected":false},"author":1,"featured_media":0,"comment_status":"closed","ping_status":"closed","sticky":false,"template":"","format":"standard","meta":[],"categories":[1],"tags":[],"_links":{"self":[{"href":"http:\/\/hoycordobaweb.com\/index.php\/wp-json\/wp\/v2\/posts\/53074"}],"collection":[{"href":"http:\/\/hoycordobaweb.com\/index.php\/wp-json\/wp\/v2\/posts"}],"about":[{"href":"http:\/\/hoycordobaweb.com\/index.php\/wp-json\/wp\/v2\/types\/post"}],"author":[{"embeddable":true,"href":"http:\/\/hoycordobaweb.com\/index.php\/wp-json\/wp\/v2\/users\/1"}],"replies":[{"embeddable":true,"href":"http:\/\/hoycordobaweb.com\/index.php\/wp-json\/wp\/v2\/comments?post=53074"}],"version-history":[{"count":0,"href":"http:\/\/hoycordobaweb.com\/index.php\/wp-json\/wp\/v2\/posts\/53074\/revisions"}],"wp:attachment":[{"href":"http:\/\/hoycordobaweb.com\/index.php\/wp-json\/wp\/v2\/media?parent=53074"}],"wp:term":[{"taxonomy":"category","embeddable":true,"href":"http:\/\/hoycordobaweb.com\/index.php\/wp-json\/wp\/v2\/categories?post=53074"},{"taxonomy":"post_tag","embeddable":true,"href":"http:\/\/hoycordobaweb.com\/index.php\/wp-json\/wp\/v2\/tags?post=53074"}],"curies":[{"name":"wp","href":"https:\/\/api.w.org\/{rel}","templated":true}]}}