{"id":53046,"date":"2022-12-23T03:32:15","date_gmt":"2022-12-23T03:32:15","guid":{"rendered":"https:\/\/www.ole.com.ar\/river-plate\/martin-demichelis-debut-river-lesion-kranevitter_0_MWgFiWg4Nf.html"},"modified":"2022-12-23T03:32:15","modified_gmt":"2022-12-23T03:32:15","slug":"que-dijo-demichelis-de-su-debut-y-la-lesion-de-kranevitter","status":"publish","type":"post","link":"http:\/\/hoycordobaweb.com\/index.php\/2022\/12\/23\/que-dijo-demichelis-de-su-debut-y-la-lesion-de-kranevitter\/","title":{"rendered":"\u00bfQu\u00e9 dijo Demichelis de su debut y la lesi\u00f3n de Kranevitter?"},"content":{"rendered":"<p><img src=\"http:\/\/hoycordobaweb.com\/wp-content\/uploads\/2022\/12\/que-dijo-demichelis-de-su-debut-y-la-lesion-de-kranevitter.jpg\"><\/p>\n<div class=\"custom-text \" readability=\"39.300518134715\">\n<p>El golpe de la baja de <a href=\"https:\/\/www.ole.com.ar\/tema\/matias-kranevitter.html\" title=\"Mat\u00edas Kranevitter\" alt=\"Mat\u00edas Kranevitter\" class=\"slug\"><strong>Mat\u00edas Kranevitter<\/strong><\/a> se sinti\u00f3 se traslad\u00f3 r\u00e1pidamente al semblante del plantel de <a href=\"https:\/\/www.ole.com.ar\/tema\/river-plate.html\" title=\"River Plate\" alt=\"River Plate\" class=\"slug\"><strong>River<\/strong><\/a>. Y Mart\u00edn Demichelis, el nuevo conductor de grupo, el que anoche hizo un estreno esperado pero opacado por la noticia de la fractura del volante, no fue la excepci\u00f3n. \u201c<strong>Lamentablemente son cosas del f\u00fatbol, viene con entusiasmo, con energ\u00eda y se confirm\u00f3 la fractura en un hueso del tobillo. Hay que desearle el mejor de los \u00e1nimos y la mejor de las recuperaciones. Es parte del f\u00fatbol\u201d<\/strong>, dijo el det\u00e9 minutos despu\u00e9s de conocer el diagn\u00f3stico del Colo.<\/p>\n<\/div>\n<div class=\"custom-text \" readability=\"40\">\n<p><strong>\u201cEs una tristeza. Todo el grupo ven\u00eda entren\u00e1ndose bien, Mat\u00edas lleg\u00f3 con ganas de aportar. Cuando se qued\u00f3 y no se levantaba, conociendo su car\u00e1cter, se pod\u00eda predecir que algo grave ten\u00eda\u201d<\/strong>, reflexion\u00f3 en voz alta Demichelis, quien lleva nueve d\u00edas de trabajo en River pero ya ha intentado instalarle su software al equipo. <\/p>\n<\/div>\n<div class=\"custom-text \" readability=\"39\">\n<p><strong>\u201cDespu\u00e9s de 40 d\u00edas de vacaciones y pocos d\u00edas de pretemporada la idea era regular las cargas, pero fue un partido demasiado cortado, ningunos de los grupos se pudo poner en marcha y termin\u00f3 sirviendo de poco\u201d<\/strong>, dijo al ser consultado por el juego de Uni\u00f3n La Calera, que adem\u00e1s de brusco tambi\u00e9n forz\u00f3 interrupciones con faltas t\u00e1cticas.<\/p>\n<\/div>\n<div class=\"custom-text \" readability=\"40\">\n<p>Y en esa l\u00ednea fue que Demichelis hizo una diferencia entre lo que pudieron demostrar los titulares y aquellos que ingresaron en el segundo tiempo, cuando el det\u00e9 modific\u00f3 a todos los futbolistas a excepci\u00f3n de Aliendro (reemplaz\u00f3 a Kranevitter).<strong> \u201cEl primer grupo empez\u00f3 a estar un poco mejor a partir de los 25 minutos\u201d, advirti\u00f3. \u201cFue un partido aburrido. Hay mucho para analizar y hay que seguir trabajando y optimizar lo f\u00edsico m\u00e1s all\u00e1 de lo t\u00e9cnico y lo t\u00e1ctico\u201d.<\/strong> Y para eso ya contar\u00e1 con Ignacio Fern\u00e1ndez, quien ayer firm\u00f3 su contrato y hoy se sumar\u00e1 a los trabajos de pretemporada. <strong>\u201cNacho quiso venir y viene con mucha ilusi\u00f3n, va a jerarquizar al plantel\u201d<\/strong>, cerr\u00f3.<\/p>\n<\/div>\n<p><h2><strong>Todas las frases de Demichelis en conferencia<\/strong><\/h2>\n<\/p>\n<div class=\"custom-text \" readability=\"35\">\n<p>\u00abLamentablemente son cosas del f\u00fatbol. <strong>Mat\u00edas (Kranevitter) vino con entusiasmo, con energ\u00eda y se confirm\u00f3 la fractura en un hueso del tobillo. Desearle el mejor de los \u00e1nimos y la mejor de las recuperaciones. Es parte del f\u00fatbol\u00bb.<\/strong><\/p>\n<\/div>\n<div class=\"custom-text \" readability=\"38\">\n<p><strong>\u00abEs una tristeza. <\/strong>Todo el grupo ven\u00eda entren\u00e1ndose bien, lleg\u00f3 con ganas de aportar, de ayudar y jerarquiza al plantel. Cuando se qued\u00f3 en el suelo y no se levantaba, conociendo su car\u00e1cter, ya se pod\u00eda predecir que algo grave ten\u00eda\u00bb.<\/p>\n<\/div>\n<div class=\"sc-88287e78-0 hmcJvF\">\n<div class=\"sc-88287e78-1 idaaCN videoText\" id=\"contentTitleundefined2SA6fdKx\"><svg fill=\"#ffffff\"><symbol id=\"play\" viewBox=\"0 0 512 512\"><path d=\"M512 256C512 397.4 397.4 512 256 512C114.6 512 0 397.4 0 256C0 114.6 114.6 0 256 0C397.4 0 512 114.6 512 256zM176 168V344C176 352.7 180.7 360.7 188.3 364.9C195.8 369.2 205.1 369 212.5 364.5L356.5 276.5C363.6 272.1 368 264.4 368 256C368 247.6 363.6 239.9 356.5 235.5L212.5 147.5C205.1 142.1 195.8 142.8 188.3 147.1C180.7 151.3 176 159.3 176 168V168z\" \/><\/symbol><use xlink:href=\"#play\" \/><\/svg><\/p>\n<div class=\"right\">\n<p>River Plate<!-- --> &#8211; <span>23-12-2022<\/span><\/p>\n<h2 class=\"title-vid\">As\u00ed fue el recibimiento a Demichelis en San Luis<\/h2>\n<\/div>\n<\/div>\n<p><span class=\"back\" id=\"spanBackundefined2SA6fdKx\"><\/span><\/div>\n<div class=\"custom-text \" readability=\"36\">\n<p>\u00abDespu\u00e9s de 40 d\u00edas de vacaciones y pocos d\u00edas de pretemporada, la idea era regular las cargas, pero fue un partido demasiado cortado.<strong> Ninguno de los grupos se pudo poner en marcha y el amistoso termin\u00f3 sirviendo de poco\u00bb.<\/strong><\/p>\n<\/div>\n<div class=\"custom-text \" readability=\"35\">\n<p>\u00abEl primer grupo empez\u00f3 a estar un poco mejor a partir de los 25&#8242; aunque sin situaciones m\u00e1s all\u00e1 de una de Aliendro. <strong>Fue un partido aburrido, que deja mucho para analizar. Hay que seguir trabajando y optimizar lo f\u00edsico m\u00e1s all\u00e1 de lo t\u00e9cnico y lo t\u00e1ctico\u00bb.<\/strong><\/p>\n<\/div>\n<div class=\"sc-489cef11-0 jHGTKj\" readability=\"6\">\n<section readability=\"2\"><picture><img class=\"img\" src=\"http:\/\/hoycordobaweb.com\/wp-content\/uploads\/2022\/12\/que-dijo-demichelis-de-su-debut-y-la-lesion-de-kranevitter-2.jpg\" alt=\"Video: el patad\u00f3n a Kranevitter que lo fractur\u00f3\" height=\"290\" width=\"290\" loading=\"lazy\"><\/picture>\n<p><span>Mir\u00e1 tambi\u00e9n<\/span><\/p>\n<hr>\n<h3>Video: el patad\u00f3n a Kranevitter que lo fractur\u00f3<\/h3>\n<\/p>\n<\/section>\n<\/div>\n<div class=\"custom-text \" readability=\"37\">\n<p>\u00abNo nos pusimos a entrenar penales en estos 10 d\u00edas, hay mucho antes que eso. <strong>Les dije a los chicos que hab\u00edan debutado y sali\u00f3 al rev\u00e9s. No pasa nada, que se olviden. Quisieron patear, ten\u00edan ganas y ya est\u00e1\u00bb.<\/strong><\/p>\n<\/div>\n<div class=\"custom-text \" readability=\"33\">\n<p><strong>\u00abNacho (Fern\u00e1ndez) quiso venir y viene con mucha ilusi\u00f3n, va a jerarquizar mucho al plantel\u00bb.<\/strong><\/p>\n<\/div>\n<div class=\"sc-489cef11-0 jHGTKj\" readability=\"6\">\n<section readability=\"2\"><picture><img class=\"img\" src=\"http:\/\/hoycordobaweb.com\/wp-content\/uploads\/2022\/12\/que-dijo-demichelis-de-su-debut-y-la-lesion-de-kranevitter-3.jpg\" alt=\"El retorno de Aliendro a tres meses de su fractura\" height=\"290\" width=\"290\" loading=\"lazy\"><\/picture>\n<p><span>Mir\u00e1 tambi\u00e9n<\/span><\/p>\n<hr>\n<h3>El retorno de Aliendro a tres meses de su fractura<\/h3>\n<\/p>\n<\/section>\n<\/div>\n<p><h2><strong>La definici\u00f3n por penales entre River y La Calera<\/strong><\/h2>\n<\/p>\n<div class=\"sc-88287e78-0 hmcJvF\">\n<div class=\"sc-88287e78-1 idaaCN videoText\" id=\"contentTitleundefinedtHHzHgfB\"><svg fill=\"#ffffff\"><symbol id=\"play\" viewBox=\"0 0 512 512\"><path d=\"M512 256C512 397.4 397.4 512 256 512C114.6 512 0 397.4 0 256C0 114.6 114.6 0 256 0C397.4 0 512 114.6 512 256zM176 168V344C176 352.7 180.7 360.7 188.3 364.9C195.8 369.2 205.1 369 212.5 364.5L356.5 276.5C363.6 272.1 368 264.4 368 256C368 247.6 363.6 239.9 356.5 235.5L212.5 147.5C205.1 142.1 195.8 142.8 188.3 147.1C180.7 151.3 176 159.3 176 168V168z\" \/><\/symbol><use xlink:href=\"#play\" \/><\/svg><\/p>\n<div class=\"right\">\n<p>River Plate<!-- --> &#8211; <span>23-12-2022<\/span><\/p>\n<h2 class=\"title-vid\">Uni\u00f3n La Calera le gan\u00f3 a River en los penales<\/h2>\n<\/div>\n<\/div>\n<p><span class=\"back\" id=\"spanBackundefinedtHHzHgfB\"><\/span><\/div>\n<div class=\"sc-489cef11-0 jHGTKj\" readability=\"6\">\n<section readability=\"2\"><picture><img class=\"img\" src=\"http:\/\/hoycordobaweb.com\/wp-content\/uploads\/2022\/12\/que-dijo-demichelis-de-su-debut-y-la-lesion-de-kranevitter-4.jpg\" alt=\"La llamativa charla de Enzo P\u00e9rez con sus compa\u00f1eros\" height=\"290\" width=\"290\" loading=\"lazy\"><\/picture>\n<p><span>Mir\u00e1 tambi\u00e9n<\/span><\/p>\n<hr>\n<h3>La llamativa charla de Enzo P\u00e9rez con sus compa\u00f1eros<\/h3>\n<\/p>\n<\/section>\n<\/div>\n","protected":false},"excerpt":{"rendered":"<p>El golpe de la baja de Mat\u00edas Kranevitter se sinti\u00f3 se traslad\u00f3 r\u00e1pidamente al semblante del plantel de River. Y Mart\u00edn Demichelis, el nuevo conductor de grupo, el que anoche hizo un estreno esperado pero opacado por la noticia de la fractura del volante, no fue la excepci\u00f3n. \u201cLamentablemente son cosas del f\u00fatbol, viene con [&hellip;]<\/p>\n","protected":false},"author":1,"featured_media":53047,"comment_status":"open","ping_status":"closed","sticky":false,"template":"","format":"standard","meta":[],"categories":[16],"tags":[],"_links":{"self":[{"href":"http:\/\/hoycordobaweb.com\/index.php\/wp-json\/wp\/v2\/posts\/53046"}],"collection":[{"href":"http:\/\/hoycordobaweb.com\/index.php\/wp-json\/wp\/v2\/posts"}],"about":[{"href":"http:\/\/hoycordobaweb.com\/index.php\/wp-json\/wp\/v2\/types\/post"}],"author":[{"embeddable":true,"href":"http:\/\/hoycordobaweb.com\/index.php\/wp-json\/wp\/v2\/users\/1"}],"replies":[{"embeddable":true,"href":"http:\/\/hoycordobaweb.com\/index.php\/wp-json\/wp\/v2\/comments?post=53046"}],"version-history":[{"count":0,"href":"http:\/\/hoycordobaweb.com\/index.php\/wp-json\/wp\/v2\/posts\/53046\/revisions"}],"wp:featuredmedia":[{"embeddable":true,"href":"http:\/\/hoycordobaweb.com\/index.php\/wp-json\/wp\/v2\/media\/53047"}],"wp:attachment":[{"href":"http:\/\/hoycordobaweb.com\/index.php\/wp-json\/wp\/v2\/media?parent=53046"}],"wp:term":[{"taxonomy":"category","embeddable":true,"href":"http:\/\/hoycordobaweb.com\/index.php\/wp-json\/wp\/v2\/categories?post=53046"},{"taxonomy":"post_tag","embeddable":true,"href":"http:\/\/hoycordobaweb.com\/index.php\/wp-json\/wp\/v2\/tags?post=53046"}],"curies":[{"name":"wp","href":"https:\/\/api.w.org\/{rel}","templated":true}]}}