{"id":53042,"date":"2022-12-22T11:45:56","date_gmt":"2022-12-22T11:45:56","guid":{"rendered":"https:\/\/manoamanocba.com.ar\/?p=5987"},"modified":"2022-12-22T11:45:56","modified_gmt":"2022-12-22T11:45:56","slug":"inauguraron-el-nuevo-paseo-en-la-ex-carcel-de-barrio-san-martin","status":"publish","type":"post","link":"http:\/\/hoycordobaweb.com\/index.php\/2022\/12\/22\/inauguraron-el-nuevo-paseo-en-la-ex-carcel-de-barrio-san-martin\/","title":{"rendered":"Inauguraron el nuevo paseo en la ex c\u00e1rcel de barrio San Mart\u00edn"},"content":{"rendered":"<p>El gobernador de C\u00f3rdoba, <strong>Juan Schiaretti,<\/strong> junto al intendente de la ciudad de C\u00f3rdoba, Mart\u00edn Llaryora, inauguraron el nuevo&nbsp;<strong>Paseo San Mart\u00edn<\/strong>&nbsp;en la Capital provincial, ubicado en el predio donde antes funcion\u00f3 la ex c\u00e1rcel San Mart\u00edn, en el&nbsp;<strong>barrio hom\u00f3nimo.<\/strong><\/p>\n<p>Durante el corte de cintas, Schiaretti destac\u00f3 que la Provincia recuper\u00f3 este espacio para uso recreativo de los vecinos.&nbsp;<em>\u201cQued\u00f3 espectacular; da la sensaci\u00f3n de que uno est\u00e1 en una enorme plaza que se le suma a los espacios verdes de esta barriada, algo que hac\u00eda falta\u00bb<\/em>, expres\u00f3.<\/p>\n<p>Schiaretti consider\u00f3 esencial&nbsp;<em>\u00abconservar la memoria para que no se vuelvan a repetir los cr\u00edmenes de lesa humanidad y el terrorismo de Estado\u00bb<\/em>. Y agreg\u00f3:&nbsp;<em>\u00abEste sitio, adem\u00e1s de ser un nuevo espacio verde para el barrio, es tambi\u00e9n un s\u00edmbolo de la memoria que los cordobeses jam\u00e1s debemos perder\u00bb<\/em>.<\/p>\n<p><a href=\"http:\/\/manoamanocba.com.ar\/wp-content\/uploads\/2022\/12\/WhatsApp-Image-2022-12-21-at-20.19.20.jpeg\"><img loading=\"lazy\" class=\"size-medium wp-image-5989 aligncenter\" src=\"http:\/\/hoycordobaweb.com\/wp-content\/uploads\/2022\/12\/inauguraron-el-nuevo-paseo-en-la-ex-carcel-de-barrio-san-martin.jpg\" alt width=\"300\" height=\"200\" srcset=\"http:\/\/hoycordobaweb.com\/wp-content\/uploads\/2022\/12\/inauguraron-el-nuevo-paseo-en-la-ex-carcel-de-barrio-san-martin.jpg 300w, http:\/\/hoycordobaweb.com\/wp-content\/uploads\/2022\/12\/inauguraron-el-nuevo-paseo-en-la-ex-carcel-de-barrio-san-martin-3.jpg 1024w, http:\/\/hoycordobaweb.com\/wp-content\/uploads\/2022\/12\/inauguraron-el-nuevo-paseo-en-la-ex-carcel-de-barrio-san-martin-4.jpg 768w, http:\/\/hoycordobaweb.com\/wp-content\/uploads\/2022\/12\/inauguraron-el-nuevo-paseo-en-la-ex-carcel-de-barrio-san-martin-5.jpg 272w, http:\/\/hoycordobaweb.com\/wp-content\/uploads\/2022\/12\/inauguraron-el-nuevo-paseo-en-la-ex-carcel-de-barrio-san-martin-6.jpg 1392w\" sizes=\"(max-width: 300px) 100vw, 300px\"><\/a><\/p>\n<p>En este sentido, dijo:&nbsp;<em>\u201cEsta plaza rodea a un edificio que es un edificio del sufrimiento, donde se violaron los derechos humanos; por lo tanto, es bien merecido el nombre de Monumento a la Memoria\u201d.<\/em><\/p>\n<p>El flamante&nbsp;<strong>parque urbano<\/strong>&nbsp;construido por la Provincia en la ex penitenciar\u00eda tiene una superficie total de 40.200 metros cuadrados. Contempl\u00f3 la&nbsp;<strong>recuperaci\u00f3n y puesta en valor del espacio verde<\/strong>&nbsp;que rodea al ex establecimiento carcelario, declarado patrimonio municipal y monumento a la memoria por su valor tipol\u00f3gico y arquitect\u00f3nico.<\/p>\n<p><a href=\"http:\/\/manoamanocba.com.ar\/wp-content\/uploads\/2022\/12\/MG_8663.jpg\"><img loading=\"lazy\" class=\"size-medium wp-image-5990 aligncenter\" src=\"http:\/\/hoycordobaweb.com\/wp-content\/uploads\/2022\/12\/inauguraron-el-nuevo-paseo-en-la-ex-carcel-de-barrio-san-martin-1.jpg\" alt width=\"300\" height=\"200\" srcset=\"http:\/\/hoycordobaweb.com\/wp-content\/uploads\/2022\/12\/inauguraron-el-nuevo-paseo-en-la-ex-carcel-de-barrio-san-martin-7.jpg 300w, http:\/\/hoycordobaweb.com\/wp-content\/uploads\/2022\/12\/inauguraron-el-nuevo-paseo-en-la-ex-carcel-de-barrio-san-martin-8.jpg 1024w, http:\/\/hoycordobaweb.com\/wp-content\/uploads\/2022\/12\/inauguraron-el-nuevo-paseo-en-la-ex-carcel-de-barrio-san-martin-9.jpg 768w, http:\/\/hoycordobaweb.com\/wp-content\/uploads\/2022\/12\/inauguraron-el-nuevo-paseo-en-la-ex-carcel-de-barrio-san-martin-10.jpg 1536w, http:\/\/hoycordobaweb.com\/wp-content\/uploads\/2022\/12\/inauguraron-el-nuevo-paseo-en-la-ex-carcel-de-barrio-san-martin-11.jpg 2048w, http:\/\/hoycordobaweb.com\/wp-content\/uploads\/2022\/12\/inauguraron-el-nuevo-paseo-en-la-ex-carcel-de-barrio-san-martin-12.jpg 272w\" sizes=\"(max-width: 300px) 100vw, 300px\"><\/a><\/p>\n<p>La inversi\u00f3n total del Gobierno provincial ascendi\u00f3 a&nbsp;<strong>345.434.703 pesos<\/strong>.<\/p>\n<p>Llaryora agradeci\u00f3 la obra al gobernador y resalt\u00f3 la importancia&nbsp;<em>\u201cde haber recuperado este espacio para los vecinos, en un trabajo conjunto entre el Gobierno provincial y municipal\u201d<\/em>.<\/p>\n<h3><strong>Espacio recreativo<\/strong><\/h3>\n<p>El proyecto plante\u00f3 la recuperaci\u00f3n del predio, donde priman los espacios verdes, \u00e1reas libres de uso recreativo y de esparcimiento para los vecinos. En este caso, se recuper\u00f3 todo el per\u00edmetro, se ensancharon&nbsp;<strong>veredas y se construyeron nuevos accesos diferenciados y d\u00e1rsenas de estacionamiento.<\/strong><\/p>\n<p><strong>Todo el parque est\u00e1 cercado por rejas perimetrales, para mejor resguardo y cuidado del lugar.<\/strong><\/p>\n<p><strong>Tambi\u00e9n se ejecut\u00f3 una&nbsp;<\/strong><strong>pista para&nbsp;<\/strong><em><strong>skate<\/strong><\/em><strong>&nbsp;y bicicletas<\/strong><strong>&nbsp;de 685 metros cuadrados, con&nbsp;<\/strong>l\u00edneas de entrenamiento de variados niveles de dificultad, para ser usada por aficionados y profesionales.<\/p>\n<p><a href=\"http:\/\/manoamanocba.com.ar\/wp-content\/uploads\/2022\/12\/WhatsApp-Image-2022-12-21-at-20.45.27-1.jpeg\"><img loading=\"lazy\" class=\"size-medium wp-image-5991 aligncenter\" src=\"http:\/\/hoycordobaweb.com\/wp-content\/uploads\/2022\/12\/inauguraron-el-nuevo-paseo-en-la-ex-carcel-de-barrio-san-martin-2.jpg\" alt width=\"300\" height=\"200\" srcset=\"http:\/\/hoycordobaweb.com\/wp-content\/uploads\/2022\/12\/inauguraron-el-nuevo-paseo-en-la-ex-carcel-de-barrio-san-martin-13.jpg 300w, http:\/\/hoycordobaweb.com\/wp-content\/uploads\/2022\/12\/inauguraron-el-nuevo-paseo-en-la-ex-carcel-de-barrio-san-martin-14.jpg 768w, http:\/\/hoycordobaweb.com\/wp-content\/uploads\/2022\/12\/inauguraron-el-nuevo-paseo-en-la-ex-carcel-de-barrio-san-martin-15.jpg 272w, http:\/\/hoycordobaweb.com\/wp-content\/uploads\/2022\/12\/inauguraron-el-nuevo-paseo-en-la-ex-carcel-de-barrio-san-martin-16.jpg 960w\" sizes=\"(max-width: 300px) 100vw, 300px\"><\/a><\/p>\n<p>En varios sectores del predio se crearon \u201c<strong>plazas blandas\u201d<\/strong>&nbsp;con juegos infantiles, destinadas al disfrute de los m\u00e1s peque\u00f1os. Poseen piso de caucho para evitar golpes de los ni\u00f1os<strong>.<\/strong><\/p>\n<p><strong>En el parque se dispuso un sistema de riego para el mantenimiento del lugar. Adem\u00e1s, se instal\u00f3 una&nbsp;<\/strong><strong>estaci\u00f3n de bicicletas fijas para reciclado de pl\u00e1sticos<\/strong><strong>. Con la base de la econom\u00eda circular, la intenci\u00f3n es combinar ejercicios f\u00edsicos con una utilidad ecol\u00f3gica. Los pl\u00e1sticos ser\u00e1n recolectados peri\u00f3dicamente.<\/strong><\/p>\n<p>Paralelamente a la construcci\u00f3n del parque, la iniciativa incluy\u00f3 la&nbsp;<strong>restauraci\u00f3n e iluminaci\u00f3n de la fachada del edificio<\/strong>&nbsp;y&nbsp;<strong>las cuatro torretas<\/strong>, y la&nbsp;<strong>recuperaci\u00f3n del portal principal<\/strong>, que se transform\u00f3 en un ingreso peatonal. La fachada se pint\u00f3 en su color original.<\/p>\n<p>Como corolario, un grupo de artistas urbanos colore\u00f3&nbsp;<strong>murales alusivos<\/strong>&nbsp;a la alegr\u00eda, el ocio, el esparcimiento y la memoria en las paredes externas del edificio. Se encuentran ubicados en los muros perimetrales situados sobre calles Paso de Uspallata y Soldado Ruiz.<\/p>\n<p><strong>Este tipo de iniciativas contribuyen a la creaci\u00f3n de infraestructura verde,<\/strong>&nbsp;entendida como una red sin\u00e9rgica y articulada que ayuda a la resiliencia de los sistemas de vida y al bienestar general de las comunidades.<\/p>\n<p><strong>Las zonas verdes ponen en valor el paisaje cultural e hist\u00f3rico<\/strong>, para conferir identidad a los sitios y a los paisajes de las zonas urbanas y periurbanas donde la gente vive y trabaja.<\/p>\n","protected":false},"excerpt":{"rendered":"<p>El gobernador de C\u00f3rdoba, Juan Schiaretti, junto al intendente de la ciudad de C\u00f3rdoba, Mart\u00edn Llaryora, inauguraron el nuevo&nbsp;Paseo San Mart\u00edn&nbsp;en la Capital provincial, ubicado en el predio donde antes funcion\u00f3 la ex c\u00e1rcel San Mart\u00edn, en el&nbsp;barrio hom\u00f3nimo. Durante el corte de cintas, Schiaretti destac\u00f3 que la Provincia recuper\u00f3 este espacio para uso recreativo [&hellip;]<\/p>\n","protected":false},"author":1,"featured_media":53043,"comment_status":"closed","ping_status":"closed","sticky":false,"template":"","format":"standard","meta":[],"categories":[19],"tags":[],"_links":{"self":[{"href":"http:\/\/hoycordobaweb.com\/index.php\/wp-json\/wp\/v2\/posts\/53042"}],"collection":[{"href":"http:\/\/hoycordobaweb.com\/index.php\/wp-json\/wp\/v2\/posts"}],"about":[{"href":"http:\/\/hoycordobaweb.com\/index.php\/wp-json\/wp\/v2\/types\/post"}],"author":[{"embeddable":true,"href":"http:\/\/hoycordobaweb.com\/index.php\/wp-json\/wp\/v2\/users\/1"}],"replies":[{"embeddable":true,"href":"http:\/\/hoycordobaweb.com\/index.php\/wp-json\/wp\/v2\/comments?post=53042"}],"version-history":[{"count":0,"href":"http:\/\/hoycordobaweb.com\/index.php\/wp-json\/wp\/v2\/posts\/53042\/revisions"}],"wp:featuredmedia":[{"embeddable":true,"href":"http:\/\/hoycordobaweb.com\/index.php\/wp-json\/wp\/v2\/media\/53043"}],"wp:attachment":[{"href":"http:\/\/hoycordobaweb.com\/index.php\/wp-json\/wp\/v2\/media?parent=53042"}],"wp:term":[{"taxonomy":"category","embeddable":true,"href":"http:\/\/hoycordobaweb.com\/index.php\/wp-json\/wp\/v2\/categories?post=53042"},{"taxonomy":"post_tag","embeddable":true,"href":"http:\/\/hoycordobaweb.com\/index.php\/wp-json\/wp\/v2\/tags?post=53042"}],"curies":[{"name":"wp","href":"https:\/\/api.w.org\/{rel}","templated":true}]}}