{"id":53040,"date":"2022-12-22T13:09:38","date_gmt":"2022-12-22T13:09:38","guid":{"rendered":"https:\/\/ladecimaweb.com\/?p=15532"},"modified":"2022-12-22T13:09:38","modified_gmt":"2022-12-22T13:09:38","slug":"se-realizo-la-prueba-de-iluminacion-de-la-plaza-de-las-americas","status":"publish","type":"post","link":"http:\/\/hoycordobaweb.com\/index.php\/2022\/12\/22\/se-realizo-la-prueba-de-iluminacion-de-la-plaza-de-las-americas\/","title":{"rendered":"Se realiz\u00f3 la prueba de iluminaci\u00f3n de la plaza de las Am\u00e9ricas"},"content":{"rendered":"<div class=\"boldgrid-section\">\n<div class=\"container\">\n<div class=\"row\">\n<div class=\"col-md-12 col-xs-12 col-sm-12\">\n<p class=\"\">(Prensa de gobierno) La Municipalidad de C\u00f3rdoba realiz\u00f3 exitosamente pruebas lum\u00ednicas como parte de la puesta en valor y recuperaci\u00f3n de la Plaza de las Am\u00e9ricas.<\/p>\n<p class=\"\">Esta luminaria se instal\u00f3 en las \u00faltimas semanas. Se trata de 60 luces led para brindar mayor seguridad a la permanencia y paso por ese sector.<\/p>\n<p class=\"\">All\u00ed los vecinos podr\u00e1n acercarse a pie o en bicicleta, en un espacio verde con perspectiva ambiental que conectar\u00e1 a vecinos de distintos barrios.<\/p>\n<p>En este sector confluyen calles altamente transitadas como la Av. V\u00e9lez S\u00e1rsfield y la Av. Ambrosio Olmos en un espacio que colinda adem\u00e1s con Ciudad Universitaria.<\/p>\n<p class=\"\">La nueva iluminaci\u00f3n mejorar\u00e1 las condiciones para circular por la noche, beneficiando as\u00ed a cientos de j\u00f3venes que pasan por all\u00ed todos los d\u00edas para ir a estudiar, as\u00ed como tambi\u00e9n a ciclistas nocturnos.<\/p>\n<p class=\"\"><img loading=\"lazy\" class=\"wp-image-15534 aligncenter\" src=\"http:\/\/hoycordobaweb.com\/wp-content\/uploads\/2022\/12\/se-realizo-la-prueba-de-iluminacion-de-la-plaza-de-las-americas.jpg\" alt=\"\" width=\"415\" height=\"311\" srcset=\"http:\/\/hoycordobaweb.com\/wp-content\/uploads\/2022\/12\/se-realizo-la-prueba-de-iluminacion-de-la-plaza-de-las-americas.jpg 1600w, http:\/\/hoycordobaweb.com\/wp-content\/uploads\/2022\/12\/se-realizo-la-prueba-de-iluminacion-de-la-plaza-de-las-americas-1.jpg 592w, http:\/\/hoycordobaweb.com\/wp-content\/uploads\/2022\/12\/se-realizo-la-prueba-de-iluminacion-de-la-plaza-de-las-americas-2.jpg 768w, http:\/\/hoycordobaweb.com\/wp-content\/uploads\/2022\/12\/se-realizo-la-prueba-de-iluminacion-de-la-plaza-de-las-americas-3.jpg 1536w\" sizes=\"(max-width: 415px) 100vw, 415px\" \/><\/p>\n<p class=\"\"><strong>\u00bfC\u00f3mo ser\u00e1 la iluminaci\u00f3n?<\/strong><\/p>\n<p>El sistema est\u00e1 compuesto por 60 postes con luces led, que reemplazan a las anteriores luces de sodio. Recientemente se realizaron las primeras pruebas lum\u00ednicas, con excelentes resultados.<\/p>\n<p>La iluminaci\u00f3n con tecnolog\u00eda led en todo el sector es clave dado su alto tr\u00e1nsito vehicular y peatonal, ya que es uno de los accesos a la Ciudad Universitaria y una de las v\u00edas de comunicaci\u00f3n m\u00e1s importante entre el centro y la zona sur de la ciudad.<\/p>\n<p>Se encuentran instaladas en tres grupos viales: las generales, de mayor altura; los reflectores, para iluminaci\u00f3n general interna; y farolas m\u00e1s bajas, para iluminaci\u00f3n peatonal.<\/p>\n<p><strong>\u00bfQu\u00e9 m\u00e1s se est\u00e1 haciendo en la plaza?<\/strong><\/p>\n<p>Adem\u00e1s de la intervenci\u00f3n en la plaza principal, se est\u00e1n poniendo en valor las cuatro plazoletas circundantes.<\/p>\n<p>All\u00ed se encuentran avanzadas las ciclov\u00edas, los senderos y el adoquinado. Luego comenzar\u00e1 la parquizaci\u00f3n de estos espacios.<\/p>\n<p>En la plaza central, mientras tanto, la parquizaci\u00f3n ya comenz\u00f3 y se pueden ver las primeras herb\u00e1ceas arb\u00f3reas y arbustivas.<\/p>\n<p class=\"\">Adem\u00e1s, ya se encuentran montadas las bases donde se instalar\u00e1 un escenario hecho con material reciclable.<\/p>\n<p class=\"\">\n<div class=\"ubm_banner\"><a href=\"https:\/\/www.cba.gov.ar\" target=\"_blank\" rel=\"dofollow noopener noreferrer\"><img src=\"http:\/\/hoycordobaweb.com\/wp-content\/uploads\/2022\/12\/se-realizo-la-prueba-de-iluminacion-de-la-plaza-de-las-americas.gif\" alt=\"\"><\/a><\/div>\n<\/div>\n<\/div>\n<\/div>\n<\/div>\n<p>La entrada <a rel=\"nofollow\" href=\"https:\/\/ladecimaweb.com\/15532-2\/\">Se realiz\u00f3 la prueba de iluminaci\u00f3n de la plaza de las Am\u00e9ricas<\/a> se public\u00f3 primero en <a rel=\"nofollow\" href=\"https:\/\/ladecimaweb.com\">LaDecima<\/a>.<\/p>\n","protected":false},"excerpt":{"rendered":"<p>(Prensa de gobierno) La Municipalidad de C\u00f3rdoba realiz\u00f3 exitosamente pruebas lum\u00ednicas como parte de la puesta en valor y recuperaci\u00f3n de la Plaza de las Am\u00e9ricas. Esta luminaria se instal\u00f3 en las \u00faltimas semanas. Se trata de 60 luces led para brindar mayor seguridad a la permanencia y paso por ese sector. All\u00ed los vecinos [&hellip;]<\/p>\n","protected":false},"author":1,"featured_media":53041,"comment_status":"closed","ping_status":"closed","sticky":false,"template":"","format":"standard","meta":[],"categories":[19],"tags":[],"_links":{"self":[{"href":"http:\/\/hoycordobaweb.com\/index.php\/wp-json\/wp\/v2\/posts\/53040"}],"collection":[{"href":"http:\/\/hoycordobaweb.com\/index.php\/wp-json\/wp\/v2\/posts"}],"about":[{"href":"http:\/\/hoycordobaweb.com\/index.php\/wp-json\/wp\/v2\/types\/post"}],"author":[{"embeddable":true,"href":"http:\/\/hoycordobaweb.com\/index.php\/wp-json\/wp\/v2\/users\/1"}],"replies":[{"embeddable":true,"href":"http:\/\/hoycordobaweb.com\/index.php\/wp-json\/wp\/v2\/comments?post=53040"}],"version-history":[{"count":0,"href":"http:\/\/hoycordobaweb.com\/index.php\/wp-json\/wp\/v2\/posts\/53040\/revisions"}],"wp:featuredmedia":[{"embeddable":true,"href":"http:\/\/hoycordobaweb.com\/index.php\/wp-json\/wp\/v2\/media\/53041"}],"wp:attachment":[{"href":"http:\/\/hoycordobaweb.com\/index.php\/wp-json\/wp\/v2\/media?parent=53040"}],"wp:term":[{"taxonomy":"category","embeddable":true,"href":"http:\/\/hoycordobaweb.com\/index.php\/wp-json\/wp\/v2\/categories?post=53040"},{"taxonomy":"post_tag","embeddable":true,"href":"http:\/\/hoycordobaweb.com\/index.php\/wp-json\/wp\/v2\/tags?post=53040"}],"curies":[{"name":"wp","href":"https:\/\/api.w.org\/{rel}","templated":true}]}}