{"id":53029,"date":"2022-12-22T13:07:00","date_gmt":"2022-12-22T13:07:00","guid":{"rendered":"https:\/\/fm-comunicar.com.ar\/contenido\/19895\/comienza-la-vacunacion-contra-la-fiebre-amarilla-en-jesus-maria"},"modified":"2022-12-22T13:07:00","modified_gmt":"2022-12-22T13:07:00","slug":"comienza-la-vacunacion-contra-la-fiebre-amarilla-en-jesus-maria","status":"publish","type":"post","link":"http:\/\/hoycordobaweb.com\/index.php\/2022\/12\/22\/comienza-la-vacunacion-contra-la-fiebre-amarilla-en-jesus-maria\/","title":{"rendered":"Comienza la vacunaci\u00f3n contra la fiebre amarilla en Jes\u00fas Mar\u00eda"},"content":{"rendered":"<p>Se aplica todos los mi\u00e9rcoles en el Vacunatorio Central con turno previo. Est\u00e1 destinada a todas las personas que viajen a zonas end\u00e9micas o se trasladen a las provincias de Misiones, Corrientes y Formosa.<img src=\"http:\/\/hoycordobaweb.com\/wp-content\/uploads\/2022\/12\/comienza-la-vacunacion-contra-la-fiebre-amarilla-en-jesus-maria.jpg\"><\/p>\n","protected":false},"excerpt":{"rendered":"<p>Se aplica todos los mi\u00e9rcoles en el Vacunatorio Central con turno previo. Est\u00e1 destinada a todas las personas que viajen a zonas end\u00e9micas o se trasladen a las provincias de Misiones, Corrientes y Formosa.<\/p>\n","protected":false},"author":1,"featured_media":53030,"comment_status":"closed","ping_status":"closed","sticky":false,"template":"","format":"standard","meta":[],"categories":[18],"tags":[],"_links":{"self":[{"href":"http:\/\/hoycordobaweb.com\/index.php\/wp-json\/wp\/v2\/posts\/53029"}],"collection":[{"href":"http:\/\/hoycordobaweb.com\/index.php\/wp-json\/wp\/v2\/posts"}],"about":[{"href":"http:\/\/hoycordobaweb.com\/index.php\/wp-json\/wp\/v2\/types\/post"}],"author":[{"embeddable":true,"href":"http:\/\/hoycordobaweb.com\/index.php\/wp-json\/wp\/v2\/users\/1"}],"replies":[{"embeddable":true,"href":"http:\/\/hoycordobaweb.com\/index.php\/wp-json\/wp\/v2\/comments?post=53029"}],"version-history":[{"count":0,"href":"http:\/\/hoycordobaweb.com\/index.php\/wp-json\/wp\/v2\/posts\/53029\/revisions"}],"wp:featuredmedia":[{"embeddable":true,"href":"http:\/\/hoycordobaweb.com\/index.php\/wp-json\/wp\/v2\/media\/53030"}],"wp:attachment":[{"href":"http:\/\/hoycordobaweb.com\/index.php\/wp-json\/wp\/v2\/media?parent=53029"}],"wp:term":[{"taxonomy":"category","embeddable":true,"href":"http:\/\/hoycordobaweb.com\/index.php\/wp-json\/wp\/v2\/categories?post=53029"},{"taxonomy":"post_tag","embeddable":true,"href":"http:\/\/hoycordobaweb.com\/index.php\/wp-json\/wp\/v2\/tags?post=53029"}],"curies":[{"name":"wp","href":"https:\/\/api.w.org\/{rel}","templated":true}]}}