{"id":53024,"date":"2022-12-22T14:54:08","date_gmt":"2022-12-22T14:54:08","guid":{"rendered":"https:\/\/fono.fcm.unc.edu.ar\/?p=10137"},"modified":"2022-12-22T14:54:08","modified_gmt":"2022-12-22T14:54:08","slug":"ingreso-2023-valoraciones-fisicas-e-inscripciones","status":"publish","type":"post","link":"http:\/\/hoycordobaweb.com\/index.php\/2022\/12\/22\/ingreso-2023-valoraciones-fisicas-e-inscripciones\/","title":{"rendered":"Ingreso 2023: valoraciones f\u00edsicas e inscripciones"},"content":{"rendered":"<p><img loading=\"lazy\" class=\"alignright size-fusion-400 wp-image-10139\" src=\"https:\/\/fono.fcm.unc.edu.ar\/wp-content\/uploads\/sites\/14\/2022\/12\/Ingreso-2023-1-400x400.png\" alt width=\"400\" height=\"400\" srcset=\"https:\/\/fono.fcm.unc.edu.ar\/wp-content\/uploads\/sites\/14\/2022\/12\/Ingreso-2023-1-66x66.png 66w, https:\/\/fono.fcm.unc.edu.ar\/wp-content\/uploads\/sites\/14\/2022\/12\/Ingreso-2023-1-150x150.png 150w, https:\/\/fono.fcm.unc.edu.ar\/wp-content\/uploads\/sites\/14\/2022\/12\/Ingreso-2023-1-200x200.png 200w, https:\/\/fono.fcm.unc.edu.ar\/wp-content\/uploads\/sites\/14\/2022\/12\/Ingreso-2023-1-300x300.png 300w, https:\/\/fono.fcm.unc.edu.ar\/wp-content\/uploads\/sites\/14\/2022\/12\/Ingreso-2023-1-400x400.png 400w, https:\/\/fono.fcm.unc.edu.ar\/wp-content\/uploads\/sites\/14\/2022\/12\/Ingreso-2023-1-600x600.png 600w, https:\/\/fono.fcm.unc.edu.ar\/wp-content\/uploads\/sites\/14\/2022\/12\/Ingreso-2023-1-768x768.png 768w, https:\/\/fono.fcm.unc.edu.ar\/wp-content\/uploads\/sites\/14\/2022\/12\/Ingreso-2023-1-800x800.png 800w, https:\/\/fono.fcm.unc.edu.ar\/wp-content\/uploads\/sites\/14\/2022\/12\/Ingreso-2023-1-1024x1024.png 1024w, https:\/\/fono.fcm.unc.edu.ar\/wp-content\/uploads\/sites\/14\/2022\/12\/Ingreso-2023-1.png 1080w\" sizes=\"(max-width: 400px) 100vw, 400px\">La Escuela de Fonoaudiolog\u00eda informa que luego del receso estival, continuar\u00e1 con las valoraciones<strong><em> los d\u00edas 1, 2 y 3 de febrero de 2023.&nbsp;<\/em><\/strong><\/p>\n<p>Asimismo se informa que Despacho de Alumnos continuar\u00e1 con el proceso de&nbsp;<strong>inscripci\u00f3n 1, 2 y 3 de febrero de 2023<\/strong>.<\/p>\n<p>Para consultar los requisitos ingresa <a href=\"https:\/\/fono.fcm.unc.edu.ar\/ingreso-2023\/\" target=\"_blank\" rel=\"noopener noreferrer\">AQU\u00cd<\/a><\/p>\n","protected":false},"excerpt":{"rendered":"<p>La Escuela de Fonoaudiolog\u00eda informa que luego del receso estival, continuar\u00e1 con las valoraciones los d\u00edas 1, 2 y 3 de febrero de 2023.&nbsp; Asimismo se informa que Despacho de Alumnos continuar\u00e1 con el proceso de&nbsp;inscripci\u00f3n 1, 2 y 3 de febrero de 2023. Para consultar los requisitos ingresa AQU\u00cd<\/p>\n","protected":false},"author":1,"featured_media":0,"comment_status":"closed","ping_status":"closed","sticky":false,"template":"","format":"standard","meta":[],"categories":[1],"tags":[],"_links":{"self":[{"href":"http:\/\/hoycordobaweb.com\/index.php\/wp-json\/wp\/v2\/posts\/53024"}],"collection":[{"href":"http:\/\/hoycordobaweb.com\/index.php\/wp-json\/wp\/v2\/posts"}],"about":[{"href":"http:\/\/hoycordobaweb.com\/index.php\/wp-json\/wp\/v2\/types\/post"}],"author":[{"embeddable":true,"href":"http:\/\/hoycordobaweb.com\/index.php\/wp-json\/wp\/v2\/users\/1"}],"replies":[{"embeddable":true,"href":"http:\/\/hoycordobaweb.com\/index.php\/wp-json\/wp\/v2\/comments?post=53024"}],"version-history":[{"count":0,"href":"http:\/\/hoycordobaweb.com\/index.php\/wp-json\/wp\/v2\/posts\/53024\/revisions"}],"wp:attachment":[{"href":"http:\/\/hoycordobaweb.com\/index.php\/wp-json\/wp\/v2\/media?parent=53024"}],"wp:term":[{"taxonomy":"category","embeddable":true,"href":"http:\/\/hoycordobaweb.com\/index.php\/wp-json\/wp\/v2\/categories?post=53024"},{"taxonomy":"post_tag","embeddable":true,"href":"http:\/\/hoycordobaweb.com\/index.php\/wp-json\/wp\/v2\/tags?post=53024"}],"curies":[{"name":"wp","href":"https:\/\/api.w.org\/{rel}","templated":true}]}}