{"id":53022,"date":"2022-12-22T22:13:00","date_gmt":"2022-12-22T22:13:00","guid":{"rendered":"http:\/\/hoycordobaweb.com\/index.php\/2022\/12\/22\/multitudinario-homenaje-para-dibu-martinez-en-mar-del-plata\/"},"modified":"2022-12-22T22:13:00","modified_gmt":"2022-12-22T22:13:00","slug":"multitudinario-homenaje-para-dibu-martinez-en-mar-del-plata","status":"publish","type":"post","link":"http:\/\/hoycordobaweb.com\/index.php\/2022\/12\/22\/multitudinario-homenaje-para-dibu-martinez-en-mar-del-plata\/","title":{"rendered":"Multitudinario homenaje para \u00abDibu\u00bb Mart\u00ednez en Mar del Plata"},"content":{"rendered":"<p><img src=\"http:\/\/hoycordobaweb.com\/wp-content\/uploads\/2022\/12\/multitudinario-homenaje-para-dibu-martinez-en-mar-del-plata.jpg\"><\/p>\n<figure class=\"mb-3\"><img loading=\"lazy\" src=\"http:\/\/hoycordobaweb.com\/wp-content\/uploads\/2022\/12\/multitudinario-homenaje-para-dibu-martinez-en-mar-del-plata-2.jpg\" width=\"100%\" height=\"100%\" alt=\"Foto Diego Izquierdo\"><figcaption> Foto: Diego Izquierdo. <\/figcaption><\/figure>\n<p>H\u00e9roe en los penales contra Francia y due\u00f1o indiscutido del arco de la Selecci\u00f3n campeona del Mundo en Qatar, Emiliano \u00abDibu\u00bb Mart\u00ednez reafirm\u00f3 este jueves su condici\u00f3n de \u00eddolo en su ciudad natal, Mar del Plata, donde fue recibido por cerca de cien mil personas con el mar como fondo.<\/p>\n<p>El aquero argentino fue homenajeado por miles de vecinos y turistas que coparon desde temprano la zona del play\u00f3n Las Toscas, entre el Torre\u00f3n del Monje y el Hotel Provincial, donde se instal\u00f3 el Arena Fest para seguir cada partido de Argentina durante el mundial.<\/p>\n<p>Emocionado, agradeci\u00f3<strong> \u00abel aliento de la gente en cada partido\u00bb, que empujaba \u00abcuando las piernas no daban\u00bb.<\/strong><\/p>\n<p>\u00ab<strong>Fue un sue\u00f1o cuando me fui a los 12 a\u00f1os a Independiente para ser jugador profesional y cuando empec\u00e9 a jugar en la Selecci\u00f3n yo quer\u00eda traer un titulo a mi cuidad. Le di la Copa Am\u00e9rica, ganamos la Recopa en Wembley a los campeones de Europa, y le ganamos a los \u00faltimos campeones del mundo en Qatar\u00bb,<\/strong> expres\u00f3.<\/p>\n<blockquote class=\"instagram-media\" data-instgrm-captioned data-instgrm-permalink=\"https:\/\/www.instagram.com\/reel\/CmfFtCsK4hk\/?utm_source=ig_embed&amp;utm_campaign=loading\" data-instgrm-version=\"14\" readability=\"-0.21428571428571\"><\/blockquote>\n<p>El homenaje empez\u00f3 minutos despu\u00e9s de las 16, con la intervenci\u00f3n de grupos locales, pero los carteles con agradecimientos y mensajes para \u00abDibu\u00bb comenzaron a llenar el lugar desde mucho antes.<\/p>\n<p><strong>\u00abHaceme upa\u00bb, \u00abMir\u00e1 que te como\u00bb, \u00abGracias por ser marplatense\u00bb, \u00abGracias por esta alegr\u00eda\u00bb, \u00abDame tu firma as\u00ed me la tat\u00fao\u00bb<\/strong> eran algunas de las frases escritas a mano sobre cartulinas, pancartas o remeras por quienes colmaron la barranca de c\u00e9sped y cada rinc\u00f3n del play\u00f3n ubicado junto al mar.<\/p>\n<figure class=\"mb-3\"><img loading=\"lazy\" src=\"http:\/\/hoycordobaweb.com\/wp-content\/uploads\/2022\/12\/multitudinario-homenaje-para-dibu-martinez-en-mar-del-plata-3.jpg\" width=\"100%\" height=\"100%\" alt=\"Foto Diego Izquierdo\"><figcaption> Foto: Diego Izquierdo. <\/figcaption><\/figure>\n<p>Mart\u00ednez lleg\u00f3 a la ciudad el martes por la noche, tras ser parte de los festejos del lunes en los que particip\u00f3 todo el plantel.<\/p>\n<p>El jugador se instal\u00f3 tras su arribo en su casa en el barrio cerrado Rumenc\u00f3, en la zona sur, y el mi\u00e9rcoles aprovech\u00f3 para jugar al padel con su hermano Alejandro en el complejo World Padel Center, ubicado en la zona del Puerto, seg\u00fan public\u00f3 en sus redes sociales.<\/p>\n<p>Desde la ma\u00f1ana del jueves hubo decenas de fan\u00e1ticos de la Selecci\u00f3n que se instalaron tambi\u00e9n en el ingreso al barrio cerrado para tratar de conseguir una foto o un aut\u00f3grafo suyos.<\/p>\n<p>Y a medida que se acerc\u00f3 la hora del acto principal frente al mar, <strong>fue necesario el corte de tr\u00e1nsito en un \u00e1rea de varias manzanas en la zona de la costa, donde se concentraron cerca de 100 mil personas,<\/strong> seg\u00fan estimaron fuentes de Defensa Civil.<\/p>\n<figure class=\"mb-3\"><img loading=\"lazy\" src=\"http:\/\/hoycordobaweb.com\/wp-content\/uploads\/2022\/12\/multitudinario-homenaje-para-dibu-martinez-en-mar-del-plata-4.jpg\" width=\"100%\" height=\"100%\" alt=\"Foto Diego Izquierdo\"><figcaption> Foto: Diego Izquierdo. <\/figcaption><\/figure>\n<p>La previa del acto estuvo a cargo de grupos locales como S\u00e9ptimo D\u00eda y La Banda de Wally, y tras la llegada de Mart\u00ednez al lugar del homenaje cerca de las 17.30 junto a su familia, se reprodujo en las pantallas gigantes un video con sus momentos m\u00e1s destacados durante el mundial.<\/p>\n<p>En el escenario, estuvieron junto al arquero un grupo de ni\u00f1os y ni\u00f1as de los clubes de la ciudad San Isidro, Urquiza y Talleres, en los que jug\u00f3 cuando era chico.<\/p>\n<p>Tambi\u00e9n estuvo Franco Greco, goleador de la Selecci\u00f3n argentina de F\u00fatbol Sobre Silla de Ruedas.<\/p>\n<p><strong>El arquero tuvo la oportunidad de ver adem\u00e1s un compilado con los mejores momentos que se vivieron en el Arena Fest a lo largo de los siete partidos del seleccionado, y la procesi\u00f3n de hinchas desde ese punto hasta el epicentro de los festejos en el centro de la ciudad tras la victoria por penales ante Francia <\/strong>el \u00faltimo domingo.<\/p>\n<p>Emocionado, record\u00f3 la atajada del \u00faltimo minuto del alargue contra Francia a Randal Kolo Muani: \u00ab<strong>Fue incre\u00edble porque ven\u00edamos de 70 minutos muy buenos, hubo un penal que vino de la nada, y ellos se agrandaron y estuvieron cerca de ganarlo, pero hasta que la pelota no entra no hay que festejar<\/strong>\u00ab.<\/p>\n<p>Asegur\u00f3 adem\u00e1s que su sue\u00f1o \u00abera darle un t\u00edtulo a Leo\u00bb Messi con la Selecci\u00f3n.<\/p>\n<p><strong>\u00abMi sue\u00f1o final como arquero, como deportista, era darle al mejor jugador del mundo la copa Mundial para que no haya duda de que es el mejor futbolista de la historia. Le mand\u00e9 un mensaje personal despu\u00e9s de la final en el que le dec\u00eda much\u00edsimas gracias por darme un mundial, y \u00e9l me dijo lo mismo. Es algo incre\u00edble que el mejor jugador me respete\u00bb<\/strong>, cont\u00f3.<\/p>\n<figure class=\"mb-3\"><img loading=\"lazy\" src=\"http:\/\/hoycordobaweb.com\/wp-content\/uploads\/2022\/12\/multitudinario-homenaje-para-dibu-martinez-en-mar-del-plata-5.jpg\" width=\"100%\" height=\"100%\" alt=\"Foto Diego Izquierdo\"><figcaption> Foto: Diego Izquierdo. <\/figcaption><\/figure>\n<p>\u00abDibu\u00bb agradeci\u00f3 el apoyo de la ciudad en cada partido, y dijo que el equipo nacional jugaba \u00abpor la gente\u00bb y que gracias al aliento, \u00abcuando las piernas no daban, el coraz\u00f3n daba un paso adelante\u00bb.<\/p>\n<p>Brome\u00f3 incluso con el proyecto lanzado en redes sociales para que se instalara una estatua suya montando uno de los famosos lobos marinos de La Rambla marplatense: \u00ab<strong>Si la gente me pide a cocochito, que sea a cocochito\u00bb.<\/strong><\/p>\n<p>Alent\u00f3 adem\u00e1s a \u00ablos m\u00e1s chicos\u00bb a que \u00abtengan el sue\u00f1o de lograr la cuarta\u00bb copa mundial para el pa\u00eds.<\/p>\n<h2 class> La historia de \u00abDibu\u00bb Mart\u00ednez <\/h2>\n<p> Se inici\u00f3 como futbolista en clubes locales y a los 12 a\u00f1os dej\u00f3 Mar del Plata luego de Miguel \u00c1ngel \u00abPepe\u00bb Santoro le abriera las puertas de Independiente de Avellaneda.<\/p>\n<p>A los 17 a\u00f1os se march\u00f3 a Inglaterra y sus primeros pasos fueron en el Arsenal, que lo cedi\u00f3 a pr\u00e9stamo en diferentes clubes del ascenso de ese pa\u00eds y de Espa\u00f1a.<\/p>\n<p><strong>A partir de una grave lesi\u00f3n del arquero Bern Leno, complet\u00f3 la temporada 2019-20 como titular de los \u00abGunners\u00bb.<\/strong><\/p>\n<p>Ese fue el gran quiebre en su carrera, ya que gracias a sus grandes actuaciones, Aston Villa finalmente lo adquiri\u00f3 por casi 20 millones de libras, y se convirti\u00f3 en el arquero argentino m\u00e1s caro de la historia.<\/p>\n<figure class=\"mb-3\"><img loading=\"lazy\" src=\"http:\/\/hoycordobaweb.com\/wp-content\/uploads\/2022\/12\/multitudinario-homenaje-para-dibu-martinez-en-mar-del-plata-6.jpg\" width=\"100%\" height=\"100%\" alt=\"Foto Diego Izquierdo\"><figcaption> Foto: Diego Izquierdo. <\/figcaption><\/figure>\n<p>Al mismo tiempo, se gan\u00f3 el puesto como titular en la Selecci\u00f3n Argentina, para levantar la Copa Am\u00e9rica en el Maracan\u00e1 en 2021 tras una actuaci\u00f3n notable en la definici\u00f3n por penales en semifinales ante Colombia, y ahora la del Mundo en Doha, en Qatar.<\/p>\n<p>Tras el t\u00edtulo obtenido el \u00faltimo domingo, la admiraci\u00f3n y el agradecimiento de la ciudad al arquero se tradujo en iniciativas como la instalaci\u00f3n de una gigantograf\u00eda suya bajo un arco de hormig\u00f3n armado de la Plazoleta Astor Piazzolla, murales en distintos barrios y proyectos de concejales que impulsan por ejemplo que el estadio mundialista Jos\u00e9 Mar\u00eda Minella sea rebautizado con su nombre. <\/p>\n","protected":false},"excerpt":{"rendered":"<p>Foto: Diego Izquierdo. H\u00e9roe en los penales contra Francia y due\u00f1o indiscutido del arco de la Selecci\u00f3n campeona del Mundo en Qatar, Emiliano \u00abDibu\u00bb Mart\u00ednez reafirm\u00f3 este jueves su condici\u00f3n de \u00eddolo en su ciudad natal, Mar del Plata, donde fue recibido por cerca de cien mil personas con el mar como fondo. El aquero [&hellip;]<\/p>\n","protected":false},"author":1,"featured_media":53023,"comment_status":"open","ping_status":"closed","sticky":false,"template":"","format":"standard","meta":[],"categories":[16],"tags":[],"_links":{"self":[{"href":"http:\/\/hoycordobaweb.com\/index.php\/wp-json\/wp\/v2\/posts\/53022"}],"collection":[{"href":"http:\/\/hoycordobaweb.com\/index.php\/wp-json\/wp\/v2\/posts"}],"about":[{"href":"http:\/\/hoycordobaweb.com\/index.php\/wp-json\/wp\/v2\/types\/post"}],"author":[{"embeddable":true,"href":"http:\/\/hoycordobaweb.com\/index.php\/wp-json\/wp\/v2\/users\/1"}],"replies":[{"embeddable":true,"href":"http:\/\/hoycordobaweb.com\/index.php\/wp-json\/wp\/v2\/comments?post=53022"}],"version-history":[{"count":0,"href":"http:\/\/hoycordobaweb.com\/index.php\/wp-json\/wp\/v2\/posts\/53022\/revisions"}],"wp:featuredmedia":[{"embeddable":true,"href":"http:\/\/hoycordobaweb.com\/index.php\/wp-json\/wp\/v2\/media\/53023"}],"wp:attachment":[{"href":"http:\/\/hoycordobaweb.com\/index.php\/wp-json\/wp\/v2\/media?parent=53022"}],"wp:term":[{"taxonomy":"category","embeddable":true,"href":"http:\/\/hoycordobaweb.com\/index.php\/wp-json\/wp\/v2\/categories?post=53022"},{"taxonomy":"post_tag","embeddable":true,"href":"http:\/\/hoycordobaweb.com\/index.php\/wp-json\/wp\/v2\/tags?post=53022"}],"curies":[{"name":"wp","href":"https:\/\/api.w.org\/{rel}","templated":true}]}}