{"id":53000,"date":"2022-12-22T01:33:25","date_gmt":"2022-12-22T01:33:25","guid":{"rendered":"https:\/\/www.ole.com.ar\/ecuador\/barcelona-sc\/barcelona-noche-amarilla-pretemporada_0_0rAsVHGppo.html"},"modified":"2022-12-22T01:33:25","modified_gmt":"2022-12-22T01:33:25","slug":"alfaro-moreno-la-noche-amarilla-sera-el-28-de-enero","status":"publish","type":"post","link":"http:\/\/hoycordobaweb.com\/index.php\/2022\/12\/22\/alfaro-moreno-la-noche-amarilla-sera-el-28-de-enero\/","title":{"rendered":"Alfaro Moreno: \u00abLa Noche Amarilla ser\u00e1 el 28 de enero\u00bb"},"content":{"rendered":"<p><img src=\"http:\/\/hoycordobaweb.com\/wp-content\/uploads\/2022\/12\/alfaro-moreno-la-noche-amarilla-sera-el-28-de-enero.jpg\"><\/p>\n<div class=\"custom-text \" readability=\"34.808955223881\">\n<p><strong>El presidente de <\/strong><a href=\"https:\/\/www.ole.com.ar\/tema\/barcelona-de-guayaquil.html\" target=\"_blank\" rel=\"noopener noreferrer\"><strong>Barcelona<\/strong><\/a><strong>, <\/strong><a href=\"https:\/\/www.ole.com.ar\/tema\/carlos-alfaro-moreno.html\" target=\"_blank\" rel=\"noopener noreferrer\"><strong>Carlos Alfaro Moreno<\/strong><\/a><strong>, aprovech\u00f3 su asistencia al Consejo de Presidentes de la <\/strong><a href=\"https:\/\/www.ole.com.ar\/tema\/ligapro.html\" target=\"_blank\" rel=\"noopener noreferrer\"><strong>LigaPro<\/strong><\/a><strong> para dar detalles de la actualidad del equipo torero<\/strong>. A su salida de la reuni\u00f3n se detuvo y habl\u00f3 con los medios de comunicaci\u00f3n presentes sobre la Noche Amarilla, la pretemporada, el nuevo cupo de extranjeros y m\u00e1s.<\/p>\n<\/div>\n<div class=\"custom-text \" readability=\"40\">\n<p>\u00ab<strong>La Noche Amarilla ser\u00e1 el s\u00e1bado 28 de enero, ya estamos firmando el contrato con la empresa que nos lleva de pretemporada a Estados Unidos<\/strong>. Nosotros volvemos a trabajar los primeros d\u00edas de enero hasta el 11, ese d\u00eda nos vamos de viaje a Miami hasta el 26 a hacer la pretemporada. Tendremos tres amistosos, se est\u00e1n confirmando rivales el 18, 21 y 25 (de enero)\u00bb, inform\u00f3.<\/p>\n<\/div>\n<div class=\"sc-e9a69009-0 cjEXLm\" readability=\"6\">\n<section readability=\"2\"><picture><img class=\"img\" src=\"http:\/\/hoycordobaweb.com\/wp-content\/uploads\/2022\/12\/alfaro-moreno-la-noche-amarilla-sera-el-28-de-enero-2.jpg\" alt=\"Loor anunci\u00f3 la fecha tentativa del inicio de la LigaPro 2023\" height=\"290\" width=\"290\" loading=\"lazy\"><\/picture>\n<p><span>Mir\u00e1 tambi\u00e9n<\/span><\/p>\n<hr>\n<h3>Loor anunci\u00f3 la fecha tentativa del inicio de la LigaPro 2023<\/h3>\n<\/p>\n<\/section>\n<\/div>\n<div class=\"sc-e9a69009-0 cjEXLm\" readability=\"6\">\n<section readability=\"2\"><picture><img class=\"img\" src=\"http:\/\/hoycordobaweb.com\/wp-content\/uploads\/2022\/12\/alfaro-moreno-la-noche-amarilla-sera-el-28-de-enero-3.jpg\" alt=\"Video: Felipe Caicedo volvi\u00f3 al gol en Arabia Saudita\" height=\"290\" width=\"290\" loading=\"lazy\"><\/picture>\n<p><span>Mir\u00e1 tambi\u00e9n<\/span><\/p>\n<hr>\n<h3>Video: Felipe Caicedo volvi\u00f3 al gol en Arabia Saudita<\/h3>\n<\/p>\n<\/section>\n<\/div>\n<div class=\"custom-text \" readability=\"37\">\n<p>\u00ab<strong>Regresamos el 26 para la Noche Amarilla y en las pr\u00f3ximas horas o d\u00edas estaremos anunciando la estrella invitada, que es un gran invitado, estamos felices.<\/strong> Son detallitos que faltan si todav\u00eda no los damos es por eso\u00bb, agreg\u00f3. <\/p>\n<\/div>\n<div class=\"custom-text \" readability=\"38\">\n<p>Tambi\u00e9n afirm\u00f3 que aprovechar\u00e1n ese partido de presentaci\u00f3n del equipo de esta temporada para hacer un homenaje a Mat\u00edas Oyola, quien se retira del f\u00fatbol. \u00ab<strong>Conversamos con Mat\u00edas Oyola y en la Noche Amarilla le vamos a hacer una linda despedida.<\/strong> \u00c9l ha decidido dejar de jugar al f\u00fatbol, nos hemos reunido y estamos tambi\u00e9n dise\u00f1ando algo\u00bb, desvel\u00f3.<\/p>\n<\/div>\n<div class=\"sc-996041c8-0 kvfKM\"><img alt=\"Alfaro Moreno (c.) durante una Asamblea de Socios. Foto: @BarcelonaSC\" src=\"http:\/\/hoycordobaweb.com\/wp-content\/uploads\/2022\/12\/alfaro-moreno-la-noche-amarilla-sera-el-28-de-enero-4.jpg\" width=\"720\" height=\"0\" decoding=\"async\" data-nimg=\"future\" loading=\"lazy\"><span>Alfaro Moreno (c.) durante una Asamblea de Socios. Foto: @BarcelonaSC<\/span><\/div>\n<div class=\"custom-text \" readability=\"36\">\n<p>Adem\u00e1s, repiti\u00f3 lo que ha dicho otras veces, <strong>lo m\u00e1s probable es que no se lance a la reelecci\u00f3n como presidente de Barcelona<\/strong>. Aunque dijo que har\u00e1 el pronunciamiento oficial cuando est\u00e9 absolutamente decidido.<\/p>\n<\/div>\n<div class=\"sc-e9a69009-0 cjEXLm\" readability=\"6\">\n<section readability=\"2\"><picture><img class=\"img\" src=\"http:\/\/hoycordobaweb.com\/wp-content\/uploads\/2022\/12\/alfaro-moreno-la-noche-amarilla-sera-el-28-de-enero-5.jpg\" alt=\"Caicedo err\u00f3 su penal y el Brighton qued\u00f3 eliminado\" height=\"290\" width=\"290\" loading=\"lazy\"><\/picture>\n<p><span>Mir\u00e1 tambi\u00e9n<\/span><\/p>\n<hr>\n<h3>Caicedo err\u00f3 su penal y el Brighton qued\u00f3 eliminado<\/h3>\n<\/p>\n<\/section>\n<\/div>\n<div class=\"sc-e9a69009-0 cjEXLm\" readability=\"7\">\n<section readability=\"4\"><picture><img class=\"img\" src=\"http:\/\/hoycordobaweb.com\/wp-content\/uploads\/2022\/12\/alfaro-moreno-la-noche-amarilla-sera-el-28-de-enero-6.jpg\" alt=\"Deuda, s\u00ed... \u00bfrenovaci\u00f3n, no?\" height=\"290\" width=\"290\" loading=\"lazy\"><\/picture>\n<p><span>Mir\u00e1 tambi\u00e9n<\/span><\/p>\n<hr>\n<h3>Deuda, s\u00ed&#8230; \u00bfrenovaci\u00f3n, no?<\/h3>\n<\/p>\n<\/section>\n<\/div>\n<p><h2><strong>Apoyo al aumento de cupo de extranjeros<\/strong><\/h2>\n<\/p>\n<div class=\"custom-text \" readability=\"28.607802874743\">\n<p><strong>Alfaro mostr\u00f3 su apoyo a <\/strong><a href=\"https:\/\/www.ole.com.ar\/ecuador\/liga-pro\/ligapro-aumento-cupo-de-extranjeros_0_peipW9s5mJ.html\" target=\"_blank\" rel=\"noopener noreferrer\"><strong>la decisi\u00f3n de ampliar el cupo de jugadores extranjeros en los equipos de la LigaPro de seis a ocho<\/strong><\/a>. Esa determinaci\u00f3n se tom\u00f3 en el Consejo de Presidentes del organismo realizado al mediod\u00eda de este mi\u00e9rcoles en un centro de convenciones v\u00eda Samborond\u00f3n. La votaci\u00f3n final fue 19 a favor y cinco en contra, mientras que los dos clubes reci\u00e9n ascendidos no pudieron formar parte de la decisi\u00f3n debido a que a\u00fan no son formalmente parte de la LigaPro.<\/p>\n<\/div>\n<div class=\"sc-996041c8-0 kvfKM\"><img alt=\"Alfaro Moreno no ir\u00e1 a la reelecci\u00f3n.\" src=\"http:\/\/hoycordobaweb.com\/wp-content\/uploads\/2022\/12\/alfaro-moreno-la-noche-amarilla-sera-el-28-de-enero-7.jpg\" width=\"720\" height=\"0\" decoding=\"async\" data-nimg=\"future\" loading=\"lazy\"><span>Alfaro Moreno no ir\u00e1 a la reelecci\u00f3n.<\/span><\/div>\n<div class=\"custom-text \" readability=\"40\">\n<p>El directivo torero insisti\u00f3 en que ya depende de cada instituci\u00f3n si aprovechan este nuevo margen o no. \u00ab<strong>Cada club tiene su estructura, su manera de trabajar, no es obligaci\u00f3n tampoco. As\u00ed que ya est\u00e1 en decisi\u00f3n de cada club aplicar o no la norma. <\/strong>Tener cinco, ocho o uno, depender\u00e1 de cada equipo\u00bb, explic\u00f3. Sobre si Barcelona usar\u00e1 las ocho plazas dijo: \u00abvamos a ver\u00bb.<\/p>\n<\/div>\n<p><h2><strong>El futuro de William Riveros y fichajes<\/strong><\/h2>\n<\/p>\n<div class=\"custom-text \" readability=\"38\">\n<p>El dirigente amarillo tambi\u00e9n habl\u00f3 sobre el futuro de William Riveros, quien a\u00fan pertenece a la instituci\u00f3n guayaquile\u00f1a.<strong> \u00abWilliam tiene un a\u00f1o m\u00e1s, tiene tambi\u00e9n la posibilidad de jugar en otro lado, as\u00ed que ya decidiremos su futuro. Lo decidir\u00e1 tambi\u00e9n su agente y \u00e9l\u00bb<\/strong>, aclar\u00f3.<\/p>\n<\/div>\n<div class=\"sc-e9a69009-0 cjEXLm\" readability=\"6\">\n<section readability=\"2\"><picture><img class=\"img\" src=\"http:\/\/hoycordobaweb.com\/wp-content\/uploads\/2022\/12\/alfaro-moreno-la-noche-amarilla-sera-el-28-de-enero-8.jpg\" alt=\"Pacho y Valencia titulares en clasificaci\u00f3n del Royal Antwerp\" height=\"290\" width=\"290\" loading=\"lazy\"><\/picture>\n<p><span>Mir\u00e1 tambi\u00e9n<\/span><\/p>\n<hr>\n<h3>Pacho y Valencia titulares en clasificaci\u00f3n del Royal Antwerp<\/h3>\n<\/p>\n<\/section>\n<\/div>\n<div class=\"sc-e9a69009-0 cjEXLm\" readability=\"6\">\n<section readability=\"2\"><picture><img class=\"img\" src=\"http:\/\/hoycordobaweb.com\/wp-content\/uploads\/2022\/12\/alfaro-moreno-la-noche-amarilla-sera-el-28-de-enero-9.jpg\" alt=\"Oficial: la Conmebol reprogram\u00f3 los partidos de la Recopa Sudamericana\" height=\"290\" width=\"290\" loading=\"lazy\"><\/picture>\n<p><span>Mir\u00e1 tambi\u00e9n<\/span><\/p>\n<hr>\n<h3>Oficial: la Conmebol reprogram\u00f3 los partidos de la Recopa Sudamericana<\/h3>\n<\/p>\n<\/section>\n<\/div>\n<div class=\"custom-text \" readability=\"38\">\n<p>Sobre si habr\u00e1 grandes refuerzos asegur\u00f3 que con ellos (su dirigencia) no hay sorpresas en ese sentido. \u00ab<strong>Somos medios aburridos, pero en realidad, comport\u00e1ndonos de esa manera todos los a\u00f1os peleamos algo.<\/strong> No tenemos mucho para cambiar. La idea es mantenerlo (el presupuesto) y bajar el pasivo con el cual iniciamos\u00bb, destac\u00f3. <\/p>\n<\/div>\n","protected":false},"excerpt":{"rendered":"<p>El presidente de Barcelona, Carlos Alfaro Moreno, aprovech\u00f3 su asistencia al Consejo de Presidentes de la LigaPro para dar detalles de la actualidad del equipo torero. A su salida de la reuni\u00f3n se detuvo y habl\u00f3 con los medios de comunicaci\u00f3n presentes sobre la Noche Amarilla, la pretemporada, el nuevo cupo de extranjeros y m\u00e1s. [&hellip;]<\/p>\n","protected":false},"author":1,"featured_media":53001,"comment_status":"open","ping_status":"closed","sticky":false,"template":"","format":"standard","meta":[],"categories":[16],"tags":[],"_links":{"self":[{"href":"http:\/\/hoycordobaweb.com\/index.php\/wp-json\/wp\/v2\/posts\/53000"}],"collection":[{"href":"http:\/\/hoycordobaweb.com\/index.php\/wp-json\/wp\/v2\/posts"}],"about":[{"href":"http:\/\/hoycordobaweb.com\/index.php\/wp-json\/wp\/v2\/types\/post"}],"author":[{"embeddable":true,"href":"http:\/\/hoycordobaweb.com\/index.php\/wp-json\/wp\/v2\/users\/1"}],"replies":[{"embeddable":true,"href":"http:\/\/hoycordobaweb.com\/index.php\/wp-json\/wp\/v2\/comments?post=53000"}],"version-history":[{"count":0,"href":"http:\/\/hoycordobaweb.com\/index.php\/wp-json\/wp\/v2\/posts\/53000\/revisions"}],"wp:featuredmedia":[{"embeddable":true,"href":"http:\/\/hoycordobaweb.com\/index.php\/wp-json\/wp\/v2\/media\/53001"}],"wp:attachment":[{"href":"http:\/\/hoycordobaweb.com\/index.php\/wp-json\/wp\/v2\/media?parent=53000"}],"wp:term":[{"taxonomy":"category","embeddable":true,"href":"http:\/\/hoycordobaweb.com\/index.php\/wp-json\/wp\/v2\/categories?post=53000"},{"taxonomy":"post_tag","embeddable":true,"href":"http:\/\/hoycordobaweb.com\/index.php\/wp-json\/wp\/v2\/tags?post=53000"}],"curies":[{"name":"wp","href":"https:\/\/api.w.org\/{rel}","templated":true}]}}