{"id":52977,"date":"2022-12-21T19:00:50","date_gmt":"2022-12-21T19:00:50","guid":{"rendered":"https:\/\/www.espinof.com\/actores-y-actrices\/no-habia-salido-todavia-edie-falco-rodo-su-parte-para-avatar-sentido-agua-hace-tiempo-que-penso-que-se-habia-estrenado-fracaso"},"modified":"2022-12-21T19:00:50","modified_gmt":"2022-12-21T19:00:50","slug":"no-habia-salido-todavia-edie-falco-rodo-su-parte-para-avatar-el-sentido-del-agua-hace-tanto-tiempo-que-penso-que-ya-se-habia-estrenado-y-fracaso","status":"publish","type":"post","link":"http:\/\/hoycordobaweb.com\/index.php\/2022\/12\/21\/no-habia-salido-todavia-edie-falco-rodo-su-parte-para-avatar-el-sentido-del-agua-hace-tanto-tiempo-que-penso-que-ya-se-habia-estrenado-y-fracaso\/","title":{"rendered":"\u00ab\u00bfNo hab\u00eda salido todav\u00eda?\u00bb. Edie Falco rod\u00f3 su parte para &#8216;Avatar: El sentido del agua&#8217; hace tanto tiempo que pens\u00f3 que ya se hab\u00eda estrenado y fracas\u00f3"},"content":{"rendered":"<p>Aunque ya est\u00e9 poblando las pantallas de medio mundo y pase por nuestras retinas en poco m\u00e1s de tres horas, la fastuosa <a href=\"https:\/\/www.espinof.com\/criticas\/avatar-sentido-agua-james-cameron-evoca-grandilocuencia-hitos-hollywood-dorado-glorioso-espectaculo-que-demuestra-que-cine-sigue-vivo#comments\">&#8216;Avatar: El sentido del agua&#8217;<\/a> es una producci\u00f3n que <strong>ha estado cocin\u00e1ndose durante m\u00e1s de una d\u00e9cada<\/strong>. Un proceso tan largo como arduo capitaneado por el <em>chef <\/em><a href=\"https:\/\/www.espinof.com\/tag\/james-cameron\">James Cameron<\/a> mucho m\u00e1s enrevesado y complejo de lo que cabr\u00eda esperar trat\u00e1ndose de un proyecto multimillonario; y si no, que se lo pregunten a <strong>Edie Falco<\/strong>.<\/p>\n<p><!-- BREAK 1 --><\/p>\n<h2>Estreno fantasma<\/h2>\n<p>La estrella de &#8216;Los Soprano&#8217; y &#8216;Nurse Jackie&#8217; participa en la nueva aventura ambientada en Pandora con un peque\u00f1o papel en el que <strong>da vida a la general Ardmore<\/strong>; una militar de armas tomar al frente de la nueva misi\u00f3n de los humanos en el planeta. Hasta aqu\u00ed, todo correcto; lo curioso llega al conocer que <strong>Falco rod\u00f3 su parte hace la friolera de cuatro a\u00f1os<\/strong>.<\/p>\n<p><!-- BREAK 2 --> <\/p>\n<p>La actriz ha revelado durante una entrevista en &#8216;The View&#8217; que el tiempo transcurrido desde entonces <strong>le hizo pensar que &#8216;El sentido del agua&#8217; ya se hab\u00eda estrenado<\/strong> hac\u00eda una buena temporada.<\/p>\n<p><!-- BREAK 3 --><\/p>\n<blockquote><p>\u00abLa segunda &#8216;Avatar&#8217;, la que va a estrenarse, creo que la rod\u00e9 hace cuatro a\u00f1os. Despu\u00e9s he estado ocupada y haciendo cosas, y alguien mencion\u00f3 &#8216;Avatar&#8217; y pens\u00e9, &#8216;Oh, pens\u00e9 que ya sali\u00f3 y no le fue demasiado bien, porque no escuch\u00e9 nada sobre ella&#8217;. Despu\u00e9s, hace poco, alguien dijo, &#8216;Avatar se va a estrenar&#8217;. Oh, \u00bfno lo hab\u00eda hecho ya?\u00bb.<\/p><\/blockquote>\n<div class=\"article-asset article-asset-normal article-asset-center\">\n<div class=\"desvio-container\">\n<div class=\"desvio\">\n<div class=\"desvio-figure js-desvio-figure\"> <a href=\"https:\/\/www.espinof.com\/estrenos\/forma-correcta-ver-avatar-sentido-agua-disney-lanza-nueva-epica-ecologista-james-cameron-record-pantallas-opcion-para-disfrutarla-cines\"> <img alt=\"La forma correcta de ver 'Avatar: El sentido del agua': Disney lanza la nueva \u00e9pica ecologista de James Cameron con r\u00e9cord de pantallas y m\u00e1s de una opci\u00f3n para disfrutarla en cines\" src=\"http:\/\/hoycordobaweb.com\/wp-content\/uploads\/2022\/12\/no-habia-salido-todavia-edie-falco-rodo-su-parte-para-avatar-el-sentido-del-agua-hace-tanto-tiempo-que-penso-que-ya-se-habia-estrenado-y-fracaso.jpg\"> <\/a> <\/div><\/div><\/div>\n<\/div>\n<p>Adem\u00e1s, Falco coment\u00f3 que <strong>no pudo cumplir su sue\u00f1o de convertirse en Na&#8217;vi<\/strong>, pero al menos tuvo un <em>gadget<\/em> como compensaci\u00f3n.<\/p>\n<p><!-- BREAK 4 --><\/p>\n<blockquote><p>\u00abBueno, quer\u00eda ser azul. Estaba emocionada, iba a ser azul y muy alta&#8230; no consegu\u00ed ninguna de esas cosas. Pero s\u00ed que me dieron ese exoesqueleto, y fue muy guay. \u00a1Todo esto est\u00e1 muy lejos de cualquier cosa que haya hecho nunca!\u00bb.<\/p><\/blockquote>\n<p>Edie Falco <strong>a\u00fan no ha visto &#8216;Avatar: El sentido del agua&#8217;<\/strong>. Espero que, cuando lo haga \u2014en 3D y HFR a ser posible\u2014, alucine tanto como lo he hecho yo.<\/p>\n<p><!-- BREAK 5 --> <\/p>\n","protected":false},"excerpt":{"rendered":"<p>Aunque ya est\u00e9 poblando las pantallas de medio mundo y pase por nuestras retinas en poco m\u00e1s de tres horas, la fastuosa &#8216;Avatar: El sentido del agua&#8217; es una producci\u00f3n que ha estado cocin\u00e1ndose durante m\u00e1s de una d\u00e9cada. Un proceso tan largo como arduo capitaneado por el chef James Cameron mucho m\u00e1s enrevesado y [&hellip;]<\/p>\n","protected":false},"author":1,"featured_media":52978,"comment_status":"open","ping_status":"closed","sticky":false,"template":"","format":"standard","meta":[],"categories":[1],"tags":[],"_links":{"self":[{"href":"http:\/\/hoycordobaweb.com\/index.php\/wp-json\/wp\/v2\/posts\/52977"}],"collection":[{"href":"http:\/\/hoycordobaweb.com\/index.php\/wp-json\/wp\/v2\/posts"}],"about":[{"href":"http:\/\/hoycordobaweb.com\/index.php\/wp-json\/wp\/v2\/types\/post"}],"author":[{"embeddable":true,"href":"http:\/\/hoycordobaweb.com\/index.php\/wp-json\/wp\/v2\/users\/1"}],"replies":[{"embeddable":true,"href":"http:\/\/hoycordobaweb.com\/index.php\/wp-json\/wp\/v2\/comments?post=52977"}],"version-history":[{"count":0,"href":"http:\/\/hoycordobaweb.com\/index.php\/wp-json\/wp\/v2\/posts\/52977\/revisions"}],"wp:featuredmedia":[{"embeddable":true,"href":"http:\/\/hoycordobaweb.com\/index.php\/wp-json\/wp\/v2\/media\/52978"}],"wp:attachment":[{"href":"http:\/\/hoycordobaweb.com\/index.php\/wp-json\/wp\/v2\/media?parent=52977"}],"wp:term":[{"taxonomy":"category","embeddable":true,"href":"http:\/\/hoycordobaweb.com\/index.php\/wp-json\/wp\/v2\/categories?post=52977"},{"taxonomy":"post_tag","embeddable":true,"href":"http:\/\/hoycordobaweb.com\/index.php\/wp-json\/wp\/v2\/tags?post=52977"}],"curies":[{"name":"wp","href":"https:\/\/api.w.org\/{rel}","templated":true}]}}