{"id":52946,"date":"2022-12-21T02:46:07","date_gmt":"2022-12-21T02:46:07","guid":{"rendered":"https:\/\/www.ole.com.ar\/ecuador\/liga-pro\/ligapro-aumento-cupo-de-extranjeros_0_s4XyHlq9HW.html"},"modified":"2022-12-21T02:46:07","modified_gmt":"2022-12-21T02:46:07","slug":"dia-clave-la-ligapro-podria-aumentar-el-cupo-de-extranjeros","status":"publish","type":"post","link":"http:\/\/hoycordobaweb.com\/index.php\/2022\/12\/21\/dia-clave-la-ligapro-podria-aumentar-el-cupo-de-extranjeros\/","title":{"rendered":"D\u00eda clave: la LigaPro podr\u00eda aumentar el cupo de extranjeros"},"content":{"rendered":"<p><img src=\"http:\/\/hoycordobaweb.com\/wp-content\/uploads\/2022\/12\/dia-clave-la-ligapro-podria-aumentar-el-cupo-de-extranjeros.jpg\"><\/p>\n<div class=\"custom-text \" readability=\"35.186274509804\">\n<p><strong>Este mi\u00e9rcoles 21 de diciembre del 2022 podr\u00eda marcar una nueva etapa en el f\u00fatbol ecuatoriano, espec\u00edficamente en la <\/strong><a href=\"https:\/\/www.ole.com.ar\/tema\/ligapro.html\" target=\"_blank\" rel=\"noopener noreferrer\"><strong>LigaPro betcris<\/strong><\/a><strong>.<\/strong> Hay Sesi\u00f3n Ordinaria de Consejo de Presidentes de la Liga Profesional de F\u00fatbol Del Ecuador, reuni\u00f3n donde se mocionan y deciden nuevas disposiciones de la LigaPro.<\/p>\n<\/div>\n<div class=\"custom-text \" readability=\"38\">\n<p><strong>Y en esta ocasi\u00f3n una de las propuestas, seg\u00fan informaciones extraoficiales, ser\u00e1 que el cupo de extranjeros permitidos para los equipos de la Liga pase de seis a ocho<\/strong>. Para que, de esta manera, los clubes puedan tener m\u00e1s futbolistas de otros pa\u00edses y darle m\u00e1s nivel al campeonato nacional.<\/p>\n<\/div>\n<div class=\"sc-e9a69009-0 cjEXLm\" readability=\"6\">\n<section readability=\"2\"><picture><img class=\"img\" src=\"http:\/\/hoycordobaweb.com\/wp-content\/uploads\/2022\/12\/dia-clave-la-ligapro-podria-aumentar-el-cupo-de-extranjeros-2.jpg\" alt=\"El deseo de Jhegson M\u00e9ndez: &quot;Espero que el Profe Alfaro pueda continuar&quot;\" height=\"290\" width=\"290\" loading=\"lazy\"><\/picture>\n<p><span>Mir\u00e1 tambi\u00e9n<\/span><\/p>\n<hr>\n<h3>El deseo de Jhegson M\u00e9ndez: \u00abEspero que el Profe Alfaro pueda continuar\u00bb<\/h3>\n<\/p>\n<\/section>\n<\/div>\n<div class=\"sc-e9a69009-0 cjEXLm\" readability=\"6\">\n<section readability=\"2\"><picture><img class=\"img\" src=\"http:\/\/hoycordobaweb.com\/wp-content\/uploads\/2022\/12\/dia-clave-la-ligapro-podria-aumentar-el-cupo-de-extranjeros-3.jpg\" alt=\"Pacho y Valencia titulares en clasificaci\u00f3n del Royal Antwerp\" height=\"290\" width=\"290\" loading=\"lazy\"><\/picture>\n<p><span>Mir\u00e1 tambi\u00e9n<\/span><\/p>\n<hr>\n<h3>Pacho y Valencia titulares en clasificaci\u00f3n del Royal Antwerp<\/h3>\n<\/p>\n<\/section>\n<\/div>\n<div class=\"custom-text \" readability=\"37\">\n<p>Seg\u00fan un bolet\u00edn del organismo,<strong> en la sesi\u00f3n de este mi\u00e9rcoles, que se realizar\u00e1 a las 12 en el Salo\u0301n Auditorio Fundacional del Centro de Convenciones de la UEES, habr\u00e1 cuatro puntos en el orden del d\u00eda:<\/strong><\/p>\n<\/div>\n<div class=\"custom-text \" readability=\"34\">\n<p><em>1.\tConocer sobre la desafiliacio\u0301n de los clubes \u201cCentro Deportivo Olmedo\u201d y \u201cClub Atle\u0301tico Santo Domingo\u201d, acontecida por su descenso deportivo (a la Segunda Categor\u00eda).<\/em><\/p>\n<\/div>\n<div class=\"custom-text \" readability=\"36\">\n<p><em>2.\tConocer y aprobar las reformas al \u201cReglamento de Inscripcio\u0301n y Habilitacio\u0301n de Jugadores, Miembros del Cuerpo Te\u0301cnico y Miembros del Staff Te\u0301cnico para con la LigaPro\u201d, segu\u0301n la adjunta propuesta que forma parte integrante de la presente convocatoria.<\/em><\/p>\n<\/div>\n<div class=\"sc-996041c8-0 kvfKM\"><img alt=\"Miguel \u00c1ngel Loor, presidente de la LigaPro, no se ha manifestado al respecto.\" src=\"http:\/\/hoycordobaweb.com\/wp-content\/uploads\/2022\/12\/dia-clave-la-ligapro-podria-aumentar-el-cupo-de-extranjeros-4.jpg\" width=\"720\" height=\"0\" decoding=\"async\" data-nimg=\"future\" loading=\"lazy\"><span>Miguel \u00c1ngel Loor, presidente de la LigaPro, no se ha manifestado al respecto.<\/span><\/div>\n<div class=\"custom-text \" readability=\"36\">\n<p><em>3.\tConocer y aprobar las reformas al \u201cReglamento para Oficiales de la LigaPro y Delegados de clubes, para partidos de los campeonatos realizados por la LigaPro\u201d, conforme a la adjunta propuesta que asimismo forma parte integrante de la presente convocatoria.<\/em><\/p>\n<\/div>\n<div class=\"custom-text \" readability=\"34\">\n<p>4.\t<em>Conocer y aprobar las reformas al \u201cReglamento de Competiciones\u201d de LigaPro, de acuerdo con la adjunta propuesta que igualmente forma parte integrante de la presente convocatoria.<\/em><\/p>\n<\/div>\n<div class=\"sc-e9a69009-0 cjEXLm\" readability=\"6\">\n<section readability=\"2\"><picture><img class=\"img\" src=\"http:\/\/hoycordobaweb.com\/wp-content\/uploads\/2022\/12\/dia-clave-la-ligapro-podria-aumentar-el-cupo-de-extranjeros-5.jpg\" alt=\"Oficial: la Conmebol reprogram\u00f3 los partidos de la Recopa Sudamericana\" height=\"290\" width=\"290\" loading=\"lazy\"><\/picture>\n<p><span>Mir\u00e1 tambi\u00e9n<\/span><\/p>\n<hr>\n<h3>Oficial: la Conmebol reprogram\u00f3 los partidos de la Recopa Sudamericana<\/h3>\n<\/p>\n<\/section>\n<\/div>\n<div class=\"sc-e9a69009-0 cjEXLm\" readability=\"6\">\n<section readability=\"2\"><picture><img class=\"img\" src=\"http:\/\/hoycordobaweb.com\/wp-content\/uploads\/2022\/12\/dia-clave-la-ligapro-podria-aumentar-el-cupo-de-extranjeros-6.jpg\" alt=\"Superman regres\u00f3: Enner Valencia volvi\u00f3 a jugar con el Fenerbahce\" height=\"290\" width=\"290\" loading=\"lazy\"><\/picture>\n<p><span>Mir\u00e1 tambi\u00e9n<\/span><\/p>\n<hr>\n<h3>Superman regres\u00f3: Enner Valencia volvi\u00f3 a jugar con el Fenerbahce<\/h3>\n<\/p>\n<\/section>\n<\/div>\n<div class=\"custom-text \" readability=\"37\">\n<p>En uno de estos puntos es donde podr\u00e1 darse el cambio antes mencionado. <strong>Para que eso suceda, debe presentarse y luego a mocionarse para que los representantes de los 26 clubes voten a favor o en contra de lo propuesto<\/strong>. Aunque no se sabe quien presentar\u00e1 esta idea, s\u00ed se conoce que tiene un apoyo mayoritario y que potencialmente ser\u00eda aprobada.<\/p>\n<\/div>\n<p><h2><strong>Opiniones a favor y en contra<\/strong><\/h2>\n<\/p>\n<div class=\"custom-text \" readability=\"35.348837209302\">\n<p>Sin embargo, ya apareci\u00f3 una voz en contra de este proyecto. <strong>La de Francisco Correa, gerente deportivo de la <\/strong><a href=\"https:\/\/www.ole.com.ar\/ecuador\/universidad-catolica\" target=\"_blank\" rel=\"noopener noreferrer\"><strong>Universidad Cat\u00f3lica<\/strong><\/a><strong>, quien dice que esto le quitar\u00eda espacio al futbolista ecuatoriano<\/strong>. Correa tambi\u00e9n mete en la discusi\u00f3n la cantidad de futbolistas nacionalizados que hay en el pa\u00eds.<\/p>\n<\/div>\n<div class=\"sc-e9a69009-0 cjEXLm\" readability=\"6\">\n<section readability=\"2\"><picture><img class=\"img\" src=\"http:\/\/hoycordobaweb.com\/wp-content\/uploads\/2022\/12\/dia-clave-la-ligapro-podria-aumentar-el-cupo-de-extranjeros-7.jpg\" alt=\"Sigue el proceso: El Nacional renov\u00f3 a \u00c9ver Hugo Almeida\" height=\"290\" width=\"290\" loading=\"lazy\"><\/picture>\n<p><span>Mir\u00e1 tambi\u00e9n<\/span><\/p>\n<hr>\n<h3>Sigue el proceso: El Nacional renov\u00f3 a \u00c9ver Hugo Almeida<\/h3>\n<\/p>\n<\/section>\n<\/div>\n<div class=\"sc-e9a69009-0 cjEXLm\" readability=\"6.5\">\n<section readability=\"3\"><picture><img class=\"img\" src=\"http:\/\/hoycordobaweb.com\/wp-content\/uploads\/2022\/12\/dia-clave-la-ligapro-podria-aumentar-el-cupo-de-extranjeros-8.jpg\" alt=\"La novia de Byron Castillo y un mensaje especial: &quot;T\u00fa eres mi Messi y yo tu Antonela&quot;\" height=\"290\" width=\"290\" loading=\"lazy\"><\/picture>\n<p><span>Mir\u00e1 tambi\u00e9n<\/span><\/p>\n<hr>\n<h3>La novia de Byron Castillo y un mensaje especial: \u00abT\u00fa eres mi Messi y yo tu Antonela\u00bb<\/h3>\n<\/p>\n<\/section>\n<\/div>\n<div class=\"custom-text \" readability=\"37\">\n<p>\u201c<strong>Imag\u00ednense que vienen ocho extranjeros, dejar\u00edan solo espacio para 3 ecuatorianos (en una alineaci\u00f3n titular) si a eso le agregas que algunos clubes tienen jugadores nacionalizados,<\/strong> el espacio para el jugador ecuatoriano se perder\u00eda\u201d, afirm\u00f3.<\/p>\n<\/div>\n<div class=\"sc-996041c8-0 kvfKM\"><img alt=\"El Nacional es un equipo que por decisi\u00f3n propia no usa jugadores for\u00e1neos.\" src=\"http:\/\/hoycordobaweb.com\/wp-content\/uploads\/2022\/12\/dia-clave-la-ligapro-podria-aumentar-el-cupo-de-extranjeros-9.jpg\" width=\"720\" height=\"0\" decoding=\"async\" data-nimg=\"future\" loading=\"lazy\"><span>El Nacional es un equipo que por decisi\u00f3n propia no usa jugadores for\u00e1neos.<\/span><\/div>\n<div class=\"custom-text \" readability=\"39\">\n<p>\u201cSi queremos hacer algo diferente por el f\u00fatbol ecuatoriano, creo que ser\u00eda equivocado, esa es mi impresi\u00f3n. <strong>Creo que es un error, no s\u00e9 c\u00f3mo pensar\u00e1n otros directivos, hay que pensar en el futbolista ecuatoriano<\/strong>\u201d, remarc\u00f3 en un di\u00e1logo en la radio \u00c1rea Deportiva.<\/p>\n<\/div>\n<div class=\"custom-text \" readability=\"33.663716814159\">\n<p><strong>Pero tambi\u00e9n sali\u00f3 un defensor de la propuesta: Beto Jara, directivo de <\/strong><a href=\"https:\/\/www.ole.com.ar\/tema\/tecnico-universitario.html\" target=\"_blank\" rel=\"noopener noreferrer\"><strong>T\u00e9cnico Universitario<\/strong><\/a>. \u00c9l cree que no deber\u00eda haber l\u00edmite de cupos para futbolistas for\u00e1neos ya que depende de cada club si utiliza todos o no. Incluso puso el ejemplo del Rodillo Rojo que para 2023 solo ocupar\u00e1 cinco de las seis plazas que tiene disponible.<\/p>\n<\/div>\n<div class=\"sc-e9a69009-0 cjEXLm\" readability=\"6\">\n<section readability=\"2\"><picture><img class=\"img\" src=\"http:\/\/hoycordobaweb.com\/wp-content\/uploads\/2022\/12\/dia-clave-la-ligapro-podria-aumentar-el-cupo-de-extranjeros-10.jpg\" alt=\"Juega el EcuaBrighton: &quot;Mois\u00e9s est\u00e1 disponible&quot;\" height=\"290\" width=\"290\" loading=\"lazy\"><\/picture>\n<p><span>Mir\u00e1 tambi\u00e9n<\/span><\/p>\n<hr>\n<h3>Juega el EcuaBrighton: \u00abMois\u00e9s est\u00e1 disponible\u00bb<\/h3>\n<\/p>\n<\/section>\n<\/div>\n<div class=\"sc-e9a69009-0 cjEXLm\" readability=\"6\">\n<section readability=\"2\"><picture><img class=\"img\" src=\"http:\/\/hoycordobaweb.com\/wp-content\/uploads\/2022\/12\/dia-clave-la-ligapro-podria-aumentar-el-cupo-de-extranjeros-11.jpg\" alt=\"Ricardo Gareca le hizo un gui\u00f1o a la selecci\u00f3n de Chile\" height=\"290\" width=\"290\" loading=\"lazy\"><\/picture>\n<p><span>Mir\u00e1 tambi\u00e9n<\/span><\/p>\n<hr>\n<h3>Ricardo Gareca le hizo un gui\u00f1o a la selecci\u00f3n de Chile<\/h3>\n<\/p>\n<\/section>\n<\/div>\n<div class=\"custom-text \" readability=\"35\">\n<p>\u201c<strong>Yo soy de las personas que tratar\u00eda de dejar sin l\u00edmites de extranjeros porque como dirigentes nosotros tenemos que manejar<\/strong>. Tendr\u00eda que cada club revisar y ver la cantidad de extranjeros que necesita su proyecto\u201d, argument\u00f3.<\/p>\n<\/div>\n","protected":false},"excerpt":{"rendered":"<p>Este mi\u00e9rcoles 21 de diciembre del 2022 podr\u00eda marcar una nueva etapa en el f\u00fatbol ecuatoriano, espec\u00edficamente en la LigaPro betcris. Hay Sesi\u00f3n Ordinaria de Consejo de Presidentes de la Liga Profesional de F\u00fatbol Del Ecuador, reuni\u00f3n donde se mocionan y deciden nuevas disposiciones de la LigaPro. Y en esta ocasi\u00f3n una de las propuestas, [&hellip;]<\/p>\n","protected":false},"author":1,"featured_media":52947,"comment_status":"open","ping_status":"closed","sticky":false,"template":"","format":"standard","meta":[],"categories":[16],"tags":[],"_links":{"self":[{"href":"http:\/\/hoycordobaweb.com\/index.php\/wp-json\/wp\/v2\/posts\/52946"}],"collection":[{"href":"http:\/\/hoycordobaweb.com\/index.php\/wp-json\/wp\/v2\/posts"}],"about":[{"href":"http:\/\/hoycordobaweb.com\/index.php\/wp-json\/wp\/v2\/types\/post"}],"author":[{"embeddable":true,"href":"http:\/\/hoycordobaweb.com\/index.php\/wp-json\/wp\/v2\/users\/1"}],"replies":[{"embeddable":true,"href":"http:\/\/hoycordobaweb.com\/index.php\/wp-json\/wp\/v2\/comments?post=52946"}],"version-history":[{"count":0,"href":"http:\/\/hoycordobaweb.com\/index.php\/wp-json\/wp\/v2\/posts\/52946\/revisions"}],"wp:featuredmedia":[{"embeddable":true,"href":"http:\/\/hoycordobaweb.com\/index.php\/wp-json\/wp\/v2\/media\/52947"}],"wp:attachment":[{"href":"http:\/\/hoycordobaweb.com\/index.php\/wp-json\/wp\/v2\/media?parent=52946"}],"wp:term":[{"taxonomy":"category","embeddable":true,"href":"http:\/\/hoycordobaweb.com\/index.php\/wp-json\/wp\/v2\/categories?post=52946"},{"taxonomy":"post_tag","embeddable":true,"href":"http:\/\/hoycordobaweb.com\/index.php\/wp-json\/wp\/v2\/tags?post=52946"}],"curies":[{"name":"wp","href":"https:\/\/api.w.org\/{rel}","templated":true}]}}