{"id":52936,"date":"2022-12-20T22:15:00","date_gmt":"2022-12-20T22:15:00","guid":{"rendered":"http:\/\/hoycordobaweb.com\/index.php\/2022\/12\/20\/los-talibanes-prohibieron-a-las-mujeres-acceder-a-la-universidad-y-eeuu-lo-repudio\/"},"modified":"2022-12-20T22:15:00","modified_gmt":"2022-12-20T22:15:00","slug":"los-talibanes-prohibieron-a-las-mujeres-acceder-a-la-universidad-y-eeuu-lo-repudio","status":"publish","type":"post","link":"http:\/\/hoycordobaweb.com\/index.php\/2022\/12\/20\/los-talibanes-prohibieron-a-las-mujeres-acceder-a-la-universidad-y-eeuu-lo-repudio\/","title":{"rendered":"Los talibanes prohibieron a las mujeres acceder a la universidad y EEUU lo repudi\u00f3"},"content":{"rendered":"<p><img src=\"http:\/\/hoycordobaweb.com\/wp-content\/uploads\/2022\/12\/los-talibanes-prohibieron-a-las-mujeres-acceder-a-la-universidad-y-eeuu-lo-repudio.jpg\"><\/p>\n<figure class=\"mb-3\"><img loading=\"lazy\" src=\"http:\/\/hoycordobaweb.com\/wp-content\/uploads\/2022\/12\/los-talibanes-prohibieron-a-las-mujeres-acceder-a-la-universidad-y-eeuu-lo-repudio-2.jpg\" width=\"100%\" height=\"100%\" alt=\"En un principio las autoridades impidieron que las alumnas de curso superior a sexto se reincorporen a clase Foto AFP\"><figcaption> En un principio las autoridades impidieron que las alumnas de curso superior a sexto se reincorporen a clase \/ Foto: AFP <\/figcaption><\/figure>\n<p>El gobierno talib\u00e1n prohibi\u00f3 este martes el acceso de las mujeres a la educaci\u00f3n universitaria por tiempo indeterminado, lo que implica un nuevo golpe al derecho de las mujeres de Afganist\u00e1n a la educaci\u00f3n y la libertad, hecho que fue repudiado en duros t\u00e9rminos por Estados Unidos.<\/p>\n<p><strong>\u00abSe recomienda que implementen la orden de suspender la educaci\u00f3n de las mujeres hasta nuevo aviso\u00bb<\/strong>, indica una carta firmada por el ministro de Ense\u00f1anza Superior, Neda Mohammad Nadeem, enviada a todas las universidades p\u00fablicas y privadas.<\/p>\n<p>La prohibici\u00f3n de acceder a la educaci\u00f3n superior llega menos de tres meses despu\u00e9s de que miles de mujeres se presentaran a los ex\u00e1menes de acceso a la universidad en todo el pa\u00eds.<\/p>\n<p><strong>Desde el a\u00f1o pasado, las universidades se han visto obligadas a aplicar nuevas normas, incluida la segregaci\u00f3n por sexo en las aulas.<\/strong> Las estudiantes, adem\u00e1s, ya solo pod\u00edan tener como profesores a mujeres u hombres mayores.<\/p>\n<p>De all\u00ed que a la mayor\u00eda de las adolescentes de todo el pa\u00eds se le ha prohibido el acceso a la educaci\u00f3n secundaria, lo que limit\u00f3 considerablemente sus posibilidades de acceder a la universidad.<\/p>\n<p>A su vuelta al poder en agosto de 2021, el grupo fundamentalista prometi\u00f3 mostrarse m\u00e1s flexible, pero en este a\u00f1o han evidenciado que prevalece la interpretaci\u00f3n extrema del islam de su primera etapa (1996-2001).<\/p>\n<p><strong>\u00abLos talibanes deben esperar que esta decisi\u00f3n, que contraviene los compromisos que han contra\u00eddo repetida y p\u00fablicamente con su propio pueblo, les acarrear\u00e1 costes\u00bb<\/strong>, advirti\u00f3 a la prensa el portavoz del Departamento de Estado de Estados Unidos, <strong>Ned Price, <\/strong>quien a\u00f1adi\u00f3 que su pa\u00eds condenaba la decisi\u00f3n \u00aben los t\u00e9rminos m\u00e1s en\u00e9rgicos.\u00bb<\/p>\n<p>Naciones Unidas se declar\u00f3 a su vez \u00abprofundamente preocupada\u00bb, expres\u00f3 hoy Ramiz Alakbarov, representante especial adjunto del responsable de la ONU para el pa\u00eds asi\u00e1tico.<\/p>\n<blockquote class=\"twitter-tweet\" readability=\"7.7655172413793\">\n<p lang=\"ps\" dir=\"rtl\">\u062f \u0647\u06d0\u0648\u0627\u062f \u062c\u06cc\u062f\u0648 \u0639\u0644\u0645\u0627\u0648\u0648 \u062f \u067e\u0648\u0647\u0646\u062a\u0648\u0646\u0648\u0646\u0648 \u0646\u0635\u0627\u0628 \u0627\u0648 \u0686\u0627\u067e\u064a\u0631\u06cc\u0627\u0644 \u0644\u0647 \u0634\u0631\u0639\u064a \u067e\u0644\u0648\u0647 \u0648\u0627\u0631\u0632\u0627\u0648\u0647\u060c \u062f \u0647\u063a\u0648\u06cc \u0631\u0627\u067e\u0648\u0631 \u0645\u06d0 \u0644\u0647 \u0648\u0693\u0627\u0646\u062f\u06cc\u0632\u0648\u0646\u0648 \u0633\u0631\u0647 \u062f \u0627.\u0627.\u0627 \u0645\u0634\u0631\u062a\u0627\u0628\u0647 \u062a\u0647 \u0648\u0693\u0627\u0646\u062f\u06d0 \u06a9\u0693.<br \/>\u062f \u0639\u0627\u0644\u06cc\u0642\u062f\u0631 \u0627\u0645\u06cc\u0631\u0627\u0644\u0645\u0648\u0645\u0646\u06cc\u0646 \u062f \u0647\u062f\u0627\u06cc\u062a \u0633\u0631\u0647 \u0633\u0645 \u062f \u0646\u062c\u0648\u0646\u0648 \u0644\u0648\u0693\u06d0 \u0632\u062f\u06a9\u0693\u06d0 \u0628\u0647 \u062f \u0633\u0645 \u0634\u0631\u0639\u064a \u0686\u0627\u067e\u064a\u0631\u06cc\u0627\u0644 \u062a\u0631 \u0628\u0631\u0627\u0628\u0631\u06cc\u062f\u0648 \u0628\u0646\u062f\u064a \u0648\u064a.<br \/>\u0627\u0646 \u0634\u0627\u0621\u0627\u0644\u0644\u0647 \u0645\u0648\u0696 \u0628\u0647 \u0698\u0631 \u062f \u062e\u067e\u0644 \u06a9\u0644\u062a\u0648\u0631 \u0645\u0637\u0627\u0628\u0642 \u062f<\/p>\n<p>\u2014 \u0634\u064a\u062e \u0627\u0644\u062d\u062f\u06cc\u062b \u0646\u062f\u0627\u0621 \u0645\u062d\u0645\u062f \u0646\u062f\u06cc\u0645 (@NedaMohammadNad) <a href=\"https:\/\/twitter.com\/NedaMohammadNad\/status\/1605248197248811014?ref_src=twsrc%5Etfw\">December 20, 2022<\/a><\/p><\/blockquote>\n<p>Las medidas liberticidas se han multiplicado en estos meses, en particular las que afectan a las mujeres, que est\u00e1n siendo progresivamente apartadas de la vida p\u00fablica.<\/p>\n<p>En un giro inesperado, <strong>el 23 de marzo las autoridades volvieron a cerrar las escuelas secundarias horas despu\u00e9s de su reapertura<\/strong>, anunciada desde hac\u00eda meses.<\/p>\n<p>El jefe supremo de los talibanes, Haibatul\u00e1 Ajundzad\u00e1, intervino en la decisi\u00f3n, seg\u00fan trascendi\u00f3.<\/p>\n<p>Varios responsables gubernamentales declararon que no hab\u00eda suficientes profesores o dinero, pero que las escuelas reabrir\u00edan cuando el programa de ense\u00f1anza isl\u00e1mica haya sido elaborado.<\/p>\n<p><strong>Las funcionarias tambi\u00e9n fueron excluidas de la mayor parte de empleos p\u00fablicos o pagadas miserablemente por quedarse en casa.<\/strong><\/p>\n<p>Las mujeres no tienen derecho a viajar sin estar acompa\u00f1adas de un familiar masculino y deben cubrirse con un burka o un hiyab cuando salen de casa.<\/p>\n<p><strong>En noviembre, los talibanes tambi\u00e9n les prohibieron el acceso a parques, jardines, salas de deporte y ba\u00f1os p\u00fablicos.<\/strong><\/p>\n<p>Las manifestaciones de mujeres contra esas medidas, que generalmente solo re\u00fanen a unas pocas decenas de personas, se han vuelto muy arriesgadas y los periodistas sufren cada vez m\u00e1s impedimentos para cubrirlas.<\/p>\n<p>Pese a ser excluidas de los centros educativos, en Kabul muchas j\u00f3venes acudieron a principios de diciembre a examinarse al final de sus estudios secundarios, condici\u00f3n necesaria para acceder a la universidad, seg\u00fan pudieron comprobar periodistas de la agencia de noticias AFP. <\/p>\n","protected":false},"excerpt":{"rendered":"<p>En un principio las autoridades impidieron que las alumnas de curso superior a sexto se reincorporen a clase \/ Foto: AFP El gobierno talib\u00e1n prohibi\u00f3 este martes el acceso de las mujeres a la educaci\u00f3n universitaria por tiempo indeterminado, lo que implica un nuevo golpe al derecho de las mujeres de Afganist\u00e1n a la educaci\u00f3n [&hellip;]<\/p>\n","protected":false},"author":1,"featured_media":52937,"comment_status":"open","ping_status":"closed","sticky":false,"template":"","format":"standard","meta":[],"categories":[24],"tags":[],"_links":{"self":[{"href":"http:\/\/hoycordobaweb.com\/index.php\/wp-json\/wp\/v2\/posts\/52936"}],"collection":[{"href":"http:\/\/hoycordobaweb.com\/index.php\/wp-json\/wp\/v2\/posts"}],"about":[{"href":"http:\/\/hoycordobaweb.com\/index.php\/wp-json\/wp\/v2\/types\/post"}],"author":[{"embeddable":true,"href":"http:\/\/hoycordobaweb.com\/index.php\/wp-json\/wp\/v2\/users\/1"}],"replies":[{"embeddable":true,"href":"http:\/\/hoycordobaweb.com\/index.php\/wp-json\/wp\/v2\/comments?post=52936"}],"version-history":[{"count":0,"href":"http:\/\/hoycordobaweb.com\/index.php\/wp-json\/wp\/v2\/posts\/52936\/revisions"}],"wp:featuredmedia":[{"embeddable":true,"href":"http:\/\/hoycordobaweb.com\/index.php\/wp-json\/wp\/v2\/media\/52937"}],"wp:attachment":[{"href":"http:\/\/hoycordobaweb.com\/index.php\/wp-json\/wp\/v2\/media?parent=52936"}],"wp:term":[{"taxonomy":"category","embeddable":true,"href":"http:\/\/hoycordobaweb.com\/index.php\/wp-json\/wp\/v2\/categories?post=52936"},{"taxonomy":"post_tag","embeddable":true,"href":"http:\/\/hoycordobaweb.com\/index.php\/wp-json\/wp\/v2\/tags?post=52936"}],"curies":[{"name":"wp","href":"https:\/\/api.w.org\/{rel}","templated":true}]}}