{"id":52918,"date":"2022-12-20T09:39:00","date_gmt":"2022-12-20T09:39:00","guid":{"rendered":"http:\/\/hoycordobaweb.com\/index.php\/2022\/12\/20\/la-seleccion-llego-a-ezeiza-y-se-traslado-al-predio-de-la-afa-en-medio-de-una-marea-humana\/"},"modified":"2022-12-20T09:39:00","modified_gmt":"2022-12-20T09:39:00","slug":"la-seleccion-llego-a-ezeiza-y-se-traslado-al-predio-de-la-afa-en-medio-de-una-marea-humana","status":"publish","type":"post","link":"http:\/\/hoycordobaweb.com\/index.php\/2022\/12\/20\/la-seleccion-llego-a-ezeiza-y-se-traslado-al-predio-de-la-afa-en-medio-de-una-marea-humana\/","title":{"rendered":"La Selecci\u00f3n lleg\u00f3 a Ezeiza y se traslad\u00f3 al predio de la AFA en medio de una marea humana"},"content":{"rendered":"<p><img src=\"http:\/\/hoycordobaweb.com\/wp-content\/uploads\/2022\/12\/la-seleccion-llego-a-ezeiza-y-se-traslado-al-predio-de-la-afa-en-medio-de-una-marea-humana.jpg\"><\/p>\n<figure class=\"mb-3\"><img loading=\"lazy\" src=\"http:\/\/hoycordobaweb.com\/wp-content\/uploads\/2022\/12\/la-seleccion-llego-a-ezeiza-y-se-traslado-al-predio-de-la-afa-en-medio-de-una-marea-humana-2.jpg\" width=\"100%\" height=\"100%\" alt=\"Foto Alfredo Luna\"><figcaption> Foto: Alfredo Luna. <\/figcaption><\/figure>\n<p>La Selecci\u00f3n nacional de f\u00fatbol campeona del mundo en Qatar 2022 lleg\u00f3 este martes a la madrugada al pa\u00eds, a las 2,24, a trav\u00e9s de un vuelo de Aerol\u00edneas Argentinas <strong>en medio del j\u00fabilo de una multitud que colaps\u00f3 todos los accesos a la zona circundante al predio de la AFA en el partido bonaerense de Ezeiza.<\/strong><\/p>\n<figure class=\"mb-3\"><img loading=\"lazy\" src=\"http:\/\/hoycordobaweb.com\/wp-content\/uploads\/2022\/12\/la-seleccion-llego-a-ezeiza-y-se-traslado-al-predio-de-la-afa-en-medio-de-una-marea-humana-3.jpg\" width=\"100%\" height=\"100%\" alt=\"Foto Alfredo Luna\"><figcaption> Foto: Alfredo Luna. <\/figcaption><\/figure>\n<p>Tras aterrizar, <strong>la aeronave Airbus 330-200 ploteada con los colores de la Selecci\u00f3n y las im\u00e1genes de sus jugadores,<\/strong> fue derivada al FBO VIP del aeropuerto internacional de Ezeiza especialmente decorado para la ocasi\u00f3n.<\/p>\n<p>El arribo de los jugadores<strong> fue saludado por la interpretaci\u00f3n en vivo, a cargo del grupo musical La Mosca<\/strong>, del tema que se convirti\u00f3 en himno de los hinchas albicelestes en el Mundial, \u00abMuchachos, ahora nos volvimos a ilusionar\u00bb, que acompa\u00f1\u00f3 el descenso de los futbolistas, del cuerpo t\u00e9cnico y de los dirigentes del avi\u00f3n.<\/p>\n<blockquote class=\"twitter-tweet\" readability=\"8.4469914040115\">\n<p lang=\"es\" dir=\"ltr\"><a href=\"https:\/\/twitter.com\/hashtag\/ArgentinaCampeonDelMundo?src=hash&amp;ref_src=twsrc%5Etfw\">#ArgentinaCampeonDelMundo<\/a> <br \/>\u2b50\u2b50\u2b50<\/p>\n<p>\ud83c\udde6\ud83c\uddf7 \ud83c\udfc6 Los futbolistas del seleccionado que comanda Lionel Scaloni aterrizaron en Ezeiza ante una infinidad de personas que los espero y que hizo colapsar los accesos como festejo y en se\u00f1al de agradecimiento.<\/p>\n<p>\ud83d\udcf9 <a href=\"https:\/\/twitter.com\/canaldeportv?ref_src=twsrc%5Etfw\">@canaldeportv<\/a> <a href=\"https:\/\/t.co\/PmiaJPmEuG\">pic.twitter.com\/PmiaJPmEuG<\/a><\/p>\n<p>\u2014 Agencia T\u00e9lam (@AgenciaTelam) <a href=\"https:\/\/twitter.com\/AgenciaTelam\/status\/1605103832589078528?ref_src=twsrc%5Etfw\">December 20, 2022<\/a><\/p><\/blockquote>\n<p>La delegaci\u00f3n fue comandada por el capit\u00e1n Lionel Messi y el entrenador, Lionel Scaloni, secundados por el presidente de la Asociaci\u00f3n del Futbol Argentino (AFA), Claudio &#8216;Chiqui&#8217; Tapia.<\/p>\n<figure class=\"mb-3\"><img loading=\"lazy\" src=\"http:\/\/hoycordobaweb.com\/wp-content\/uploads\/2022\/12\/la-seleccion-llego-a-ezeiza-y-se-traslado-al-predio-de-la-afa-en-medio-de-una-marea-humana-4.jpg\" width=\"100%\" height=\"100%\" alt=\"Foto Alfredo Luna\"><figcaption> Foto: Alfredo Luna. <\/figcaption><\/figure>\n<p>Luego descendi\u00f3 toda la delegaci\u00f3n que <strong>se dirigi\u00f3 al micro descapotable por una alfombra roja<\/strong>, hacia el predio de la AFA.<\/p>\n<p>En la estaci\u00f3n a\u00e9rea esperaban a los campeones del mundo el ministro del Interior, Eduardo &#8216;Wado&#8217; De Pedro; Florencia Carignano, directora nacional de Migraciones; Jos\u00e9 Glinski, director de la Polic\u00eda de Seguridad Aeroportuaria; el embajador de Qatar en Argentina, Battal Al Dosari; y el presidente de Aerol\u00edneas Argentinas, Pablo Ceriani, entre otras autoridades, quienes recibieron a la Selecci\u00f3n al pie de la escalerilla del avi\u00f3n.<\/p>\n<figure class=\"mb-3\"><img loading=\"lazy\" src=\"http:\/\/hoycordobaweb.com\/wp-content\/uploads\/2022\/12\/la-seleccion-llego-a-ezeiza-y-se-traslado-al-predio-de-la-afa-en-medio-de-una-marea-humana-5.jpg\" width=\"100%\" height=\"100%\" alt=\"Messi y Scaloni bajan del micro con la Copa Momento histrico Foto Alfredo Luna\"><figcaption> Messi y Scaloni bajan del micro con la Copa. Momento hist\u00f3rico. Foto: Alfredo Luna. <\/figcaption><\/figure>\n<p>La aeronave con los ganadores de la final del Mundial,<strong> toc\u00f3 pista a las 2,24 <\/strong>de esta madrugada, procedente del aeropuerto Fiumicino de Roma, Italia, donde hizo una escala t\u00e9cnica de dos horas tras su partida de Doha, la capital de Qatar.<\/p>\n<blockquote class=\"twitter-tweet\" readability=\"5.4157894736842\">\n<p lang=\"es\" dir=\"ltr\">Los campeones del mundo ya est\u00e1n en casa \ud83c\udde6\ud83c\uddf7\ud83c\udfc6<\/p>\n<p>\u00a1Gracias por tanto cari\u00f1o! \u2764\ufe0f <a href=\"https:\/\/t.co\/usGKj4l7ql\">pic.twitter.com\/usGKj4l7ql<\/a><\/p>\n<p>\u2014 \ud83c\udde6\ud83c\uddf7 Selecci\u00f3n Argentina \u2b50\u2b50\u2b50 (@Argentina) <a href=\"https:\/\/twitter.com\/Argentina\/status\/1605103829263032320?ref_src=twsrc%5Etfw\">December 20, 2022<\/a><\/p><\/blockquote>\n<p><a href=\"https:\/\/www.telam.com.ar\/notas\/202212\/614765-llegada-familiares-futbolistas-seleccion.html\" target=\"_blank\" rel=\"noopener noreferrer\">Horas antes, a las 22 del lunes, hab\u00eda llegado el vuelo de Aerol\u00edneas Argentinas AR1919 que trajo a los familiares y amigos de los jugadores de la Selecci\u00f3n nacional.<\/a><\/p>\n<figure class=\"mb-3\"><img loading=\"lazy\" src=\"http:\/\/hoycordobaweb.com\/wp-content\/uploads\/2022\/12\/la-seleccion-llego-a-ezeiza-y-se-traslado-al-predio-de-la-afa-en-medio-de-una-marea-humana-6.jpg\" width=\"100%\" height=\"100%\" alt=\"Foto Alfredo Luna\"><figcaption> Foto: Alfredo Luna. <\/figcaption><\/figure>\n<p>Los jugadores, <strong>descendieron del avi\u00f3n por una alfombra roja al comp\u00e1s de la m\u00fasica de \u00abMuchachos&#8230;\u00bb<\/strong>, la canci\u00f3n adaptada en ocasi\u00f3n del Mundial 2022 que se hizo una de las m\u00e1s populares en el pa\u00eds. saludaron a los presentes, a la multitud de periodistas que se dieron cita para cubrir el acontecimiento.<\/p>\n<h2 class> Del avi\u00f3n al micro descapotable<\/h2>\n<p>&nbsp;Luego, el plantel argentino subi\u00f3 a un micro descapotable ploteado para la ocasi\u00f3n con la imagen de los jugadores y la Copa, y <strong>sali\u00f3 del aeropuerto<\/strong> por un sector lateral, directo a la autopista Riccheri, c<strong>on destino al predio que posee la AFA en Ezeiza<\/strong>, donde pasar\u00e1 la noche.<\/p>\n<p>Un segundo micro, pero techado, condujo al resto de la delegaci\u00f3n.<\/p>\n<figure class=\"mb-3\"><img loading=\"lazy\" src=\"http:\/\/hoycordobaweb.com\/wp-content\/uploads\/2022\/12\/la-seleccion-llego-a-ezeiza-y-se-traslado-al-predio-de-la-afa-en-medio-de-una-marea-humana-7.jpg\" width=\"100%\" height=\"100%\" alt=\"Una de las fotos que poste Dibu Martnez apenas aterrizaron Foto Instagram\"><figcaption> Una de las fotos que poste\u00f3 \u00abDibu\u00bb Mart\u00ednez apenas aterrizaron. Foto: Instagram. <\/figcaption><\/figure>\n<p><strong>En el VIP al que lleg\u00f3 la Selecci\u00f3n se mont\u00f3 un gran operativo de seguridad<\/strong> con tres retenes de control de la PSA, y solamente un pu\u00f1ado de vecinos de la zona pudo estar presente en el lugar con redoblantes y banderas para saludar a sus \u00eddolos.<\/p>\n<blockquote class=\"twitter-tweet\" readability=\"7.3379790940767\">\n<p lang=\"es\" dir=\"ltr\">Locuraaa en los alrededores del aeropuerto de Ezeiza.<br \/>Mucha gente acampando y esperando desde temprano el avi\u00f3n que traer\u00e1 en unas horas, de madrugada, a los jugadores de <a href=\"https:\/\/twitter.com\/Argentina?ref_src=twsrc%5Etfw\">@Argentina<\/a> <br \/>\u2b50\ufe0f\u2b50\ufe0f\u2b50\ufe0f<a href=\"https:\/\/t.co\/ouP4AvCAsp\">pic.twitter.com\/ouP4AvCAsp<\/a><\/p>\n<p>\u2014 Mariae (BuenosAires)\ud83d\udc9a (@Mariae12_7) <a href=\"https:\/\/twitter.com\/Mariae12_7\/status\/1605048470338945025?ref_src=twsrc%5Etfw\">December 20, 2022<\/a><\/p><\/blockquote>\n<p><strong>Los transportes que trasladaban a los campeones<\/strong> del mundo partieron al predio de la AFA poco despu\u00e9s de las 3 de la ma\u00f1ana, y <strong>debieron atravesar una marea humana <\/strong>integrada por decenas de miles de personas que se apostaba a los costados de la autopista aguardando el paso de los campeones rumbo al predio donde pasar\u00e1n la noche.<\/p>\n<blockquote class=\"twitter-tweet\" readability=\"10.225255972696\">\n<p lang=\"es\" dir=\"ltr\"><a href=\"https:\/\/twitter.com\/hashtag\/ArgentinaCampeonDelMundo?src=hash&amp;ref_src=twsrc%5Etfw\">#ArgentinaCampeonDelMundo<\/a> <br \/>\u2b50\u2b50\u2b50<\/p>\n<p>\u00a1La Copa ya est\u00e1 en casa!<\/p>\n<p>El capit\u00e1n de la Selecci\u00f3n, Lionel Messi, y el entrenador Lionel Scaloni fueron los primeros integrantes en bajar del avi\u00f3n en Ezeiza<\/p>\n<p>\ud83c\udfa5 <a href=\"https:\/\/twitter.com\/TV_Publica?ref_src=twsrc%5Etfw\">@TV_Publica<\/a> <a href=\"https:\/\/t.co\/9gEzGuB131\">pic.twitter.com\/9gEzGuB131<\/a><\/p>\n<p>\u2014 Agencia T\u00e9lam (@AgenciaTelam) <a href=\"https:\/\/twitter.com\/AgenciaTelam\/status\/1605081928486600704?ref_src=twsrc%5Etfw\">December 20, 2022<\/a><\/p><\/blockquote>\n<p>Los hinchas -celular en mano con los que filmaban y sacaban fotos- coreaban el nombre de los jugadores, a quienes alentaban y saludaban agitando banderas blanquicelestes al grito de \u00abdale campe\u00f3n, dale campe\u00f3n&#8230;\u00bb embebidos de un mar de sirenas y bengalas.<\/p>\n<p>A paso de hombre, los micros<strong> demoraron una hora y cuarto en recorrer los seis kil\u00f3metros <\/strong>que distancian el Aeropuerto del predio deportivo de la AFA escoltados por otro imponente operativo de seguridad que incluy\u00f3 efectivos a pie y motorizados.<\/p>\n<figure class=\"mb-3\"><img loading=\"lazy\" src=\"http:\/\/hoycordobaweb.com\/wp-content\/uploads\/2022\/12\/la-seleccion-llego-a-ezeiza-y-se-traslado-al-predio-de-la-afa-en-medio-de-una-marea-humana-8.jpg\" width=\"100%\" height=\"100%\" alt=\"Foto Alfredo Luna\"><figcaption> Foto: Alfredo Luna. <\/figcaption><\/figure>\n<p>En la puerta de la sede deportiva tambi\u00e9n los esperaba una multitud, muchas de las personas estaban congregadas all\u00ed desde esta ma\u00f1ana, varios de ellos llegados desde distintos puntos del pa\u00eds, que los recibi\u00f3 con una batucada interminable y bengalas multicolores mientras que <strong>al ingresar el micro al predio de la AFA comenz\u00f3 un ensordecedor espect\u00e1culo de fuegos artificiales.<\/strong><\/p>\n<figure class=\"mb-3\"><img loading=\"lazy\" src=\"http:\/\/hoycordobaweb.com\/wp-content\/uploads\/2022\/12\/la-seleccion-llego-a-ezeiza-y-se-traslado-al-predio-de-la-afa-en-medio-de-una-marea-humana-9.jpg\" width=\"100%\" height=\"100%\" alt=\"Foto Alfredo Luna\"><figcaption> Foto: Alfredo Luna. <\/figcaption><\/figure>\n<p>Una primera recepci\u00f3n fue la que impact\u00f3 a los futbolistas argentinos que <strong>mostraron sus rostros con gestos de incredulidad mezclados con inocultable felicidad<\/strong>, seguramente imaginando tambi\u00e9n lo que suceder\u00e1 en pocas horas, cuando vuelvan a subirse al mismo micro para recorrer, quien sabe en cuanto tiempo, los 30 kil\u00f3metros que separan al predio afista del Obelisco porte\u00f1o.<\/p>\n<figure class=\"mb-3\"><img loading=\"lazy\" src=\"http:\/\/hoycordobaweb.com\/wp-content\/uploads\/2022\/12\/la-seleccion-llego-a-ezeiza-y-se-traslado-al-predio-de-la-afa-en-medio-de-una-marea-humana-10.jpg\" width=\"100%\" height=\"100%\" alt=\"Foto Alfredo Luna\"><figcaption> Foto: Alfredo Luna. <\/figcaption><\/figure>\n<p>Pero por lo pronto los flamantes campeones del mundo <strong>descansar\u00e1n unas pocas horas en el complejo<\/strong> Julio Humberto Grondona, antes del desayuno que compartir\u00e1n a media ma\u00f1ana de este martes con los familiares que no pudieron viajar a Qatar y los est\u00e1n esperando desde esta ma\u00f1ana en un hotel cercano.<\/p>\n<p>El ingreso al predio de AFA, donde los fuegos artificiales enmarcaron el \u00faltimo tramo del \u00f3mnibus habitado en su parte superior nada menos que por Lionel Messi y compa\u00f1\u00eda llevando la Copa del Mundo, ser\u00e1n el proleg\u00f3meno del sue\u00f1o que intentar\u00e1n conciliar los futbolistas que, all\u00ed mismo, so\u00f1aron unos meses atr\u00e1s con lo que hoy es una realidad: el campeonato mundial.<\/p>\n<figure class=\"mb-3\"><img loading=\"lazy\" src=\"http:\/\/hoycordobaweb.com\/wp-content\/uploads\/2022\/12\/la-seleccion-llego-a-ezeiza-y-se-traslado-al-predio-de-la-afa-en-medio-de-una-marea-humana-11.jpg\" width=\"100%\" height=\"100%\" alt=\"Foto Ral Ferrari\"><figcaption> Foto: Ra\u00fal Ferrari. <\/figcaption><\/figure>\n<p>Antes de eso,<strong> los hinchas convocados se mov\u00edan al costado del descapotable<\/strong> al que segu\u00edan casi a paso de hombre para no perder contacto visual con los jugadores, mientras la Polic\u00eda abr\u00eda camino al micro en una imagen que recordaba la apertura de las aguas del Mar Rojo, que volv\u00edan a cerrarse detr\u00e1s de los transportes, con m\u00e1s y m\u00e1s gente en la autopista.<\/p>\n<p><strong>El predio de la AFA los recibi\u00f3 con una gigantograf\u00eda de Messi alzando la Copa<\/strong> delante de una bandera argentina infinita y una frase categ\u00f3rica: \u00abEn este suelo hay otra estrella\u00bb.<\/p>\n<figure class=\"mb-3\"><img loading=\"lazy\" src=\"http:\/\/hoycordobaweb.com\/wp-content\/uploads\/2022\/12\/la-seleccion-llego-a-ezeiza-y-se-traslado-al-predio-de-la-afa-en-medio-de-una-marea-humana-12.jpg\" width=\"100%\" height=\"100%\" alt=\"Foto Ral Ferrari\"><figcaption> Foto: Ra\u00fal Ferrari. <\/figcaption><\/figure>\n<p>En la tarde de este lunes se inform\u00f3 que unos<strong> 3.300 efectivos de la Polic\u00eda bonaerense custodiar\u00edan<\/strong> el regreso de la Selecci\u00f3n y el anhelado trofeo obtenido en Qatar desde Ezeiza hasta la ciudad de Buenos Aires donde los jugadores celebrar\u00e1n con el pueblo en el Obelisco la obtenci\u00f3n de la tercera Copa Mundial de f\u00fatbol.<\/p>\n<p>\u00abEste operativo se desplegar\u00e1 hasta que la Selecci\u00f3n abandone nuestro territorio\u00bb, remarcaron, ya que en la ciudad de Buenos Aires otras fuerzas se encargar\u00e1n de la custodia de los jugadores en su marcha al Obelisco.<\/p>\n<blockquote class=\"twitter-tweet\" readability=\"6.6614785992218\">\n<p lang=\"es\" dir=\"ltr\">Antes de aterrizar en el aeropuerto de Ezeiza, el avi\u00f3n que traslada a la Selecci\u00f3n Argentina sobrevol\u00f3 el obelisco y alegr\u00f3 a los hinchas presentes all\u00ed en plena madrugada. Locura. <a href=\"https:\/\/t.co\/MLJ41XorND\">pic.twitter.com\/MLJ41XorND<\/a><\/p>\n<p>\u2014 Pollo (@ThomasZelazko) <a href=\"https:\/\/twitter.com\/ThomasZelazko\/status\/1605075220330471424?ref_src=twsrc%5Etfw\">December 20, 2022<\/a><\/p><\/blockquote>\n<p>Seg\u00fan el diagrama al que accedi\u00f3 T\u00e9lam, en tierras bonaerenses se despliegan 3.300 efectivos, 64 m\u00f3viles, 115 motos, tres camiones, tres camionetas de ataque r\u00e1pido y un contenedor de explosivos.<\/p>\n<figure class=\"mb-3\"><img loading=\"lazy\" src=\"http:\/\/hoycordobaweb.com\/wp-content\/uploads\/2022\/12\/la-seleccion-llego-a-ezeiza-y-se-traslado-al-predio-de-la-afa-en-medio-de-una-marea-humana-13.jpg\" width=\"100%\" height=\"100%\" alt=\"Foto Ral Ferrari\"><figcaption> Foto: Ra\u00fal Ferrari. <\/figcaption><\/figure>\n<p><strong>La ma\u00f1ana de este martes<\/strong>, en medio de una enorme expectativa y el feriado decretado por el Gobierno nacional, el plantel campe\u00f3n del mundo<strong> partir\u00e1 desde el predio de la AFA hacia la Ciudad de Buenos Aire<\/strong>s, con destino principal a la zona del Obelisco porte\u00f1o, donde el micro descapotable realizar\u00e1 un recorrido para recibir el homenaje y el reconocimiento popular.<\/p>\n<figure class=\"mb-3\"><img loading=\"lazy\" src=\"http:\/\/hoycordobaweb.com\/wp-content\/uploads\/2022\/12\/la-seleccion-llego-a-ezeiza-y-se-traslado-al-predio-de-la-afa-en-medio-de-una-marea-humana-14.jpg\" width=\"100%\" height=\"100%\" alt=\"Foto Alfredo Luna\"><figcaption> Foto: Alfredo Luna. <\/figcaption><\/figure>\n<p>En esta madrugada, <strong>otra muchedumbre ya est\u00e1 plantada en el Obelisco<\/strong> para esperar la llegada de la Selecci\u00f3n sobre el mismo \u00f3mnibus descapotable ploteado para el festejo.<\/p>\n<figure class=\"mb-3\"><img loading=\"lazy\" src=\"http:\/\/hoycordobaweb.com\/wp-content\/uploads\/2022\/12\/la-seleccion-llego-a-ezeiza-y-se-traslado-al-predio-de-la-afa-en-medio-de-una-marea-humana-15.jpg\" width=\"100%\" height=\"100%\" alt=\"Foto Alfredo Luna\"><figcaption> Foto: Alfredo Luna. <\/figcaption><\/figure>\n<p>Luego, <strong>el plantel regresar\u00e1 al predio de la AFA en Ezeiza, desde donde se dirigir\u00e1 con sus familias a pasar las fiestas <\/strong>en el pa\u00eds o en el exterior, seg\u00fan corresponda al destino de cada jugador.<\/p>\n<figure class=\"mb-3\"><img loading=\"lazy\" src=\"http:\/\/hoycordobaweb.com\/wp-content\/uploads\/2022\/12\/la-seleccion-llego-a-ezeiza-y-se-traslado-al-predio-de-la-afa-en-medio-de-una-marea-humana-16.jpg\" width=\"100%\" height=\"100%\" alt=\"Foto Captura tv\"><figcaption> Foto: Captura tv. <\/figcaption><\/figure>\n<p>Seg\u00fan informaron las fuentes aeron\u00e1uticas anoche, por el momento no est\u00e1 previsto un vuelo de Aerol\u00edneas Argentinas que transporte de regreso a Europa a los jugadores de la Selecci\u00f3n que se desempe\u00f1an en clubes del Viejo Continente.<\/p>\n","protected":false},"excerpt":{"rendered":"<p>Foto: Alfredo Luna. La Selecci\u00f3n nacional de f\u00fatbol campeona del mundo en Qatar 2022 lleg\u00f3 este martes a la madrugada al pa\u00eds, a las 2,24, a trav\u00e9s de un vuelo de Aerol\u00edneas Argentinas en medio del j\u00fabilo de una multitud que colaps\u00f3 todos los accesos a la zona circundante al predio de la AFA en [&hellip;]<\/p>\n","protected":false},"author":1,"featured_media":52919,"comment_status":"open","ping_status":"closed","sticky":false,"template":"","format":"standard","meta":[],"categories":[19],"tags":[],"_links":{"self":[{"href":"http:\/\/hoycordobaweb.com\/index.php\/wp-json\/wp\/v2\/posts\/52918"}],"collection":[{"href":"http:\/\/hoycordobaweb.com\/index.php\/wp-json\/wp\/v2\/posts"}],"about":[{"href":"http:\/\/hoycordobaweb.com\/index.php\/wp-json\/wp\/v2\/types\/post"}],"author":[{"embeddable":true,"href":"http:\/\/hoycordobaweb.com\/index.php\/wp-json\/wp\/v2\/users\/1"}],"replies":[{"embeddable":true,"href":"http:\/\/hoycordobaweb.com\/index.php\/wp-json\/wp\/v2\/comments?post=52918"}],"version-history":[{"count":0,"href":"http:\/\/hoycordobaweb.com\/index.php\/wp-json\/wp\/v2\/posts\/52918\/revisions"}],"wp:featuredmedia":[{"embeddable":true,"href":"http:\/\/hoycordobaweb.com\/index.php\/wp-json\/wp\/v2\/media\/52919"}],"wp:attachment":[{"href":"http:\/\/hoycordobaweb.com\/index.php\/wp-json\/wp\/v2\/media?parent=52918"}],"wp:term":[{"taxonomy":"category","embeddable":true,"href":"http:\/\/hoycordobaweb.com\/index.php\/wp-json\/wp\/v2\/categories?post=52918"},{"taxonomy":"post_tag","embeddable":true,"href":"http:\/\/hoycordobaweb.com\/index.php\/wp-json\/wp\/v2\/tags?post=52918"}],"curies":[{"name":"wp","href":"https:\/\/api.w.org\/{rel}","templated":true}]}}