{"id":52910,"date":"2022-12-20T06:24:53","date_gmt":"2022-12-20T06:24:53","guid":{"rendered":"https:\/\/www.mujerhoy.com\/moda\/no-te-pierdas\/vestido-negro-drapeado-zara-20221220072344-nt.html"},"modified":"2022-12-20T06:24:53","modified_gmt":"2022-12-20T06:24:53","slug":"este-vestido-negro-de-zara-de-menos-de-25-euros-sera-tu-mejor-aliado-en-las-cenas-de-navidad","status":"publish","type":"post","link":"http:\/\/hoycordobaweb.com\/index.php\/2022\/12\/20\/este-vestido-negro-de-zara-de-menos-de-25-euros-sera-tu-mejor-aliado-en-las-cenas-de-navidad\/","title":{"rendered":"Este vestido negro de Zara de menos de 25 euros ser\u00e1 tu mejor aliado en las cenas de Navidad"},"content":{"rendered":"<p><!-- AUTHOR --><\/p>\n<div class=\"voc-author-timesocial \"><!-- AUTHOR --><\/p>\n<div class=\"voc-author-timesocial__signature\"><!-- IMAGE AUTHOR --><picture class=\"voc-image-signature\"><img class=\"voc-image-signature__img\" src=\"http:\/\/hoycordobaweb.com\/wp-content\/uploads\/2022\/12\/este-vestido-negro-de-zara-de-menos-de-25-euros-sera-tu-mejor-aliado-en-las-cenas-de-navidad.jpg\" alt=\"Carla Dom\u00ednguez\"><\/picture><!-- INFO AUTHOR --><\/div>\n<\/div>\n<p><!-- COMPONENTS --><\/p>\n<p class=\"voc-paragraph\">Hay dos tipos de amigas. Las que desde principios de noviembre te env\u00edan fotos con sus nuevas adquisiciones para la temporada de Navidad y ya saben incluso con que zapato y joyas combinar todo su estilismo. Luego est\u00e1n las que hasta la semana antes de las fechas navide\u00f1as (la mayor\u00eda) no sabe ni qu\u00e9 ponerse.\n<\/p>\n<p class=\"voc-paragraph\">Si eres de las que hasta \u00faltima hora no te decides con tu look navide\u00f1o. Da igual que sea para una cena de empresa, Nochebuena o Nochevieja, qu\u00e9 tienes dudas sobre qu\u00e9 ponerte; este a\u00f1o te lo ponemos bastante f\u00e1cil. Y todo, gracias de nuevo a <strong>Zara.<\/strong><\/p>\n<p class=\"voc-paragraph\">En Zara hemos encontrado varias joyas para a\u00f1adir a nuestros looks navide\u00f1os. Desde jers\u00e9is de punto gruesos que puedes combinar con <a data-voc-vtm-id=\"in-text-traffic\" href=\"https:\/\/www.mujerhoy.com\/moda\/tendencias\/faldas-lentejuelas-excentricas-verano-20220823074307-nt.html\">faldas de lentejuelas<\/a>, hasta americanas de terciopelo, y por supuesto vestidos de color negro.\n<\/p>\n<p class=\"voc-paragraph\">Los <a data-voc-vtm-id=\"in-text-traffic\" href=\"https:\/\/www.mujerhoy.com\/moda\/no-te-pierdas\/vestidos-negros-rejuvenecen-estilizan-zara-mango-asos-nueva-coleccion-20220921143346-ga.html\">vestidos negros<\/a> son un cl\u00e1sico y aunque es una de las prendas m\u00e1s socorridas para los eventos de noche, siempre es un acierto. Solucionan ese plan en el que no sabes muy bien qu\u00e9 llevar y adem\u00e1s, estilizan, favorecen y la mayor\u00eda se suele sentir c\u00f3moda llevando este tipo de vestidos.\n<\/p>\n<div class=\"voc-detail__cmp\">\n<div class=\"voc-article-container\">\n<article class=\"voc-article voc-article--cmp-video\" readability=\"26.5\">\n<div class=\"voc-img-container \" readability=\"8\"><picture><\/picture>\n<p class=\"figure-caption \"><span class=\"voc-gallery-type\"><i class=\"voc-icons video\"><\/i> V\u00eddeo. <\/span> El vestido negro, el cl\u00e1sico que nunca falla. <span class=\"voc-photo-author\"><\/span><\/p>\n<\/div>\n<\/article>\n<\/div>\n<\/div>\n<p class=\"voc-paragraph\">Eso s\u00ed, porque sea un vestido de \u00faltima hora no significa que tengas que gastarte un dineral. En la secci\u00f3n de <strong>precios especiales de Zara<\/strong> hemos encontrado muchas prendas asequibles que merece la pena comprar para el invierno: plumas, c\u00e1rdigans, o incluso botines con plataforma. Pero no hemos podido obviar un <strong>vestido negro drapeado de 22,95 euros<\/strong> que se convertir\u00e1 en tu favorito.\n<\/p>\n<p class=\"voc-paragraph\">Nos referimos a este vestido negro con drapeado tan elegante que ha lanzado Zara directamente a su lista de prendas de precios especiales. Es un vestido largo con cuello redondo, manga sisa y hombreras. Cuenta con cierre de cremallera en la espalda.\n<\/p>\n<p class=\"voc-paragraph\">Es un vestido negro que de momento no ha llamado mucho la atenci\u00f3n en Zara, y lo m\u00e1s probable es porque pocos lo han visto. Es un vestido largo que puedes usar de m\u00faltiples formas. En noches especiales con sandalias de tac\u00f3n y algo de brillo, y a diario con un jersey de punto y botas altas, o incluso zapatillas deportivas.\n<\/p>\n<div class=\"voc-detail-photo-zoom\"><picture data-toggle=\"modal\" data-target=\"#photoZoomModal-638\" target=\"modal\">\n<div class=\"voc-img-icon-link\"><img loading=\"lazy\" data-original=\"\/\/static2.mujerhoy.com\/www\/multimedia\/202212\/16\/media\/cortadas\/vestido-drapeado-negro-zara-kBdG--460x637@MujerHoy.jpeg\" class=\"lazy\" alt=\"Vestido drapeado en negro de Zara. Foto: Zara.\"><noscript><img src=\"http:\/\/hoycordobaweb.com\/wp-content\/uploads\/2022\/12\/este-vestido-negro-de-zara-de-menos-de-25-euros-sera-tu-mejor-aliado-en-las-cenas-de-navidad-1.jpg\" alt=\"Vestido drapeado en negro de Zara. Foto: Zara.\"><\/noscript><i class=\"voc-icons zoom voc-multimedia-box voc-ico-l\"><\/i><\/div><figcaption class=\"figure-caption\">Vestido drapeado en negro de Zara. Foto: Zara.<\/figcaption><\/picture><\/div>\n<div id=\"photoZoomModal-638\" class=\"voc-lightbox modal fade voc-lightbox--photo-zoom\" role=\"dialog\" data-voc-photozoom-lightbox>\n<div class=\"voc-lightbox__dialog\" role=\"document\">\n<div class=\"voc-lightbox__content\"><!-- Modal header --><!-- Modal content --><\/p>\n<div class=\"voc-lightbox__photo-container\"><picture class><img loading=\"lazy\" data-original=\"\/\/static2.mujerhoy.com\/www\/multimedia\/202212\/16\/media\/cortadas\/vestido-drapeado-negro-zara-kBdG--460x637@MujerHoy.jpeg\" alt=\"Vestido drapeado en negro de Zara. Foto: Zara.\" class=\"lazy\"><noscript><img src=\"http:\/\/hoycordobaweb.com\/wp-content\/uploads\/2022\/12\/este-vestido-negro-de-zara-de-menos-de-25-euros-sera-tu-mejor-aliado-en-las-cenas-de-navidad-1.jpg\" alt=\"Vestido drapeado en negro de Zara. Foto: Zara.\"><\/noscript><\/picture><\/div>\n<\/div>\n<\/div>\n<\/div>\n<p class=\"voc-paragraph\">\u00bfPor qu\u00e9 apostar por <strong>un vestido drapeado<\/strong>? La ventaja de los vestidos drapeados es que se adaptan muy bien a la figura. Aunque sean ce\u00f1idos, ese efecto drapeado en el tejido hace que resulte m\u00e1s favorecedor. Adem\u00e1s, este vestido negro es un b\u00e1sico de fondo de armario.\n<\/p>\n<p><!-- TOPICS --><\/p>\n","protected":false},"excerpt":{"rendered":"<p>Hay dos tipos de amigas. Las que desde principios de noviembre te env\u00edan fotos con sus nuevas adquisiciones para la temporada de Navidad y ya saben incluso con que zapato y joyas combinar todo su estilismo. Luego est\u00e1n las que hasta la semana antes de las fechas navide\u00f1as (la mayor\u00eda) no sabe ni qu\u00e9 ponerse. [&hellip;]<\/p>\n","protected":false},"author":1,"featured_media":52911,"comment_status":"closed","ping_status":"closed","sticky":false,"template":"","format":"standard","meta":[],"categories":[1],"tags":[],"_links":{"self":[{"href":"http:\/\/hoycordobaweb.com\/index.php\/wp-json\/wp\/v2\/posts\/52910"}],"collection":[{"href":"http:\/\/hoycordobaweb.com\/index.php\/wp-json\/wp\/v2\/posts"}],"about":[{"href":"http:\/\/hoycordobaweb.com\/index.php\/wp-json\/wp\/v2\/types\/post"}],"author":[{"embeddable":true,"href":"http:\/\/hoycordobaweb.com\/index.php\/wp-json\/wp\/v2\/users\/1"}],"replies":[{"embeddable":true,"href":"http:\/\/hoycordobaweb.com\/index.php\/wp-json\/wp\/v2\/comments?post=52910"}],"version-history":[{"count":0,"href":"http:\/\/hoycordobaweb.com\/index.php\/wp-json\/wp\/v2\/posts\/52910\/revisions"}],"wp:featuredmedia":[{"embeddable":true,"href":"http:\/\/hoycordobaweb.com\/index.php\/wp-json\/wp\/v2\/media\/52911"}],"wp:attachment":[{"href":"http:\/\/hoycordobaweb.com\/index.php\/wp-json\/wp\/v2\/media?parent=52910"}],"wp:term":[{"taxonomy":"category","embeddable":true,"href":"http:\/\/hoycordobaweb.com\/index.php\/wp-json\/wp\/v2\/categories?post=52910"},{"taxonomy":"post_tag","embeddable":true,"href":"http:\/\/hoycordobaweb.com\/index.php\/wp-json\/wp\/v2\/tags?post=52910"}],"curies":[{"name":"wp","href":"https:\/\/api.w.org\/{rel}","templated":true}]}}