{"id":52908,"date":"2022-12-20T08:36:44","date_gmt":"2022-12-20T08:36:44","guid":{"rendered":"https:\/\/www.mujerhoy.com\/moda\/no-te-pierdas\/sofia-palazuelo-look-invitada-boda-invierno-guantes-sombrero-abrigo-20221219140607-nt.html"},"modified":"2022-12-20T08:36:44","modified_gmt":"2022-12-20T08:36:44","slug":"guantes-sombrero-y-abrigo-especial-los-trucos-de-sofia-palazuelo-para-un-look-de-invitada-de-invierno-elegante","status":"publish","type":"post","link":"http:\/\/hoycordobaweb.com\/index.php\/2022\/12\/20\/guantes-sombrero-y-abrigo-especial-los-trucos-de-sofia-palazuelo-para-un-look-de-invitada-de-invierno-elegante\/","title":{"rendered":"Guantes, sombrero y abrigo especial: los trucos de Sof\u00eda Palazuelo para un look de invitada de invierno elegante"},"content":{"rendered":"<p><!-- AUTHOR --><\/p>\n<div class=\"voc-author-timesocial \"><!-- AUTHOR --><\/p>\n<div class=\"voc-author-timesocial__signature\"><!-- IMAGE AUTHOR --><picture class=\"voc-image-signature\"><img class=\"voc-image-signature__img\" src=\"http:\/\/hoycordobaweb.com\/wp-content\/uploads\/2022\/12\/guantes-sombrero-y-abrigo-especial-los-trucos-de-sofia-palazuelo-para-un-look-de-invitada-de-invierno-elegante.jpg\" alt=\"Raquel Rodr\u00edguez\"><\/picture><!-- INFO AUTHOR --><\/div>\n<\/div>\n<p><!-- COMPONENTS --><\/p>\n<p class=\"voc-paragraph\">Este fin de semana de bodas han sucedido varias bodas que nos han dejado diferentes looks de invitadas que son toda una inspiraci\u00f3n. Y si te ha gustado <a data-voc-vtm-id=\"in-text-traffic\" href=\"https:\/\/www.mujerhoy.com\/moda\/no-te-pierdas\/lourdes-montes-invitada-boda-cristina-reyes-look-rojo-20221217141022-nt.html\">el look rojo de Lourdes Montes<\/a> y los vestidos elegantes de<br \/>\n<a data-voc-vtm-id=\"in-text-traffic\" href=\"https:\/\/www.mujerhoy.com\/moda\/no-te-pierdas\/isabel-preysler-tamara-falco-ana-boyer-look-invitada-boda-invierno-20221219130412-nt.html\"> Isabel Preysler, Tamara Falc\u00f3 y Ana Boyer<\/a>, espera a ver las prendas escogidas por <strong>Sof\u00eda Palazuelo<\/strong>.\n<\/p>\n<p class=\"voc-paragraph\">Si hay algo que se le da bien a Sof\u00eda Palazuelo es conseguir ser la invitada mejor vestida all\u00e1 donde va. Su estilo cl\u00e1sico se combina con prendas sofisticadas, tendencia y diferentes que hacen que un vestido sencillo se convierta en un look perfecto y especial.\n<\/p>\n<p class=\"voc-paragraph\">Y la \u00faltima vez en confirmar ese buen gusto y elegancia que tiene ha sido en la boda de su hermano. Beltr\u00e1n Palazuelo se ha dado el &#8216;s\u00ed, quiero&#8217; en Toledo con Eugenia Hernandez Antolin Cabello y entre los invitados destacados han estado Sof\u00eda y su marido Fernando Fitz James y Solis.\n<\/p>\n<div class=\"voc-detail-photo-zoom\"><picture data-toggle=\"modal\" data-target=\"#photoZoomModal-481\" target=\"modal\">\n<div class=\"voc-img-icon-link\"><img loading=\"lazy\" data-original=\"\/\/static1.mujerhoy.com\/www\/multimedia\/202212\/19\/media\/cortadas\/abrigo-look-invitada-k8GH--460x637@MujerHoy.jpg\" class=\"lazy\" alt=\"Fernando Fitz James y Solis y Sof\u00eda Palazuelo a las puertas de la iglesia. \/ GTRES\"><noscript><img src=\"http:\/\/hoycordobaweb.com\/wp-content\/uploads\/2022\/12\/guantes-sombrero-y-abrigo-especial-los-trucos-de-sofia-palazuelo-para-un-look-de-invitada-de-invierno-elegante-1.jpg\" alt=\"Fernando Fitz James y Solis y Sof\u00eda Palazuelo a las puertas de la iglesia. \/ GTRES\"><\/noscript><i class=\"voc-icons zoom voc-multimedia-box voc-ico-l\"><\/i><\/div><figcaption class=\"figure-caption\">Fernando Fitz James y Solis y Sof\u00eda Palazuelo a las puertas de la iglesia. \/ GTRES<\/figcaption><\/picture><\/div>\n<div id=\"photoZoomModal-481\" class=\"voc-lightbox modal fade voc-lightbox--photo-zoom\" role=\"dialog\" data-voc-photozoom-lightbox>\n<div class=\"voc-lightbox__dialog\" role=\"document\">\n<div class=\"voc-lightbox__content\"><!-- Modal header --><!-- Modal content --><\/p>\n<div class=\"voc-lightbox__photo-container\"><picture class><img loading=\"lazy\" data-original=\"\/\/static1.mujerhoy.com\/www\/multimedia\/202212\/19\/media\/cortadas\/abrigo-look-invitada-k8GH--460x637@MujerHoy.jpg\" alt=\"Fernando Fitz James y Solis y Sof\u00eda Palazuelo a las puertas de la iglesia. \/ GTRES\" class=\"lazy\"><noscript><img src=\"http:\/\/hoycordobaweb.com\/wp-content\/uploads\/2022\/12\/guantes-sombrero-y-abrigo-especial-los-trucos-de-sofia-palazuelo-para-un-look-de-invitada-de-invierno-elegante-1.jpg\" alt=\"Fernando Fitz James y Solis y Sof\u00eda Palazuelo a las puertas de la iglesia. \/ GTRES\"><\/noscript><\/picture><\/div>\n<\/div>\n<\/div>\n<\/div>\n<p class=\"voc-paragraph\">Sof\u00eda llev\u00f3 exactamente un vestido midi de Sophie et Voil\u00e0 en exclusiva en ES Fascinante. Se trata del modelo Hermione que tiene un dise\u00f1o de manga francesa, cuello redondo y un color crema muy elegante y que tiene tambi\u00e9n el abrigo a juego de la mims firma y que lleva el mismo nombre.\n<\/p>\n<p class=\"voc-paragraph\">Este \u00faltimo era protagonista del estilismo, un <strong>abrigo de pa\u00f1o largo <\/strong>hasta los tobillos. Un dise\u00f1o en color beige de mangas abullonadas y que se caracterizaba por el detalle de encaje blanco a contraste en el cuello redondo de la pieza, que tiene tambi\u00e9n un cierre de botones frontal.\n<\/p>\n<div class=\"voc-detail__cmp\">\n<div class=\"voc-article-container\">\n<article class=\"voc-article voc-article--cmp-photo-text\" readability=\"26.5\">\n<div class=\"voc-img-container\" readability=\"8\"><picture>\n<div class=\"voc-horizontal voc-img-icon-link\"><img class=\"lazy\" loading=\"lazy\" data-original=\"\/\/static2.mujerhoy.com\/www\/multimedia\/202212\/19\/media\/cortadas\/ideas-look-invitada-boda-invierno-k8GH--624x624@MujerHoy.jpg\" alt=\"Sof\u00eda Palazuelo llev\u00f3 guantes, bolso metalizado y sombrero.\"><\/div>\n<\/picture>\n<p class=\"figure-caption \"> Sof\u00eda Palazuelo llev\u00f3 guantes, bolso metalizado y sombrero. \/ <span class=\"voc-photo-author\"> gtres <\/span><\/p>\n<\/div>\n<\/article>\n<\/div>\n<\/div>\n<p class=\"voc-paragraph\">Una prenda de lo m\u00e1s elegante e ideal para protegerse del fr\u00edo a la qu ea\u00f1adi\u00f3 lo scomplementeos perfectos. \u00bfEl protagonista? Un <strong>sombrero marr\u00f3n<\/strong> oscuro de Nana Golmar en exclusiva en ES Fascinante que no pens\u00e1bamos que fuera a quedar tan bien en un look de invitada elegante, pero que es una pieza clave.\n<\/p>\n<p class=\"voc-paragraph\">El otro accesorio protagonista es el <strong>guante<\/strong>. Sof\u00eda a\u00f1adi\u00f3 un modelo invernal en color marr\u00f3n chocolate y de ante que tambi\u00e9n son perfectos para estos d\u00edas de fr\u00edo y tambi\u00e9n son un toque especial que aporta elegancia. Eso s\u00ed, siempre si optas por un dise\u00f1o de piel del estilo.\n<\/p>\n<div class=\"voc-detail__cmp\" readability=\"6\">\n<div class=\"voc-photo-combo-three fw-xs\" readability=\"7\">\n<p class=\"figure-caption\"><span class=\"voc-photo-caption\">Los detalles del look de Sof\u00eda Palazuelo.<\/span><span class=\"voc-photo-author\"><\/span><\/p>\n<\/div>\n<\/div>\n<p class=\"voc-paragraph\">Por \u00faltimo, a\u00f1adi\u00f3 un bolso de mano metalizado de Ecue en exclusiva en ES Fascinante. Un modelo tipo sobre que daba el toque festivo al look y que tambi\u00e9n es una inspiraci\u00f3n. Adem\u00e1s, es un acceosrio muy f\u00e1cil de copiar que puedes encontrar en un sinf\u00edn de firmas low cost como Parfois o Zara.\n<\/p>\n<p class=\"voc-paragraph\">Por \u00faltimo, es necesario destacar los zapatos. \u00bfEl truco para que estos tambi\u00e9n sean ideales para los d\u00edas de fr\u00edo? Que sean de <strong>terciopelo<\/strong>. Sof\u00eda escogi\u00f3 unos salones en color beige de tac\u00f3n grueso y c\u00f3modo que ten\u00eda las tiras que sujetan el calzado en dorado.\n<\/p>\n<p><!-- TOPICS --><\/p>\n","protected":false},"excerpt":{"rendered":"<p>Este fin de semana de bodas han sucedido varias bodas que nos han dejado diferentes looks de invitadas que son toda una inspiraci\u00f3n. Y si te ha gustado el look rojo de Lourdes Montes y los vestidos elegantes de Isabel Preysler, Tamara Falc\u00f3 y Ana Boyer, espera a ver las prendas escogidas por Sof\u00eda Palazuelo. [&hellip;]<\/p>\n","protected":false},"author":1,"featured_media":52909,"comment_status":"closed","ping_status":"closed","sticky":false,"template":"","format":"standard","meta":[],"categories":[1],"tags":[],"_links":{"self":[{"href":"http:\/\/hoycordobaweb.com\/index.php\/wp-json\/wp\/v2\/posts\/52908"}],"collection":[{"href":"http:\/\/hoycordobaweb.com\/index.php\/wp-json\/wp\/v2\/posts"}],"about":[{"href":"http:\/\/hoycordobaweb.com\/index.php\/wp-json\/wp\/v2\/types\/post"}],"author":[{"embeddable":true,"href":"http:\/\/hoycordobaweb.com\/index.php\/wp-json\/wp\/v2\/users\/1"}],"replies":[{"embeddable":true,"href":"http:\/\/hoycordobaweb.com\/index.php\/wp-json\/wp\/v2\/comments?post=52908"}],"version-history":[{"count":0,"href":"http:\/\/hoycordobaweb.com\/index.php\/wp-json\/wp\/v2\/posts\/52908\/revisions"}],"wp:featuredmedia":[{"embeddable":true,"href":"http:\/\/hoycordobaweb.com\/index.php\/wp-json\/wp\/v2\/media\/52909"}],"wp:attachment":[{"href":"http:\/\/hoycordobaweb.com\/index.php\/wp-json\/wp\/v2\/media?parent=52908"}],"wp:term":[{"taxonomy":"category","embeddable":true,"href":"http:\/\/hoycordobaweb.com\/index.php\/wp-json\/wp\/v2\/categories?post=52908"},{"taxonomy":"post_tag","embeddable":true,"href":"http:\/\/hoycordobaweb.com\/index.php\/wp-json\/wp\/v2\/tags?post=52908"}],"curies":[{"name":"wp","href":"https:\/\/api.w.org\/{rel}","templated":true}]}}