{"id":52870,"date":"2022-12-20T01:08:00","date_gmt":"2022-12-20T01:08:00","guid":{"rendered":"http:\/\/hoycordobaweb.com\/index.php\/2022\/12\/20\/la-seleccion-de-francia-tuvo-una-multitudinaria-recepcion-en-su-regreso-a-paris\/"},"modified":"2022-12-20T01:08:00","modified_gmt":"2022-12-20T01:08:00","slug":"la-seleccion-de-francia-tuvo-una-multitudinaria-recepcion-en-su-regreso-a-paris","status":"publish","type":"post","link":"http:\/\/hoycordobaweb.com\/index.php\/2022\/12\/20\/la-seleccion-de-francia-tuvo-una-multitudinaria-recepcion-en-su-regreso-a-paris\/","title":{"rendered":"La selecci\u00f3n de Francia tuvo una multitudinaria recepci\u00f3n en su regreso a Par\u00eds"},"content":{"rendered":"<p><img src=\"http:\/\/hoycordobaweb.com\/wp-content\/uploads\/2022\/12\/la-seleccion-de-francia-tuvo-una-multitudinaria-recepcion-en-su-regreso-a-paris.jpg\"><\/p>\n<figure class=\"mb-3\"><img loading=\"lazy\" src=\"http:\/\/hoycordobaweb.com\/wp-content\/uploads\/2022\/12\/la-seleccion-de-francia-tuvo-una-multitudinaria-recepcion-en-su-regreso-a-paris-2.jpg\" width=\"100%\" height=\"100%\" alt=\"Foto Fernando Gens enviado especial\"><figcaption> Foto: Fernando Gens, enviado especial. <\/figcaption><\/figure>\n<p>Los jugadores de la selecci\u00f3n de f\u00fatbol de Francia tuvieron una multitudinaria recepci\u00f3n de sus hinchas en la <strong>Plaza de la Concordia<\/strong> en Par\u00eds, a su regreso del <strong>Mundial de Qatar<\/strong>, con la presencia de m\u00e1s de 15.000 aficionados.<\/p>\n<p>Inicialmente, el presidente de la Federaci\u00f3n Francesa de F\u00fatbol, <strong>Noel Le Graet<\/strong>, hab\u00eda anunciado este lunes que \u00ablos jugadores quer\u00edan irse r\u00e1pido a sus casas\u00bb y que no habr\u00eda \u00abning\u00fan encuentro\u00bb.<\/p>\n<p>La organizaci\u00f3n del futbol galo aclar\u00f3 que Le Graet desconoc\u00eda<strong> la intenci\u00f3n del plantel franc\u00e9s de saludar a los hinchas en la Plaza de la Concordia.<\/strong> El dirigente hab\u00eda retornado a Par\u00eds desde Doha antes de que el equipo emprendiera el regreso.<\/p>\n<p>Los dichos iniciales de Le Graet contrastaban con la versi\u00f3n que la ministra de Deportes, Am\u00e9lie Oud\u00e9a-Cast\u00e9ra, transmiti\u00f3 ante la emisora France Inter, en el que aseguraba que se har\u00eda un encuentro en el centro de la capital francesa entre los jugadores y la gente.<\/p>\n<blockquote class=\"twitter-tweet\" readability=\"3.0967741935484\">\n<p lang=\"fr\" dir=\"ltr\">Votre accueil fait chaud au c\u0153ur \ud83d\udc99<br \/>Merci \ud83e\udef6 <a href=\"https:\/\/twitter.com\/hashtag\/FiersdetreBleus?src=hash&amp;ref_src=twsrc%5Etfw\">#FiersdetreBleus<\/a> <a href=\"https:\/\/t.co\/DM5CREzd4L\">pic.twitter.com\/DM5CREzd4L<\/a><\/p>\n<p>\u2014 Equipe de France \u2b50\u2b50 (@equipedefrance) <a href=\"https:\/\/twitter.com\/equipedefrance\/status\/1604950103147663370?ref_src=twsrc%5Etfw\">December 19, 2022<\/a><\/p><\/blockquote>\n<p>\u00abQuieren agradecer a la afici\u00f3n\u00bb, dijo la ministra sobre el trascendido de la intenci\u00f3n de los \u00abBleus\u00bb de saludar a sus seguidores en la Plaza de la Concordia, en el coraz\u00f3n de Par\u00eds, al comienzo de la famosa avenida de los Campos El\u00edseos, indic\u00f3 la agencia ANSA.<\/p>\n<p>Despu\u00e9s de la final del domingo y<a href=\"https:\/\/www.telam.com.ar\/notas\/202212\/614598-argentina-francia-final.html\" target=\"_blank\" rel=\"noopener noreferrer\"> la derrota ante Argentina<\/a>, circul\u00f3 la versi\u00f3n de que los futbolistas iban a saludar en los Campos El\u00edseos. Pero la ministra dijo que \u00abno quer\u00edan hacerlo porque est\u00e1n agotados, todav\u00eda marcados por la decepci\u00f3n\u00bb.<\/p>\n<p>Pero ese estado de \u00e1nimo tuvo una leve mejor\u00eda cuando salieron al balc\u00f3n del hotel Crillon, frente a la plaza Concordia de Paris, a metros de la Torre Eiffel, acompa\u00f1ados por el entrenador<strong> Didier Deschamps<\/strong>,y se encontraron con la ovaci\u00f3n de 15.000 hinchas que se aglomeraron para hacerle un reconocimiento a su selecci\u00f3n por haber salido subcampeona del mundo.<\/p>\n<p>Durante unos 20 minutos los aficionados entonaron un <strong>\u00abKylian, Kylian, Kylian\u00bb<\/strong>, en homenaje al goleador del mundial, Mbapp\u00e9, y luego aclamaron a Antoine Griezmann, Ousmane Demb\u00e9l\u00e9 y Olivier Giroud, finalizando con la entonaci\u00f3n sentida del himno franc\u00e9s, la Marsellesa. <\/p>\n","protected":false},"excerpt":{"rendered":"<p>Foto: Fernando Gens, enviado especial. Los jugadores de la selecci\u00f3n de f\u00fatbol de Francia tuvieron una multitudinaria recepci\u00f3n de sus hinchas en la Plaza de la Concordia en Par\u00eds, a su regreso del Mundial de Qatar, con la presencia de m\u00e1s de 15.000 aficionados. Inicialmente, el presidente de la Federaci\u00f3n Francesa de F\u00fatbol, Noel Le [&hellip;]<\/p>\n","protected":false},"author":1,"featured_media":52871,"comment_status":"open","ping_status":"closed","sticky":false,"template":"","format":"standard","meta":[],"categories":[16],"tags":[],"_links":{"self":[{"href":"http:\/\/hoycordobaweb.com\/index.php\/wp-json\/wp\/v2\/posts\/52870"}],"collection":[{"href":"http:\/\/hoycordobaweb.com\/index.php\/wp-json\/wp\/v2\/posts"}],"about":[{"href":"http:\/\/hoycordobaweb.com\/index.php\/wp-json\/wp\/v2\/types\/post"}],"author":[{"embeddable":true,"href":"http:\/\/hoycordobaweb.com\/index.php\/wp-json\/wp\/v2\/users\/1"}],"replies":[{"embeddable":true,"href":"http:\/\/hoycordobaweb.com\/index.php\/wp-json\/wp\/v2\/comments?post=52870"}],"version-history":[{"count":0,"href":"http:\/\/hoycordobaweb.com\/index.php\/wp-json\/wp\/v2\/posts\/52870\/revisions"}],"wp:featuredmedia":[{"embeddable":true,"href":"http:\/\/hoycordobaweb.com\/index.php\/wp-json\/wp\/v2\/media\/52871"}],"wp:attachment":[{"href":"http:\/\/hoycordobaweb.com\/index.php\/wp-json\/wp\/v2\/media?parent=52870"}],"wp:term":[{"taxonomy":"category","embeddable":true,"href":"http:\/\/hoycordobaweb.com\/index.php\/wp-json\/wp\/v2\/categories?post=52870"},{"taxonomy":"post_tag","embeddable":true,"href":"http:\/\/hoycordobaweb.com\/index.php\/wp-json\/wp\/v2\/tags?post=52870"}],"curies":[{"name":"wp","href":"https:\/\/api.w.org\/{rel}","templated":true}]}}