{"id":52858,"date":"2022-12-19T05:39:20","date_gmt":"2022-12-19T05:39:20","guid":{"rendered":"https:\/\/www.mujerhoy.com\/moda\/no-te-pierdas\/americana-pantalon-made-spain-sassa-osma-20221219063720-nt.html"},"modified":"2022-12-19T05:39:20","modified_gmt":"2022-12-19T05:39:20","slug":"la-chaqueta-y-el-pantalon-made-in-spain-favorito-de-las-royals-en-invierno","status":"publish","type":"post","link":"http:\/\/hoycordobaweb.com\/index.php\/2022\/12\/19\/la-chaqueta-y-el-pantalon-made-in-spain-favorito-de-las-royals-en-invierno\/","title":{"rendered":"La chaqueta y el pantal\u00f3n made in Spain favorito de las royals en invierno"},"content":{"rendered":"<p><!-- AUTHOR --><\/p>\n<div class=\"voc-author-timesocial \"><!-- AUTHOR --><\/p>\n<div class=\"voc-author-timesocial__signature\"><!-- IMAGE AUTHOR --><picture class=\"voc-image-signature\"><img class=\"voc-image-signature__img\" src=\"http:\/\/hoycordobaweb.com\/wp-content\/uploads\/2022\/12\/la-chaqueta-y-el-pantalon-made-in-spain-favorito-de-las-royals-en-invierno.jpg\" alt=\"Carla Dom\u00ednguez\"><\/picture><!-- INFO AUTHOR --><\/div>\n<\/div>\n<p><!-- COMPONENTS --><\/p>\n<p class=\"voc-paragraph\">Si tuvieras que pedir un regalo de moda para <strong>Navidad<\/strong>, \u00bfcu\u00e1l ser\u00eda? Nosotras lo tenemos clar\u00edsimo: un conjunto de dos piezas formado por <a data-voc-vtm-id=\"in-text-traffic\" href=\"https:\/\/www.mujerhoy.com\/moda\/tendencias\/americanas-chaquetas-blazers-zara-mango-sfera-baratas-bonitas-originales-nueva-coleccion-20220127135526-nt.html\">americana<\/a> y pantal\u00f3n. Es el t\u00edpico juego de prendas que merece la pena tener en el armario y al que le sacar\u00e1s partido durante todo el a\u00f1o, ya sea junto o por separado.\n<\/p>\n<p class=\"voc-paragraph\">Y eso lo tiene claro tambi\u00e9n la mujer del pr\u00edncipe <a data-voc-vtm-id=\"in-text-traffic\" href=\"https:\/\/www.mujerhoy.com\/celebrities\/realeza\/201803\/17\/boda-christian-hannover-alessandra-osma-20180317112501.html\">Cristian de Hannover<\/a>, Sassa de Osma, quien se ha declarado fan de unos de los conjuntos <i>made in Spain<\/i> m\u00e1s bonitos que hemos visto \u00faltimamente en sus publicaciones. Lo ha subido a su perfil de Instagram acompa\u00f1\u00e1ndolo con un bolso de su firma.\n<\/p>\n<p class=\"voc-paragraph\">Como sabr\u00e1s <a data-voc-vtm-id=\"in-text-traffic\" href=\"https:\/\/www.mujerhoy.com\/celebrities\/realeza\/sassa-osma-mas-elegante-que-beatrice-borromeo-comparacion-nuera-carolina-monaco-hannover-mala-relacion-20210915130125-nt.html\">Sassa de Osma<\/a>, es una de las pocas <i>royals<\/i> que gestiona sus redes sociales de forma independientemente y genera mucho contenido, tanto a trav\u00e9s de instant\u00e1neas como <i>stories<\/i>. Sin duda, toda una mujer llena de inspiraci\u00f3n en cuanto a moda que si no la sigues, debes tenerla en tu radar.\n<\/p>\n<p class=\"voc-paragraph\">En una de sus \u00faltimas publicaciones, Sassa compart\u00eda con sus seguidores un conjunto compuesto por <strong>americana y pantal\u00f3n en color teja<\/strong>. Unas im\u00e1genes que la royal se sacaba en la calle posando de forma natural y junto a una de sus socias con quien lleva la marca de bolsos Moi and Sass.\n<\/p>\n<p class=\"voc-paragraph\">Y te preguntar\u00e1s, \u00bfde d\u00f3nde es este conjunto tan ideal? Pues Sassa ha encontrado esta americana y pantal\u00f3n es una firma espa\u00f1ola que lleva tiempo conquistado a las madrile\u00f1as. Hablamos de la marca <strong>Sophie and Lucie<\/strong>, creada por dos hermanas que cuenta con piezas tan especiales como la que ha lucido Sassa.\n<\/p>\n<p class=\"voc-paragraph\">Y es que desde la marca, est\u00e1 claro que no han podido resistir a a\u00f1adir en su colecci\u00f3n conjuntos de americana y pantal\u00f3n. Son tendencia, c\u00f3modos de llevar y cuando no sabes muy bien qu\u00e9 ponerte, te solucionan el d\u00eda. Adem\u00e1s, son elegantes y aptos para la oficina aunque lleves zapatillas deportivas.\n<\/p>\n<div class=\"voc-detail-photo-zoom\"><picture data-toggle=\"modal\" data-target=\"#photoZoomModal-765\" target=\"modal\">\n<div class=\"voc-img-icon-link\"><img loading=\"lazy\" data-original=\"\/\/static2.mujerhoy.com\/www\/multimedia\/202212\/15\/media\/cortadas\/americana-misouri-sophie-lucie-sassa-osma-kF0G--460x637@MujerHoy.jpg\" class=\"lazy\" alt=\"Americana en color teja de Sophie and Lucie. Cortes\u00eda de Sophie and Lucie.\"><noscript><img src=\"http:\/\/hoycordobaweb.com\/wp-content\/uploads\/2022\/12\/la-chaqueta-y-el-pantalon-made-in-spain-favorito-de-las-royals-en-invierno-1.jpg\" alt=\"Americana en color teja de Sophie and Lucie. Cortes\u00eda de Sophie and Lucie.\"><\/noscript><i class=\"voc-icons zoom voc-multimedia-box voc-ico-l\"><\/i><\/div><figcaption class=\"figure-caption\">Americana en color teja de Sophie and Lucie. Cortes\u00eda de Sophie and Lucie.<\/figcaption><\/picture><\/div>\n<div id=\"photoZoomModal-765\" class=\"voc-lightbox modal fade voc-lightbox--photo-zoom\" role=\"dialog\" data-voc-photozoom-lightbox>\n<div class=\"voc-lightbox__dialog\" role=\"document\">\n<div class=\"voc-lightbox__content\"><!-- Modal header --><!-- Modal content --><\/p>\n<div class=\"voc-lightbox__photo-container\"><picture class><img loading=\"lazy\" data-original=\"\/\/static2.mujerhoy.com\/www\/multimedia\/202212\/15\/media\/cortadas\/americana-misouri-sophie-lucie-sassa-osma-kF0G--460x637@MujerHoy.jpg\" alt=\"Americana en color teja de Sophie and Lucie. Cortes\u00eda de Sophie and Lucie.\" class=\"lazy\"><noscript><img src=\"http:\/\/hoycordobaweb.com\/wp-content\/uploads\/2022\/12\/la-chaqueta-y-el-pantalon-made-in-spain-favorito-de-las-royals-en-invierno-1.jpg\" alt=\"Americana en color teja de Sophie and Lucie. Cortes\u00eda de Sophie and Lucie.\"><\/noscript><\/picture><\/div>\n<\/div>\n<\/div>\n<\/div>\n<p class=\"voc-paragraph\">El conjunto que ha lucido la <strong>princesa de Hannover<\/strong> es parte de la nueva colecci\u00f3n de Sophie and Lucie. Es el <i>total look<\/i> Misouri compuesto de blazer y pantal\u00f3n. Por un lado, el blazer tiene un dise\u00f1o fit, es decir es algo m\u00e1s entallado. Es de manga larga, con hombro marcado y cierro frontal con doble botonadura.\n<\/p>\n<div class=\"voc-detail-photo-zoom\"><picture data-toggle=\"modal\" data-target=\"#photoZoomModal-751\" target=\"modal\">\n<div class=\"voc-img-icon-link\"><img loading=\"lazy\" data-original=\"\/\/static3.mujerhoy.com\/www\/multimedia\/202212\/15\/media\/cortadas\/pantalon-misouri-sophie-lucie-sassa-osma.-kF0G--460x637@MujerHoy.jpg\" class=\"lazy\" alt=\"Pantal\u00f3n en color teja de Sophie and Lucie. Cortes\u00eda de Sophie and Lucie\"><noscript><img src=\"http:\/\/hoycordobaweb.com\/wp-content\/uploads\/2022\/12\/la-chaqueta-y-el-pantalon-made-in-spain-favorito-de-las-royals-en-invierno-2.jpg\" alt=\"Pantal\u00f3n en color teja de Sophie and Lucie. Cortes\u00eda de Sophie and Lucie\"><\/noscript><i class=\"voc-icons zoom voc-multimedia-box voc-ico-l\"><\/i><\/div><figcaption class=\"figure-caption\">Pantal\u00f3n en color teja de Sophie and Lucie. Cortes\u00eda de Sophie and Lucie<\/figcaption><\/picture><\/div>\n<div id=\"photoZoomModal-751\" class=\"voc-lightbox modal fade voc-lightbox--photo-zoom\" role=\"dialog\" data-voc-photozoom-lightbox>\n<div class=\"voc-lightbox__dialog\" role=\"document\">\n<div class=\"voc-lightbox__content\"><!-- Modal header --><!-- Modal content --><\/p>\n<div class=\"voc-lightbox__photo-container\"><picture class><img loading=\"lazy\" data-original=\"\/\/static3.mujerhoy.com\/www\/multimedia\/202212\/15\/media\/cortadas\/pantalon-misouri-sophie-lucie-sassa-osma.-kF0G--460x637@MujerHoy.jpg\" alt=\"Pantal\u00f3n en color teja de Sophie and Lucie. Cortes\u00eda de Sophie and Lucie\" class=\"lazy\"><noscript><img src=\"http:\/\/hoycordobaweb.com\/wp-content\/uploads\/2022\/12\/la-chaqueta-y-el-pantalon-made-in-spain-favorito-de-las-royals-en-invierno-2.jpg\" alt=\"Pantal\u00f3n en color teja de Sophie and Lucie. Cortes\u00eda de Sophie and Lucie\"><\/noscript><\/picture><\/div>\n<\/div>\n<\/div>\n<\/div>\n<p class=\"voc-paragraph\">Por otra parte, el pantal\u00f3n de color teja, cuenta con cremallera frontal, bot\u00f3n y dise\u00f1o ligeramnete acampanado. Est\u00e1 confeccionado con tejido de viscosa y es de tiro alto. Es un conjunto todoterreno f\u00e1cil de llevar con pr\u00e1cticamente cualquier calzado. Es cierto que no cuenta con un precio asequible, pero ahora que llega la Navidad, nada como a\u00f1adirlo a tu lista de deseos.\n<\/p>\n<p><!-- TOPICS --><\/p>\n","protected":false},"excerpt":{"rendered":"<p>Si tuvieras que pedir un regalo de moda para Navidad, \u00bfcu\u00e1l ser\u00eda? Nosotras lo tenemos clar\u00edsimo: un conjunto de dos piezas formado por americana y pantal\u00f3n. Es el t\u00edpico juego de prendas que merece la pena tener en el armario y al que le sacar\u00e1s partido durante todo el a\u00f1o, ya sea junto o por [&hellip;]<\/p>\n","protected":false},"author":1,"featured_media":52859,"comment_status":"closed","ping_status":"closed","sticky":false,"template":"","format":"standard","meta":[],"categories":[1],"tags":[],"_links":{"self":[{"href":"http:\/\/hoycordobaweb.com\/index.php\/wp-json\/wp\/v2\/posts\/52858"}],"collection":[{"href":"http:\/\/hoycordobaweb.com\/index.php\/wp-json\/wp\/v2\/posts"}],"about":[{"href":"http:\/\/hoycordobaweb.com\/index.php\/wp-json\/wp\/v2\/types\/post"}],"author":[{"embeddable":true,"href":"http:\/\/hoycordobaweb.com\/index.php\/wp-json\/wp\/v2\/users\/1"}],"replies":[{"embeddable":true,"href":"http:\/\/hoycordobaweb.com\/index.php\/wp-json\/wp\/v2\/comments?post=52858"}],"version-history":[{"count":0,"href":"http:\/\/hoycordobaweb.com\/index.php\/wp-json\/wp\/v2\/posts\/52858\/revisions"}],"wp:featuredmedia":[{"embeddable":true,"href":"http:\/\/hoycordobaweb.com\/index.php\/wp-json\/wp\/v2\/media\/52859"}],"wp:attachment":[{"href":"http:\/\/hoycordobaweb.com\/index.php\/wp-json\/wp\/v2\/media?parent=52858"}],"wp:term":[{"taxonomy":"category","embeddable":true,"href":"http:\/\/hoycordobaweb.com\/index.php\/wp-json\/wp\/v2\/categories?post=52858"},{"taxonomy":"post_tag","embeddable":true,"href":"http:\/\/hoycordobaweb.com\/index.php\/wp-json\/wp\/v2\/tags?post=52858"}],"curies":[{"name":"wp","href":"https:\/\/api.w.org\/{rel}","templated":true}]}}