{"id":52852,"date":"2022-12-18T12:40:48","date_gmt":"2022-12-18T12:40:48","guid":{"rendered":"https:\/\/www.ole.com.ar\/futbol-internacional\/caso-emiliano-sala-embargo-cardiff-nantes_0_n5MHf6mJz7.html"},"modified":"2022-12-18T12:40:48","modified_gmt":"2022-12-18T12:40:48","slug":"caso-emiliano-sala-embargo-y-nueva-apelacion-del-cardiff","status":"publish","type":"post","link":"http:\/\/hoycordobaweb.com\/index.php\/2022\/12\/18\/caso-emiliano-sala-embargo-y-nueva-apelacion-del-cardiff\/","title":{"rendered":"Caso Emiliano Sala: embargo y nueva apelaci\u00f3n del Cardiff"},"content":{"rendered":"<p><img src=\"http:\/\/hoycordobaweb.com\/wp-content\/uploads\/2022\/12\/caso-emiliano-sala-embargo-y-nueva-apelacion-del-cardiff.jpg\"><\/p>\n<div class=\"custom-text \" readability=\"39.133858267717\">\n<p>Pasaron ya casi cuatro a\u00f1os de la tr\u00e1gica muerte de <a href=\"https:\/\/www.ole.com.ar\/tema\/emiliano-sala.html\" title=\"Emiliano Sala\" alt=\"Emiliano Sala\" class=\"slug\">Emiliano Sala<\/a>, en enero del 2019, en un tr\u00e1gico accidente a\u00e9reo, pero el caso sigue abierto y en discusi\u00f3n. El <a href=\"https:\/\/www.ole.com.ar\/tema\/cardiff-city.html\" title=\"Cardiff City\" alt=\"Cardiff City\" class=\"slug\">Cardiff<\/a>, el club que hab\u00eda comprado al delantero argentino, se sigue negando a pagarle al <a href=\"https:\/\/www.ole.com.ar\/tema\/nantes.html\" title=\"Nantes\" alt=\"Nantes\" class=\"slug\">Nantes <\/a>y, como est\u00e1 embargado, <strong>no podr\u00eda realizar incorporaciones en el inminente mercado de pases del invierno europeo.<\/strong><\/p>\n<\/div>\n<div class=\"custom-text \" readability=\"37.432835820896\">\n<p>En agosto pasado, el TAS fall\u00f3 a favor del Nantes, instancia a la que hab\u00eda apelado el propio Cardiff tras la muerte de Sala. <strong>De los 17 millones de euros (m\u00e1s primas) del pase inicial, la <\/strong><a href=\"https:\/\/www.ole.com.ar\/tema\/fifa.html\" title=\"FIFA\" alt=\"FIFA\" class=\"slug\"><strong>FIFA <\/strong><\/a><strong>pidi\u00f3 que el club brit\u00e1nico pagara 6 millones, pero tambi\u00e9n se neg\u00f3.<\/strong><\/p>\n<\/div>\n<div class=\"sc-996041c8-0 kvfKM\"><img alt=\"Dalman, presidente del Cardiff.\" srcset=\"http:\/\/hoycordobaweb.com\/wp-content\/uploads\/2022\/12\/caso-emiliano-sala-embargo-y-nueva-apelacion-del-cardiff-2.jpg 1x, http:\/\/hoycordobaweb.com\/wp-content\/uploads\/2022\/12\/caso-emiliano-sala-embargo-y-nueva-apelacion-del-cardiff-2.jpg 2x\" src=\"http:\/\/hoycordobaweb.com\/wp-content\/uploads\/2022\/12\/caso-emiliano-sala-embargo-y-nueva-apelacion-del-cardiff-2.jpg\" width=\"720\" height=\"0\" decoding=\"async\" data-nimg=\"future\" loading=\"lazy\"><span>Dalman, presidente del Cardiff.<\/span><\/div>\n<div class=\"custom-text \" readability=\"42\">\n<p>Y con la ventaja de fichajes a punto de abrirse, ahora el Cardiff vuelve a mover el avispero para intentar terminar con el embargo. \u00abQueremos que esto se resuelva\u00bb, asegur\u00f3 Mehmet Dalman, presidente de Cardiff, en di\u00e1logo con la BBC, y se mostr\u00f3 optimista con poder levantar la medida. <strong>Actualmente negocia con la Liga Inglesa de F\u00fatbol (EFL) y la FIFA, y como \u00faltimo recurso apelar\u00e1 a un Tribunal Federal Suizo, que se espera que emita su veredicto a fines de enero o principios de febrero de 2023.<\/strong><\/p>\n<\/div>\n<div class=\"sc-e9a69009-0 cjEXLm\" readability=\"6\">\n<section readability=\"2\"><picture><img class=\"img\" src=\"http:\/\/hoycordobaweb.com\/wp-content\/uploads\/2022\/12\/caso-emiliano-sala-embargo-y-nueva-apelacion-del-cardiff-3.jpg\" alt=\"Inglaterra: se queda Southgate\" height=\"290\" width=\"290\" loading=\"lazy\"><\/picture>\n<p><span>Mir\u00e1 tambi\u00e9n<\/span><\/p>\n<hr>\n<h3>Inglaterra: se queda Southgate<\/h3>\n<\/p>\n<\/section>\n<\/div>\n<div class=\"custom-text \" readability=\"42\">\n<p><strong>\u00abLa gente no debe olvidar que mataron a un hombre de 29 a\u00f1os. Hay un lado humano en esta historia, no es solo financiero. <\/strong>Se est\u00e1 hablando mucho y continuar\u00e1, pero nosotros hemos recibido nuestra primera factura del Nantes, no la hemos pagado, y en este momento no tenemos intenci\u00f3n de hacerlo, hasta que ciertas negociaciones sean exitosas. Pone a la Liga en una posici\u00f3n en la que autom\u00e1ticamente nos embargan las transferencias, no tiene sentido\u00bb, sostuvo el mandam\u00e1s del Cardiff.<\/p>\n<\/div>\n<p><h2><strong>Cardiff en problemas<\/strong><\/h2>\n<\/p>\n<div class=\"custom-text \" readability=\"37\">\n<p>El equipo gal\u00e9s, que milita en la segunda divisi\u00f3n de Inglaterra, est\u00e1 lejos de atravesar un buen presente y por eso necesita incorporar de manera inmediata: en el mercado pasado llegaron 17 nuevos jugadores pero actualmente<strong> marcha 20\u00ba en la tabla de posiciones. <\/strong>\u00bfC\u00f3mo se resolver\u00e1 la historia?<\/p>\n<\/div>\n<div class=\"sc-e9a69009-0 cjEXLm\" readability=\"6\">\n<section readability=\"2\"><picture><img class=\"img\" src=\"http:\/\/hoycordobaweb.com\/wp-content\/uploads\/2022\/12\/caso-emiliano-sala-embargo-y-nueva-apelacion-del-cardiff-4.jpg\" alt=\"Ronaldo recibi\u00f3 un molde del pie de Maradona\" height=\"290\" width=\"290\" loading=\"lazy\"><\/picture>\n<p><span>Mir\u00e1 tambi\u00e9n<\/span><\/p>\n<hr>\n<h3>Ronaldo recibi\u00f3 un molde del pie de Maradona<\/h3>\n<\/p>\n<\/section>\n<\/div>\n<div class=\"sc-996041c8-0 kvfKM\"><img alt=\"El TAS fall\u00f3 a favor del Nantes.\" srcset=\"http:\/\/hoycordobaweb.com\/wp-content\/uploads\/2022\/12\/caso-emiliano-sala-embargo-y-nueva-apelacion-del-cardiff-5.jpg 1x, http:\/\/hoycordobaweb.com\/wp-content\/uploads\/2022\/12\/caso-emiliano-sala-embargo-y-nueva-apelacion-del-cardiff-5.jpg 2x\" src=\"http:\/\/hoycordobaweb.com\/wp-content\/uploads\/2022\/12\/caso-emiliano-sala-embargo-y-nueva-apelacion-del-cardiff-5.jpg\" width=\"720\" height=\"0\" decoding=\"async\" data-nimg=\"future\" loading=\"lazy\"><span>El TAS fall\u00f3 a favor del Nantes.<\/span><\/div>\n<div class=\"sc-e9a69009-0 cjEXLm\" readability=\"7\">\n<section readability=\"4\"><picture><img class=\"img\" src=\"http:\/\/hoycordobaweb.com\/wp-content\/uploads\/2022\/12\/caso-emiliano-sala-embargo-y-nueva-apelacion-del-cardiff-6.jpg\" alt=\"Leandro Bolmaro, manija por la Selecci\u00f3n, volvi\u00f3 a tener minutos en la NBA\" height=\"290\" width=\"290\" loading=\"lazy\"><\/picture>\n<p><span>Mir\u00e1 tambi\u00e9n<\/span><\/p>\n<hr>\n<h3>Leandro Bolmaro, manija por la Selecci\u00f3n, volvi\u00f3 a tener minutos en la NBA<\/h3>\n<\/p>\n<\/section>\n<\/div>\n","protected":false},"excerpt":{"rendered":"<p>Pasaron ya casi cuatro a\u00f1os de la tr\u00e1gica muerte de Emiliano Sala, en enero del 2019, en un tr\u00e1gico accidente a\u00e9reo, pero el caso sigue abierto y en discusi\u00f3n. El Cardiff, el club que hab\u00eda comprado al delantero argentino, se sigue negando a pagarle al Nantes y, como est\u00e1 embargado, no podr\u00eda realizar incorporaciones en [&hellip;]<\/p>\n","protected":false},"author":1,"featured_media":52853,"comment_status":"open","ping_status":"closed","sticky":false,"template":"","format":"standard","meta":[],"categories":[16],"tags":[],"_links":{"self":[{"href":"http:\/\/hoycordobaweb.com\/index.php\/wp-json\/wp\/v2\/posts\/52852"}],"collection":[{"href":"http:\/\/hoycordobaweb.com\/index.php\/wp-json\/wp\/v2\/posts"}],"about":[{"href":"http:\/\/hoycordobaweb.com\/index.php\/wp-json\/wp\/v2\/types\/post"}],"author":[{"embeddable":true,"href":"http:\/\/hoycordobaweb.com\/index.php\/wp-json\/wp\/v2\/users\/1"}],"replies":[{"embeddable":true,"href":"http:\/\/hoycordobaweb.com\/index.php\/wp-json\/wp\/v2\/comments?post=52852"}],"version-history":[{"count":0,"href":"http:\/\/hoycordobaweb.com\/index.php\/wp-json\/wp\/v2\/posts\/52852\/revisions"}],"wp:featuredmedia":[{"embeddable":true,"href":"http:\/\/hoycordobaweb.com\/index.php\/wp-json\/wp\/v2\/media\/52853"}],"wp:attachment":[{"href":"http:\/\/hoycordobaweb.com\/index.php\/wp-json\/wp\/v2\/media?parent=52852"}],"wp:term":[{"taxonomy":"category","embeddable":true,"href":"http:\/\/hoycordobaweb.com\/index.php\/wp-json\/wp\/v2\/categories?post=52852"},{"taxonomy":"post_tag","embeddable":true,"href":"http:\/\/hoycordobaweb.com\/index.php\/wp-json\/wp\/v2\/tags?post=52852"}],"curies":[{"name":"wp","href":"https:\/\/api.w.org\/{rel}","templated":true}]}}