{"id":52844,"date":"2022-12-19T03:04:29","date_gmt":"2022-12-19T03:04:29","guid":{"rendered":"https:\/\/www.ole.com.ar\/ecuador\/emelec\/emelec-nuevo-fichaje-bryan-angulo_0_OqKqzz940k.html"},"modified":"2022-12-19T03:04:29","modified_gmt":"2022-12-19T03:04:29","slug":"vuelve-un-campeon-a-emelec-bryan-angulo","status":"publish","type":"post","link":"http:\/\/hoycordobaweb.com\/index.php\/2022\/12\/19\/vuelve-un-campeon-a-emelec-bryan-angulo\/","title":{"rendered":"Vuelve un campe\u00f3n a Emelec: Bryan Angulo"},"content":{"rendered":"<p><img src=\"http:\/\/hoycordobaweb.com\/wp-content\/uploads\/2022\/12\/vuelve-un-campeon-a-emelec-bryan-angulo.jpg\"><\/p>\n<div class=\"custom-text \" readability=\"34.099706744868\">\n<p>Antes de que acabe esta semana y empiece una nueva <a href=\"https:\/\/www.ole.com.ar\/tema\/emelec.html\" target=\"_blank\" rel=\"noopener noreferrer\">Emelec<\/a> anunci\u00f3 un nuevo refuerzo para la temporada 2023. <strong>Se trata de<\/strong><a href=\"https:\/\/www.ole.com.ar\/tema\/brayan-angulo.html\" target=\"_blank\" rel=\"noopener noreferrer\"><strong> Bryan Angulo<\/strong><\/a><strong>, el delantero que llega como jugador libre tras su paso por el Santos de Brasil donde no tuvo mucha continuidad<\/strong>. El anuncio se lo hizo la noche de este domingo 18 de diciembre en las redes sociales del club.<\/p>\n<\/div>\n<div class=\"custom-text \" readability=\"34.296529968454\">\n<p>Los Millonarios informaron que firm\u00f3 por dos a\u00f1os.<strong> El Cuco llega para reforzar la delantera el\u00e9ctrica que ya sum\u00f3 a <\/strong><a href=\"https:\/\/www.ole.com.ar\/ecuador\/emelec\/emelec-confirmo-fichaje-miller-bolanos_0_P7EjKyY2HB.html\" target=\"_blank\" rel=\"noopener noreferrer\"><strong>Miller Bola\u00f1os<\/strong><\/a><strong> y cuenta con Alejandro Cabezas, pero que perdi\u00f3 al argentino Mauro Quiroga<\/strong>. Cabezas fue parte importante de la plantilla que alcanz\u00f3 el \u00faltimo campeonato local de Emelec en 2017.<\/p>\n<\/div>\n<div class=\"sc-e9a69009-0 cjEXLm\" readability=\"6\">\n<section readability=\"2\"><picture><img class=\"img\" src=\"http:\/\/hoycordobaweb.com\/wp-content\/uploads\/2022\/12\/vuelve-un-campeon-a-emelec-bryan-angulo-2.jpg\" alt=\"Ocho ganadores en 22 ediciones: as\u00ed qued\u00f3 el ranking de campeones del mundo\" height=\"290\" width=\"290\" loading=\"lazy\"><\/picture>\n<p><span>Mir\u00e1 tambi\u00e9n<\/span><\/p>\n<hr>\n<h3>Ocho ganadores en 22 ediciones: as\u00ed qued\u00f3 el ranking de campeones del mundo<\/h3>\n<\/p>\n<\/section>\n<\/div>\n<div class=\"sc-e9a69009-0 cjEXLm\" readability=\"6\">\n<section readability=\"2\"><picture><img class=\"img\" src=\"http:\/\/hoycordobaweb.com\/wp-content\/uploads\/2022\/12\/vuelve-un-campeon-a-emelec-bryan-angulo-3.jpg\" alt=\"Francia: de la decepci\u00f3n al reconocimiento a la Argentina\" height=\"290\" width=\"290\" loading=\"lazy\"><\/picture>\n<p><span>Mir\u00e1 tambi\u00e9n<\/span><\/p>\n<hr>\n<h3>Francia: de la decepci\u00f3n al reconocimiento a la Argentina<\/h3>\n<\/p>\n<\/section>\n<\/div>\n<div class=\"custom-text \" readability=\"38\">\n<p>El regreso del jugador de 27 a\u00f1os se ven\u00eda rumorando desde principios de este mes y ahora el elenco guayaquile\u00f1o lo oficializa. Angulo jug\u00f3 el 2022 en Santos, bajo la batuta del entrenador Fabi\u00e1n Bustos, y <strong>ah\u00ed disput\u00f3 24 partidos, anot\u00f3 cinco goles y dio una asistencia. N\u00fameros que no son muy positivos para \u00e9l. <\/strong><\/p>\n<\/div>\n<div class=\"sc-996041c8-0 kvfKM\"><img alt=\"Angulo con la camiseta de Emelec. Foto: REUTERS\/Fredy Builes \" srcset=\"http:\/\/hoycordobaweb.com\/wp-content\/uploads\/2022\/12\/vuelve-un-campeon-a-emelec-bryan-angulo-4.jpg 1x, http:\/\/hoycordobaweb.com\/wp-content\/uploads\/2022\/12\/vuelve-un-campeon-a-emelec-bryan-angulo-4.jpg 2x\" src=\"http:\/\/hoycordobaweb.com\/wp-content\/uploads\/2022\/12\/vuelve-un-campeon-a-emelec-bryan-angulo-4.jpg\" width=\"720\" height=\"0\" decoding=\"async\" data-nimg=\"future\" loading=\"lazy\"><span>Angulo con la camiseta de Emelec. Foto: REUTERS\/Fredy Builes <\/span><\/div>\n<div class=\"custom-text \" readability=\"38\">\n<p><strong>Antes de eso estuvo en Cruz Azul, equipo con el que fue campe\u00f3n del f\u00fatbol mexicano en 2021, tanto de la Liga MX como de la copa Campe\u00f3n de Campeones<\/strong>. A pesar de eso no logr\u00f3 brillar como lo hizo en el cuadro azul en 2017,2018 y comienzos de 2019. En 2017 sali\u00f3 campe\u00f3n ecuatoriano y en 2018 fue parte del equipo que perdi\u00f3 la final ante Liga de Quito.<\/p>\n<\/div>\n<div class=\"sc-e9a69009-0 cjEXLm\" readability=\"6\">\n<section readability=\"2\"><picture><img class=\"img\" src=\"http:\/\/hoycordobaweb.com\/wp-content\/uploads\/2022\/12\/vuelve-un-campeon-a-emelec-bryan-angulo-5.jpg\" alt=\"De Scaloni a Messi: &quot;tiene la 10 guardada&quot; para el Mundial 2026\" height=\"290\" width=\"290\" loading=\"lazy\"><\/picture>\n<p><span>Mir\u00e1 tambi\u00e9n<\/span><\/p>\n<hr>\n<h3>De Scaloni a Messi: \u00abtiene la 10 guardada\u00bb para el Mundial 2026<\/h3>\n<\/p>\n<\/section>\n<\/div>\n<div class=\"sc-e9a69009-0 cjEXLm\" readability=\"6\">\n<section readability=\"2\"><picture><img class=\"img\" src=\"http:\/\/hoycordobaweb.com\/wp-content\/uploads\/2022\/12\/vuelve-un-campeon-a-emelec-bryan-angulo-6.jpg\" alt=\"Messi y la intuici\u00f3n divina: &quot;Sab\u00eda que Dios me lo iba a regalar&quot;\" height=\"290\" width=\"290\" loading=\"lazy\"><\/picture>\n<p><span>Mir\u00e1 tambi\u00e9n<\/span><\/p>\n<hr>\n<h3>Messi y la intuici\u00f3n divina: \u00abSab\u00eda que Dios me lo iba a regalar\u00bb<\/h3>\n<\/p>\n<\/section>\n<\/div>\n<div class=\"custom-text \" readability=\"35\">\n<p><strong>En 2019 comenz\u00f3 su traves\u00eda en M\u00e9xico donde estuvo en Cruz Azul y Xolos de Tijuana, pero no logr\u00f3 mostrar su m\u00e1ximo nivel en ninguno de los dos<\/strong>. Es por eso que ahora vuelve a casa para intentar recuperar su mejor versi\u00f3n bajo el mando de Miguel Rondelli.<\/p>\n<\/div>\n<p><h2><strong>Quinto fichaje, segundo regreso<\/strong><\/h2>\n<\/p>\n<div class=\"custom-text \" readability=\"22.681318681319\">\n<p><strong>El atacante es el quinto refuerzo de los Millonarios para el pr\u00f3ximo a\u00f1o<\/strong>. Adem\u00e1s, es el segundo futbolista que regresa al equipo para 2023 tras un primer paso exitoso. <a href=\"https:\/\/www.ole.com.ar\/ecuador\/emelec\/emelec-confirmo-fichaje-miller-bolanos_0_P7EjKyY2HB.html\" target=\"_blank\" rel=\"noopener noreferrer\">El otro es Miller Bola\u00f1os, quien fue anunciado al inicio de esta semana y ya entren\u00f3 con el plantel<\/a>.<\/p>\n<\/div>\n<div class=\"sc-e9a69009-0 cjEXLm\" readability=\"6\">\n<section readability=\"2\"><picture><img class=\"img\" src=\"http:\/\/hoycordobaweb.com\/wp-content\/uploads\/2022\/12\/vuelve-un-campeon-a-emelec-bryan-angulo-7.jpg\" alt=\"\u00a1Qu\u00e9 cierre de a\u00f1o!: Jos\u00e9 Cifuentes se cas\u00f3 \" height=\"290\" width=\"290\" loading=\"lazy\"><\/picture>\n<p><span>Mir\u00e1 tambi\u00e9n<\/span><\/p>\n<hr>\n<h3>\u00a1Qu\u00e9 cierre de a\u00f1o!: Jos\u00e9 Cifuentes se cas\u00f3 <\/h3>\n<\/p>\n<\/section>\n<\/div>\n<div class=\"sc-e9a69009-0 cjEXLm\" readability=\"6\">\n<section readability=\"2\"><picture><img class=\"img\" src=\"http:\/\/hoycordobaweb.com\/wp-content\/uploads\/2022\/12\/vuelve-un-campeon-a-emelec-bryan-angulo-8.jpg\" alt=\"Video: el ecuatoriano mundialista que festej\u00f3 alocadamente el t\u00edtulo de Argentina\" height=\"290\" width=\"290\" loading=\"lazy\"><\/picture>\n<p><span>Mir\u00e1 tambi\u00e9n<\/span><\/p>\n<hr>\n<h3>Video: el ecuatoriano mundialista que festej\u00f3 alocadamente el t\u00edtulo de Argentina<\/h3>\n<\/p>\n<\/section>\n<\/div>\n<div class=\"custom-text \" readability=\"27.64175257732\">\n<p><a href=\"https:\/\/www.ole.com.ar\/ecuador\/emelec\/emelec-presento-joseph-espinoza-christian-cruz-jhon-jairo-sanchez-nuevo-jugador-refuerzo_0_5e2GpIorAK.html\" target=\"_blank\" rel=\"noopener noreferrer\"><strong>Los otros tres fichajes ya oficializados y presentados son: Christian Cruz, Joseph Espinoza y Jhon Jairo S\u00e1nchez<\/strong><\/a>. De esta manera, el Emelec de Rondelli sigue sumando piezas, pero a\u00fan faltan sumar defensores centrales ya que en esa posici\u00f3n solo tiene a An\u00edbal Leguizam\u00f3n, Joel Quinteros y dos futbolistas de las inferiores. Uno que interesa es Ca\u00edn Fara que ya no seguir\u00e1 en Aucas.<\/p>\n<\/div>\n<div class=\"sc-996041c8-0 kvfKM\"><img alt=\"Joseph Espinoza, Jhon Jairo S\u00e1nchez y Christian Cruz se pusieron la camiseta del Bombillo. (@CSEmelec)\" srcset=\"http:\/\/hoycordobaweb.com\/wp-content\/uploads\/2022\/12\/vuelve-un-campeon-a-emelec-bryan-angulo-9.jpg 1x, http:\/\/hoycordobaweb.com\/wp-content\/uploads\/2022\/12\/vuelve-un-campeon-a-emelec-bryan-angulo-9.jpg 2x\" src=\"http:\/\/hoycordobaweb.com\/wp-content\/uploads\/2022\/12\/vuelve-un-campeon-a-emelec-bryan-angulo-9.jpg\" width=\"720\" height=\"0\" decoding=\"async\" data-nimg=\"future\" loading=\"lazy\"><span>Joseph Espinoza, Jhon Jairo S\u00e1nchez y Christian Cruz se pusieron la camiseta del Bombillo. (@CSEmelec)<\/span><\/div>\n","protected":false},"excerpt":{"rendered":"<p>Antes de que acabe esta semana y empiece una nueva Emelec anunci\u00f3 un nuevo refuerzo para la temporada 2023. Se trata de Bryan Angulo, el delantero que llega como jugador libre tras su paso por el Santos de Brasil donde no tuvo mucha continuidad. El anuncio se lo hizo la noche de este domingo 18 [&hellip;]<\/p>\n","protected":false},"author":1,"featured_media":52845,"comment_status":"open","ping_status":"closed","sticky":false,"template":"","format":"standard","meta":[],"categories":[16],"tags":[],"_links":{"self":[{"href":"http:\/\/hoycordobaweb.com\/index.php\/wp-json\/wp\/v2\/posts\/52844"}],"collection":[{"href":"http:\/\/hoycordobaweb.com\/index.php\/wp-json\/wp\/v2\/posts"}],"about":[{"href":"http:\/\/hoycordobaweb.com\/index.php\/wp-json\/wp\/v2\/types\/post"}],"author":[{"embeddable":true,"href":"http:\/\/hoycordobaweb.com\/index.php\/wp-json\/wp\/v2\/users\/1"}],"replies":[{"embeddable":true,"href":"http:\/\/hoycordobaweb.com\/index.php\/wp-json\/wp\/v2\/comments?post=52844"}],"version-history":[{"count":0,"href":"http:\/\/hoycordobaweb.com\/index.php\/wp-json\/wp\/v2\/posts\/52844\/revisions"}],"wp:featuredmedia":[{"embeddable":true,"href":"http:\/\/hoycordobaweb.com\/index.php\/wp-json\/wp\/v2\/media\/52845"}],"wp:attachment":[{"href":"http:\/\/hoycordobaweb.com\/index.php\/wp-json\/wp\/v2\/media?parent=52844"}],"wp:term":[{"taxonomy":"category","embeddable":true,"href":"http:\/\/hoycordobaweb.com\/index.php\/wp-json\/wp\/v2\/categories?post=52844"},{"taxonomy":"post_tag","embeddable":true,"href":"http:\/\/hoycordobaweb.com\/index.php\/wp-json\/wp\/v2\/tags?post=52844"}],"curies":[{"name":"wp","href":"https:\/\/api.w.org\/{rel}","templated":true}]}}