{"id":52835,"date":"2022-12-18T12:21:00","date_gmt":"2022-12-18T12:21:00","guid":{"rendered":"http:\/\/hoycordobaweb.com\/index.php\/2022\/12\/18\/francisco-critico-el-rol-de-los-medios-en-las-fake-news-sobre-dirigentes-politicos\/"},"modified":"2022-12-18T12:21:00","modified_gmt":"2022-12-18T12:21:00","slug":"francisco-critico-el-rol-de-los-medios-en-las-fake-news-sobre-dirigentes-politicos","status":"publish","type":"post","link":"http:\/\/hoycordobaweb.com\/index.php\/2022\/12\/18\/francisco-critico-el-rol-de-los-medios-en-las-fake-news-sobre-dirigentes-politicos\/","title":{"rendered":"Francisco critic\u00f3 el rol de los medios en las \u00abfake news\u00bb sobre dirigentes pol\u00edticos"},"content":{"rendered":"<p><img src=\"http:\/\/hoycordobaweb.com\/wp-content\/uploads\/2022\/12\/francisco-critico-el-rol-de-los-medios-en-las-fake-news-sobre-dirigentes-politicos.jpg\"><\/p>\n<figure class=\"mb-3\"><img loading=\"lazy\" src=\"http:\/\/hoycordobaweb.com\/wp-content\/uploads\/2022\/12\/francisco-critico-el-rol-de-los-medios-en-las-fake-news-sobre-dirigentes-politicos-2.jpg\" width=\"100%\" height=\"100%\" alt=\"el problema de las \"><figcaption> \u00abel problema de las <\/figcaption><\/figure>\n<p>El papa Francisco rechaz\u00f3 este domingo las \u00abfake news\u00bb sobre dirigentes que pueden \u00abdestruir a una persona\u00bb, calific\u00f3 como \u00abparadigm\u00e1tico\u00bb, en ese sentido, el proceso que llev\u00f3 a la encarcelaci\u00f3n del presidente electo de Brasil Luiz In\u00e1cio Lula da Silva y critic\u00f3 la pr\u00e1ctica, conocida como &#8216;lawfare&#8217;, de armado de causas con injerencia de los medios de comunicaci\u00f3n.<\/p>\n<p>\u00abEs un caso paradigm\u00e1tico. El proceso de juicio empez\u00f3 con noticias falsas en medios de comunicaci\u00f3n que crearon un ambiente que favoreci\u00f3 que fuera juzgado\u00bb, critic\u00f3 el pont\u00edfice en una entrevista que publica este domingo el diario espa\u00f1ol ABC tras ser consultado por \u00abel caso de Lula, nuevo presidente de Brasil despu\u00e9s de estar procesado y encarcelado\u00bb.<\/p>\n<p>As\u00ed, el Papa reiter\u00f3 que \u00abel problema de las &#8216;fake news&#8217; sobre dirigentes pol\u00edtico-sociales es muy serio. <strong>Pueden destruir a una persona\u00bb.<\/strong><\/p>\n<p>Sobre el caso espec\u00edfico del ya dos veces presidente de Brasil que volver\u00e1 a ser mandatario a partir del 1 de enero, el pont\u00edfice reconoci\u00f3: \u00abNo s\u00e9 bien c\u00f3mo termin\u00f3 la cosa\u00bb.<\/p>\n<p>\u00abNo da la impresi\u00f3n de que hubiera sido un proceso de nivel. Y en eso, cuidado con los que arman el ambiente para un proceso, sea el que sea\u00bb, advirti\u00f3.<\/p>\n<p>\u00abTe lo arman a trav\u00e9s de los medios de comunicaci\u00f3n de tal manera que <strong>van incidiendo sobre los que tienen que tomar el juicio y decidir\u00bb<\/strong>, sostuvo.<\/p>\n<p>Para el Papa, \u00abun juicio tiene que ser lo m\u00e1s limpio posible, con tribunales de primera categor\u00eda, que no tengan ning\u00fan inter\u00e9s, m\u00e1s que el salvar la limpieza de la justicia\u00bb.<\/p>\n<p><strong>\u00abEste caso de Brasil es hist\u00f3rico, no me meto en pol\u00edtica. Cuento lo que pas\u00f3\u00bb<\/strong>, finaliz\u00f3 Francisco. <\/p>\n","protected":false},"excerpt":{"rendered":"<p>\u00abel problema de las El papa Francisco rechaz\u00f3 este domingo las \u00abfake news\u00bb sobre dirigentes que pueden \u00abdestruir a una persona\u00bb, calific\u00f3 como \u00abparadigm\u00e1tico\u00bb, en ese sentido, el proceso que llev\u00f3 a la encarcelaci\u00f3n del presidente electo de Brasil Luiz In\u00e1cio Lula da Silva y critic\u00f3 la pr\u00e1ctica, conocida como &#8216;lawfare&#8217;, de armado de causas [&hellip;]<\/p>\n","protected":false},"author":1,"featured_media":52836,"comment_status":"open","ping_status":"closed","sticky":false,"template":"","format":"standard","meta":[],"categories":[24],"tags":[],"_links":{"self":[{"href":"http:\/\/hoycordobaweb.com\/index.php\/wp-json\/wp\/v2\/posts\/52835"}],"collection":[{"href":"http:\/\/hoycordobaweb.com\/index.php\/wp-json\/wp\/v2\/posts"}],"about":[{"href":"http:\/\/hoycordobaweb.com\/index.php\/wp-json\/wp\/v2\/types\/post"}],"author":[{"embeddable":true,"href":"http:\/\/hoycordobaweb.com\/index.php\/wp-json\/wp\/v2\/users\/1"}],"replies":[{"embeddable":true,"href":"http:\/\/hoycordobaweb.com\/index.php\/wp-json\/wp\/v2\/comments?post=52835"}],"version-history":[{"count":0,"href":"http:\/\/hoycordobaweb.com\/index.php\/wp-json\/wp\/v2\/posts\/52835\/revisions"}],"wp:featuredmedia":[{"embeddable":true,"href":"http:\/\/hoycordobaweb.com\/index.php\/wp-json\/wp\/v2\/media\/52836"}],"wp:attachment":[{"href":"http:\/\/hoycordobaweb.com\/index.php\/wp-json\/wp\/v2\/media?parent=52835"}],"wp:term":[{"taxonomy":"category","embeddable":true,"href":"http:\/\/hoycordobaweb.com\/index.php\/wp-json\/wp\/v2\/categories?post=52835"},{"taxonomy":"post_tag","embeddable":true,"href":"http:\/\/hoycordobaweb.com\/index.php\/wp-json\/wp\/v2\/tags?post=52835"}],"curies":[{"name":"wp","href":"https:\/\/api.w.org\/{rel}","templated":true}]}}