{"id":52824,"date":"2022-12-19T01:16:00","date_gmt":"2022-12-19T01:16:00","guid":{"rendered":"http:\/\/hoycordobaweb.com\/index.php\/2022\/12\/19\/con-canticos-y-banderas-el-obelisco-estallo-en-festejos-y-emocion\/"},"modified":"2022-12-19T01:16:00","modified_gmt":"2022-12-19T01:16:00","slug":"con-canticos-y-banderas-el-obelisco-estallo-en-festejos-y-emocion","status":"publish","type":"post","link":"http:\/\/hoycordobaweb.com\/index.php\/2022\/12\/19\/con-canticos-y-banderas-el-obelisco-estallo-en-festejos-y-emocion\/","title":{"rendered":"Con c\u00e1nticos y banderas, el Obelisco estall\u00f3 en festejos y emoci\u00f3n"},"content":{"rendered":"<p><img src=\"http:\/\/hoycordobaweb.com\/wp-content\/uploads\/2022\/12\/con-canticos-y-banderas-el-obelisco-estallo-en-festejos-y-emocion.jpg\"><\/p>\n<figure class=\"mb-3\"><img loading=\"lazy\" src=\"http:\/\/hoycordobaweb.com\/wp-content\/uploads\/2022\/12\/con-canticos-y-banderas-el-obelisco-estallo-en-festejos-y-emocion-2.jpg\" width=\"100%\" height=\"100%\" alt=\"Una multitud celebra el triunfo Foto Claudio Fanchi \"><figcaption> Una multitud celebra el triunfo .\/ Foto: Claudio Fanchi. <\/figcaption><\/figure>\n<p>Una multitud de fan\u00e1ticos y fan\u00e1ticas de la \u201cScaloneta\u201d de todas las edades y <strong>vestidos con los colores de la bandera argentina, iniciaron los festejos en el Obelisco, en Palermo, y en las calles de toda la ciudad de Buenos Aires<\/strong> tras el triunfo de la Selecci\u00f3n en la final del Mundial de Qatar contra Francia por penales, que algunos se negaron a mirar, mientras<strong> otros se encomendaron a \u00abSan Maradona\u00bb para que \u00abilumine\u00bb a los jugadores.<\/strong><\/p>\n<figure class=\"mb-3\"><img loading=\"lazy\" src=\"http:\/\/hoycordobaweb.com\/wp-content\/uploads\/2022\/12\/con-canticos-y-banderas-el-obelisco-estallo-en-festejos-y-emocion-3.jpg\" width=\"100%\" height=\"100%\" alt=\"Banderas bengalas y un festejo que promete ser interminable Foto Osvaldo Fanton \"><figcaption> Banderas, bengalas y un festejo que promete ser interminable. \/ Foto: Osvaldo Fanton. <\/figcaption><\/figure>\n<p>\u00abAhora podemos respirar tranquilos, fue mucha adrenalina junta, no caigo que somos campeones del mundo\u00bb, dijo a T\u00e9lam Mauricio, de 20 a\u00f1os, apenas termin\u00f3 el partido que sigui\u00f3 con su amigo Mart\u00edn (16) en la Plaza Seeber, en Palermo, y cuando ya se preparaban para sumarse a la celebraci\u00f3n en el Obelisco.<\/p>\n<figure class=\"mb-3\"><img loading=\"lazy\" src=\"http:\/\/hoycordobaweb.com\/wp-content\/uploads\/2022\/12\/con-canticos-y-banderas-el-obelisco-estallo-en-festejos-y-emocion-4.jpg\" width=\"100%\" height=\"100%\" alt=\"Los colores de Foto Osvaldo Fanton \"><figcaption> Los colores de \/ Foto: Osvaldo Fanton. <\/figcaption><\/figure>\n<p>Antes de que arrancaran los penales en el estadio de Doha, un hombre despleg\u00f3 una bandera de Diego Maradona en el suelo de la plaza, le puso encima un rosario y se encomend\u00f3 al astro y campe\u00f3n del Mundial de M\u00e9xico 1986.<\/p>\n<p><strong>\u00abLos penales fueron horribles\u00bb,<\/strong> dijo a T\u00e9lam Naiara, de 12 a\u00f1os. \u00abYo no los mir\u00e9 por c\u00e1bala\u00bb, agreg\u00f3 su hermano m\u00e1s peque\u00f1o. Los dos llegaron con su madre desde el partido bonaerense de Berazategui, y como muchos all\u00ed se dispon\u00edan a llegar al Obelisco, centro de los festejos.<\/p>\n<p><strong>Fotos: Osvaldo Fanton.&nbsp;<\/strong><\/p>\n<p>Justamente all\u00ed, Gonzalo, que lleg\u00f3 temprano a la Avenida 9 de Julio y vio el juego en un bar, se sincer\u00f3: \u00abUna emoci\u00f3n incre\u00edble, muchas l\u00e1grimas, pero sufrimos hasta \u00faltimo momento\u00bb, mientras ca\u00eda la espuma que lanzaban los m\u00e1s chicos para celebrar su primer Mundial.<\/p>\n<blockquote class=\"twitter-tweet\" readability=\"7.2251308900524\">\n<p lang=\"es\" dir=\"ltr\">\u26bd\ufe0f Mundial de <a href=\"https:\/\/twitter.com\/hashtag\/Qatar2022?src=hash&amp;ref_src=twsrc%5Etfw\">#Qatar2022<\/a><\/p>\n<p>\ud83c\udde6\ud83c\uddf7 Argentina CAMPE\u00d3N DEL MUNDO \u2b50\u2b50\u2b50<\/p>\n<p>El Obelisco, rodeado de alegr\u00eda \ud83d\udc99 <a href=\"https:\/\/t.co\/yrj5fU1Q7m\">pic.twitter.com\/yrj5fU1Q7m<\/a><\/p>\n<p>\u2014 Agencia T\u00e9lam (@AgenciaTelam) <a href=\"https:\/\/twitter.com\/AgenciaTelam\/status\/1604573465117351936?ref_src=twsrc%5Etfw\">December 18, 2022<\/a><\/p><\/blockquote>\n<p>Con una \u00abCopa del Mundo\u00bb en su mano, Magno, un joven vecino de la Ciudad que tambi\u00e9n lleg\u00f3 temprano al Obelisco confi\u00f3: \u00abAhora es realidad, es para los 50 millones de argentinos\u00bb y acompa\u00f1aba sus palabras acariciando la r\u00e9plica.<\/p>\n<p><strong>En el barrio de San Telmo apenas termin\u00f3 el partido, decenas de hinchas salieron a las calles y se fundieron en abrazos<\/strong>, mientras desde los balcones llegaban los gritos de \u00abSomos campeones\u00bb.<\/p>\n<figure class=\"mb-3\"><img loading=\"lazy\" src=\"http:\/\/hoycordobaweb.com\/wp-content\/uploads\/2022\/12\/con-canticos-y-banderas-el-obelisco-estallo-en-festejos-y-emocion-5.jpg\" width=\"100%\" height=\"100%\" alt=\"Una selfie en familia Foto Osvaldo Fanton \"><figcaption> Una selfie en familia. \/ Foto: Osvaldo Fanton. <\/figcaption><\/figure>\n<p>Un grupo de amigos, embanderados y con cornetas, festejaba detr\u00e1s de una puerta de vidrio de un edificio de la calle Balcarce, a la espera de que el portero les abriera la puerta, mientras en la calle esperaban para el abrazo.<\/p>\n<p>Poco a poco<strong> las calles comenzaban a llenarse con fan\u00e1ticos y fan\u00e1ticas embanderados y que con c\u00e1nticos sal\u00edan de sus casas, bares, restaurantes y de las plazas con pantallas con destino al Obelisco<\/strong>, donde se desplegaban banderas gigantes y ya hab\u00eda decenas de personas subidas a las postes.<\/p>\n<figure class=\"mb-3\"><img loading=\"lazy\" src=\"http:\/\/hoycordobaweb.com\/wp-content\/uploads\/2022\/12\/con-canticos-y-banderas-el-obelisco-estallo-en-festejos-y-emocion-6.jpg\" width=\"100%\" height=\"100%\" alt=\"Celebracin en las alturas Foto Osvaldo Fanton \"><figcaption> Celebraci\u00f3n en las alturas. \/ Foto: Osvaldo Fanton. <\/figcaption><\/figure>\n<p>De fondo bocinazos y \u00abole, ole, ole, ole, ole, ola, soy argentino, es un sentimiento, no puedo parar\u00bb, que se escuchaba por la ciudad, al igual que el \u00abhimno\u00bb de este Mundial: \u00abMuchachos, ahora nos volvimos a entusiasmar\u00bb.<\/p>\n<p><strong>\u00abUna locura, me pas\u00f3 de todo, la emoci\u00f3n es incontenible\u00bb,<\/strong> le dijo a T\u00e9lam Rodrigo, de Berazategui, con l\u00e1grimas en los ojos.<\/p>\n<p>Luisa y Ricardo, dos venezolanos que llegaron hace poco m\u00e1s de dos a\u00f1os al pa\u00eds, se sumaron a los festejos. \u00abSe me contagi\u00f3 toda esta energ\u00eda, es una cosa impresionante\u00bb, asegur\u00f3 Ricardo, mientas su amiga gritaba: \u00abEs por Argentina, pero es por Latinoam\u00e9rica\u00bb.<\/p>\n<figure class=\"mb-3\"><img loading=\"lazy\" src=\"http:\/\/hoycordobaweb.com\/wp-content\/uploads\/2022\/12\/con-canticos-y-banderas-el-obelisco-estallo-en-festejos-y-emocion-7.jpg\" width=\"100%\" height=\"100%\" alt=\"La mejor postal Foto Osvaldo Fanton \"><figcaption> La mejor postal. \/Foto: Osvaldo Fanton. <\/figcaption><\/figure>\n","protected":false},"excerpt":{"rendered":"<p>Una multitud celebra el triunfo .\/ Foto: Claudio Fanchi. Una multitud de fan\u00e1ticos y fan\u00e1ticas de la \u201cScaloneta\u201d de todas las edades y vestidos con los colores de la bandera argentina, iniciaron los festejos en el Obelisco, en Palermo, y en las calles de toda la ciudad de Buenos Aires tras el triunfo de la [&hellip;]<\/p>\n","protected":false},"author":1,"featured_media":52825,"comment_status":"open","ping_status":"closed","sticky":false,"template":"","format":"standard","meta":[],"categories":[16],"tags":[],"_links":{"self":[{"href":"http:\/\/hoycordobaweb.com\/index.php\/wp-json\/wp\/v2\/posts\/52824"}],"collection":[{"href":"http:\/\/hoycordobaweb.com\/index.php\/wp-json\/wp\/v2\/posts"}],"about":[{"href":"http:\/\/hoycordobaweb.com\/index.php\/wp-json\/wp\/v2\/types\/post"}],"author":[{"embeddable":true,"href":"http:\/\/hoycordobaweb.com\/index.php\/wp-json\/wp\/v2\/users\/1"}],"replies":[{"embeddable":true,"href":"http:\/\/hoycordobaweb.com\/index.php\/wp-json\/wp\/v2\/comments?post=52824"}],"version-history":[{"count":0,"href":"http:\/\/hoycordobaweb.com\/index.php\/wp-json\/wp\/v2\/posts\/52824\/revisions"}],"wp:featuredmedia":[{"embeddable":true,"href":"http:\/\/hoycordobaweb.com\/index.php\/wp-json\/wp\/v2\/media\/52825"}],"wp:attachment":[{"href":"http:\/\/hoycordobaweb.com\/index.php\/wp-json\/wp\/v2\/media?parent=52824"}],"wp:term":[{"taxonomy":"category","embeddable":true,"href":"http:\/\/hoycordobaweb.com\/index.php\/wp-json\/wp\/v2\/categories?post=52824"},{"taxonomy":"post_tag","embeddable":true,"href":"http:\/\/hoycordobaweb.com\/index.php\/wp-json\/wp\/v2\/tags?post=52824"}],"curies":[{"name":"wp","href":"https:\/\/api.w.org\/{rel}","templated":true}]}}