{"id":52802,"date":"2022-12-17T23:26:32","date_gmt":"2022-12-17T23:26:32","guid":{"rendered":"https:\/\/www.ole.com.ar\/ecuador\/internacional\/francia-nkunku-pierde-mundial-qatar-lesion-ligamentos-firma-chelsea_0_v6HwpGiKHB.html"},"modified":"2022-12-17T23:26:32","modified_gmt":"2022-12-17T23:26:32","slug":"un-frances-que-se-perdio-el-mundial-por-lesion-firma-con-el-chelsea","status":"publish","type":"post","link":"http:\/\/hoycordobaweb.com\/index.php\/2022\/12\/17\/un-frances-que-se-perdio-el-mundial-por-lesion-firma-con-el-chelsea\/","title":{"rendered":"Un franc\u00e9s que se perdi\u00f3 el Mundial por lesi\u00f3n \u00a1firma con el Chelsea!"},"content":{"rendered":"<p><img src=\"http:\/\/hoycordobaweb.com\/wp-content\/uploads\/2022\/12\/un-frances-que-se-perdio-el-mundial-por-lesion-firma-con-el-chelsea.jpg\"><\/p>\n<div class=\"custom-text \" readability=\"35.686274509804\">\n<p>Este domingo, <a href=\"https:\/\/www.ole.com.ar\/tema\/christopher-nkunku.html\" title=\"Christopher Nkunku\" alt=\"Christopher Nkunku\" class=\"slug\"><strong>Christopher Nkunku<\/strong><\/a> estar\u00e1 en <a href=\"https:\/\/www.ole.com.ar\/tema\/mundial-qatar-2022.html\" title=\"Mundial Qatar 2022\" alt=\"Mundial Qatar 2022\" class=\"slug\">Qatar<\/a>, aunque no de la forma que quisiera: <strong>una rotura de ligamentos lo dej\u00f3 sin Mundial<\/strong> en la puerta de la competencia, aunque el delantero franc\u00e9s dar\u00e1 el presente en el Lusail alentando a sus compa\u00f1eros en la final ante <a href=\"https:\/\/www.ole.com.ar\/tema\/seleccion-argentina.html\" title=\"Selecci\u00f3n Argentina\" alt=\"Selecci\u00f3n Argentina\" class=\"slug\">Argentina<\/a>. Lo que no pens\u00f3 nunca es que el f\u00fatbol le dar\u00eda r\u00e1pido una especia de compensaci\u00f3n:<strong> ser\u00e1 jugador del <\/strong><a href=\"https:\/\/www.ole.com.ar\/tema\/chelsea.html\" title=\"Chelsea\" alt=\"Chelsea\" class=\"slug\"><strong>Chelsea<\/strong><\/a> a partir de julio 2023, en una operaci\u00f3n que ya est\u00e1 cerrada.<strong> <\/strong><\/p>\n<\/div>\n<div class=\"sc-e9a69009-0 cjEXLm\" readability=\"6\">\n<section readability=\"2\"><picture><img class=\"img\" src=\"http:\/\/hoycordobaweb.com\/wp-content\/uploads\/2022\/12\/un-frances-que-se-perdio-el-mundial-por-lesion-firma-con-el-chelsea-2.jpg\" alt=\"Modric y su futuro: &quot;Seguir\u00e9 hasta la Nations League&quot;\" height=\"290\" width=\"290\" loading=\"lazy\"><\/picture>\n<p><span>Mir\u00e1 tambi\u00e9n<\/span><\/p>\n<hr>\n<h3>Modric y su futuro: \u00abSeguir\u00e9 hasta la Nations League\u00bb<\/h3>\n<\/p>\n<\/section>\n<\/div>\n<div class=\"sc-e9a69009-0 cjEXLm\" readability=\"6\">\n<section readability=\"2\"><picture><img class=\"img\" src=\"http:\/\/hoycordobaweb.com\/wp-content\/uploads\/2022\/12\/un-frances-que-se-perdio-el-mundial-por-lesion-firma-con-el-chelsea-3.jpg\" alt=\"Video: Jug\u00f3 en el Manchester United y rompi\u00f3 en llanto al recordarlo\" height=\"290\" width=\"290\" loading=\"lazy\"><\/picture>\n<p><span>Mir\u00e1 tambi\u00e9n<\/span><\/p>\n<hr>\n<h3>Video: Jug\u00f3 en el Manchester United y rompi\u00f3 en llanto al recordarlo<\/h3>\n<\/p>\n<\/section>\n<\/div>\n<div class=\"sc-996041c8-0 kvfKM\"><img alt=\"Es una de las figuras del RB Leipzig: en la foto, ante el Bayern Munich (Reuters).\" srcset=\"http:\/\/hoycordobaweb.com\/wp-content\/uploads\/2022\/12\/un-frances-que-se-perdio-el-mundial-por-lesion-firma-con-el-chelsea-4.jpg 1x, http:\/\/hoycordobaweb.com\/wp-content\/uploads\/2022\/12\/un-frances-que-se-perdio-el-mundial-por-lesion-firma-con-el-chelsea-4.jpg 2x\" src=\"http:\/\/hoycordobaweb.com\/wp-content\/uploads\/2022\/12\/un-frances-que-se-perdio-el-mundial-por-lesion-firma-con-el-chelsea-4.jpg\" width=\"720\" height=\"0\" decoding=\"async\" data-nimg=\"future\" loading=\"lazy\"><span>Es una de las figuras del RB Leipzig: en la foto, ante el Bayern Munich (Reuters).<\/span><\/div>\n<div class=\"custom-text \" readability=\"37\">\n<p>As\u00ed lo inform\u00f3 este s\u00e1bado el periodista Fabrizio Romano, especialista en temas de mercado: todos los documentos han sido firmados y Nkunku, tras romperse el ligamento externo de su rodilla izquierda en un entrenamiento con la selecci\u00f3n francesa,<strong> abandonar\u00e1 el RB Leipzig a final de temporada.<\/strong><\/p>\n<\/div>\n<div class=\"sc-996041c8-0 kvfKM\"><img alt=\"El momento en que sale lesionado, en un entrenamiento en Par\u00eds (AFP).\" srcset=\"http:\/\/hoycordobaweb.com\/wp-content\/uploads\/2022\/12\/un-frances-que-se-perdio-el-mundial-por-lesion-firma-con-el-chelsea-5.jpg 1x, http:\/\/hoycordobaweb.com\/wp-content\/uploads\/2022\/12\/un-frances-que-se-perdio-el-mundial-por-lesion-firma-con-el-chelsea-5.jpg 2x\" src=\"http:\/\/hoycordobaweb.com\/wp-content\/uploads\/2022\/12\/un-frances-que-se-perdio-el-mundial-por-lesion-firma-con-el-chelsea-5.jpg\" width=\"720\" height=\"0\" decoding=\"async\" data-nimg=\"future\" loading=\"lazy\"><span>El momento en que sale lesionado, en un entrenamiento en Par\u00eds (AFP).<\/span><\/div>\n<div class=\"sc-e9a69009-0 cjEXLm\" readability=\"6\">\n<section readability=\"2\"><picture><img class=\"img\" src=\"http:\/\/hoycordobaweb.com\/wp-content\/uploads\/2022\/12\/un-frances-que-se-perdio-el-mundial-por-lesion-firma-con-el-chelsea-6.jpg\" alt=\"Furor por Marruecos: camiseta agotada y otras selecciones en remate\" height=\"290\" width=\"290\" loading=\"lazy\"><\/picture>\n<p><span>Mir\u00e1 tambi\u00e9n<\/span><\/p>\n<hr>\n<h3>Furor por Marruecos: camiseta agotada y otras selecciones en remate<\/h3>\n<\/p>\n<\/section>\n<\/div>\n<div class=\"custom-text \" readability=\"38\">\n<p><strong>Nkunku se lesion\u00f3 el pasado 15 de noviembre<\/strong> -un d\u00eda despu\u00e9s de cumplir 25 a\u00f1os- <strong>en una jugada fortuita con Eduardo Camavinga<\/strong> <strong>durante un entrenamiento de los galos en Par\u00eds<\/strong>, previo al viaje a Qatar. Incluso, hab\u00eda posado en la tradicional foto del plantel que defiende el t\u00edtulo mundial logrado en Rusia 2018, hace cuatro a\u00f1os.<\/p>\n<\/div>\n<div class=\"sc-996041c8-0 kvfKM\"><img alt=\"Nkunku, en la foto grupal de Francia, previo a Qatar, al lado de Giroud (el segundo, desde la derecha, en la fila del medio) (Reuters).\" srcset=\"http:\/\/hoycordobaweb.com\/wp-content\/uploads\/2022\/12\/un-frances-que-se-perdio-el-mundial-por-lesion-firma-con-el-chelsea-7.jpg 1x, http:\/\/hoycordobaweb.com\/wp-content\/uploads\/2022\/12\/un-frances-que-se-perdio-el-mundial-por-lesion-firma-con-el-chelsea-7.jpg 2x\" src=\"http:\/\/hoycordobaweb.com\/wp-content\/uploads\/2022\/12\/un-frances-que-se-perdio-el-mundial-por-lesion-firma-con-el-chelsea-7.jpg\" width=\"720\" height=\"0\" decoding=\"async\" data-nimg=\"future\" loading=\"lazy\"><span>Nkunku, en la foto grupal de Francia, previo a Qatar, al lado de Giroud (el segundo, desde la derecha, en la fila del medio) (Reuters).<\/span><\/div>\n<div class=\"custom-text \" readability=\"32.989547038328\">\n<p>Nkunku dar\u00e1 el salto a la<a href=\"https:\/\/www.ole.com.ar\/tema\/premier-league.html\" title=\"Premier League\" alt=\"Premier League\" class=\"slug\"> Premier League <\/a>inglesa tras cuatro temporadas en la<a href=\"https:\/\/www.ole.com.ar\/tema\/bundesliga.html\" title=\"Bundesliga\" alt=\"Bundesliga\" class=\"slug\"> Bundesliga<\/a>, en las que se ha convertido en uno de los referentes de su equipo y del campeonato alem\u00e1n, del que fue nombrado mejor <strong>jugador del a\u00f1o 2021\/22 despu\u00e9s de convertir 20 goles y dar 15 asistencias.<\/strong><\/p>\n<\/div>\n<div class=\"sc-e9a69009-0 cjEXLm\" readability=\"6\">\n<section readability=\"2\"><picture><img class=\"img\" src=\"http:\/\/hoycordobaweb.com\/wp-content\/uploads\/2022\/12\/un-frances-que-se-perdio-el-mundial-por-lesion-firma-con-el-chelsea-8.jpg\" alt=\"Un grande de Brasil negocia para fichar a Jhegson M\u00e9ndez\" height=\"290\" width=\"290\" loading=\"lazy\"><\/picture>\n<p><span>Mir\u00e1 tambi\u00e9n<\/span><\/p>\n<hr>\n<h3>Un grande de Brasil negocia para fichar a Jhegson M\u00e9ndez<\/h3>\n<\/p>\n<\/section>\n<\/div>\n<div class=\"sc-e9a69009-0 cjEXLm\" readability=\"6\">\n<section readability=\"2\"><picture><img class=\"img\" src=\"http:\/\/hoycordobaweb.com\/wp-content\/uploads\/2022\/12\/un-frances-que-se-perdio-el-mundial-por-lesion-firma-con-el-chelsea-9.jpg\" alt=\"Cl\u00e1sico picante en Australia: invasi\u00f3n de hinchas y golpes al arquero\" height=\"290\" width=\"290\" loading=\"lazy\"><\/picture>\n<p><span>Mir\u00e1 tambi\u00e9n<\/span><\/p>\n<hr>\n<h3>Cl\u00e1sico picante en Australia: invasi\u00f3n de hinchas y golpes al arquero<\/h3>\n<\/p>\n<\/section>\n<\/div>\n<div class=\"custom-text \" readability=\"37\">\n<p>Se espera que el ex del Par\u00eds Saint-Germain, que este domingo presenciar\u00e1 en directo la final del Mundial que disputar\u00e1n Argentina y Francia, regrese a los campos de juego una vez termine la presente campa\u00f1a, lo que significa que <strong>su reaparici\u00f3n podr\u00eda ser ya vestido de azul.<\/strong><\/p>\n<\/div>\n<div class=\"custom-embedhtml\" readability=\"8.2997311827957\">\n<blockquote class=\"twitter-tweet\" readability=\"10.483870967742\">\n<p lang=\"en\" dir=\"ltr\">Christopher Nkunku deal, signed and sealed \u2014 here we go now confirmed. All documents and contracts are also signed, it\u2019s 100% closed. \ud83d\udd35\ud83e\udd1d\ud83c\udffb <a href=\"https:\/\/twitter.com\/hashtag\/CFC?src=hash&amp;ref_src=twsrc%5Etfw\">#CFC<\/a><\/p>\n<p>French striker can be considered new Chelses player, starting from July 2023. It\u2019s all signed\/sealed with RB Leipzig and player side. <a href=\"https:\/\/t.co\/u0gOytyM4U\">pic.twitter.com\/u0gOytyM4U<\/a><\/p>\n<p>\u2014 Fabrizio Romano (@FabrizioRomano) <a href=\"https:\/\/twitter.com\/FabrizioRomano\/status\/1604070635361157120?ref_src=twsrc%5Etfw\">December 17, 2022<\/a><\/p><\/blockquote><\/div>\n<div class=\"sc-e9a69009-0 cjEXLm\" readability=\"6\">\n<section readability=\"2\"><picture><img class=\"img\" src=\"http:\/\/hoycordobaweb.com\/wp-content\/uploads\/2022\/12\/un-frances-que-se-perdio-el-mundial-por-lesion-firma-con-el-chelsea-10.jpg\" alt=\"Scaloni: del peso de la hinchada a la emoci\u00f3n\" height=\"290\" width=\"290\" loading=\"lazy\"><\/picture>\n<p><span>Mir\u00e1 tambi\u00e9n<\/span><\/p>\n<hr>\n<h3>Scaloni: del peso de la hinchada a la emoci\u00f3n<\/h3>\n<\/p>\n<\/section>\n<\/div>\n<div class=\"sc-e9a69009-0 cjEXLm\" readability=\"6\">\n<section readability=\"2\"><picture><img class=\"img\" src=\"http:\/\/hoycordobaweb.com\/wp-content\/uploads\/2022\/12\/un-frances-que-se-perdio-el-mundial-por-lesion-firma-con-el-chelsea-11.jpg\" alt=\"En Qatar se refuerzan con militares italianos para custodiar la final\" height=\"290\" width=\"290\" loading=\"lazy\"><\/picture>\n<p><span>Mir\u00e1 tambi\u00e9n<\/span><\/p>\n<hr>\n<h3>En Qatar se refuerzan con militares italianos para custodiar la final<\/h3>\n<\/p>\n<\/section>\n<\/div>\n<p><h2><strong>Nuevo golpe del Chelsea en el mercado<\/strong><\/h2>\n<\/p>\n<div class=\"custom-text \" readability=\"52\">\n<p>El Chelsea da as\u00ed un nuevo golpe sobre la mesa despu\u00e9s de l<strong>iderar el pasado mercado estival de fichajes gastando 282 millones de euros<\/strong> en las incorporaciones de <strong>Fofana<\/strong> (80,4 millones de euros, Leicester City), <strong>Cucurella<\/strong> (65,3, Brighton)<strong>, Sterling <\/strong>(56,2, Manchester City), <strong>Koulibaly<\/strong> (38, N\u00e1poles), <strong>Chukwuemeka<\/strong> (18, Aston Villa), <strong>Aubameyang<\/strong> (12, FC Barcelona) y el joven guardameta estadounidense <strong>Slonina <\/strong>(9, Chicago Fire), adem\u00e1s del suizo <strong>Denis Zakaria<\/strong>, quien lleg\u00f3 a pr\u00e9stamo procedente de la Juventus.<\/p>\n<\/div>\n<div class=\"sc-e9a69009-0 cjEXLm\" readability=\"6\">\n<section readability=\"2\"><picture><img class=\"img\" src=\"http:\/\/hoycordobaweb.com\/wp-content\/uploads\/2022\/12\/un-frances-que-se-perdio-el-mundial-por-lesion-firma-con-el-chelsea-12.jpg\" alt=\"Negocio redondo: Liga de Quito vende a Zaid Romero a Estudiantes de La Plata\" height=\"290\" width=\"290\" loading=\"lazy\"><\/picture>\n<p><span>Mir\u00e1 tambi\u00e9n<\/span><\/p>\n<hr>\n<h3>Negocio redondo: Liga de Quito vende a Zaid Romero a Estudiantes de La Plata<\/h3>\n<\/p>\n<\/section>\n<\/div>\n<div class=\"sc-e9a69009-0 cjEXLm\" readability=\"7\">\n<section readability=\"4\"><picture><img class=\"img\" src=\"http:\/\/hoycordobaweb.com\/wp-content\/uploads\/2022\/12\/un-frances-que-se-perdio-el-mundial-por-lesion-firma-con-el-chelsea-13.jpg\" alt=\"Alvarado con Ol\u00e9: el presente en Liga, La Tri, Alfaro y m\u00e1s\" height=\"290\" width=\"290\" loading=\"lazy\"><\/picture>\n<p><span>Mir\u00e1 tambi\u00e9n<\/span><\/p>\n<hr>\n<h3>Alvarado con Ol\u00e9: el presente en Liga, La Tri, Alfaro y m\u00e1s<\/h3>\n<\/p>\n<\/section>\n<\/div>\n","protected":false},"excerpt":{"rendered":"<p>Este domingo, Christopher Nkunku estar\u00e1 en Qatar, aunque no de la forma que quisiera: una rotura de ligamentos lo dej\u00f3 sin Mundial en la puerta de la competencia, aunque el delantero franc\u00e9s dar\u00e1 el presente en el Lusail alentando a sus compa\u00f1eros en la final ante Argentina. Lo que no pens\u00f3 nunca es que el [&hellip;]<\/p>\n","protected":false},"author":1,"featured_media":52803,"comment_status":"open","ping_status":"closed","sticky":false,"template":"","format":"standard","meta":[],"categories":[16],"tags":[],"_links":{"self":[{"href":"http:\/\/hoycordobaweb.com\/index.php\/wp-json\/wp\/v2\/posts\/52802"}],"collection":[{"href":"http:\/\/hoycordobaweb.com\/index.php\/wp-json\/wp\/v2\/posts"}],"about":[{"href":"http:\/\/hoycordobaweb.com\/index.php\/wp-json\/wp\/v2\/types\/post"}],"author":[{"embeddable":true,"href":"http:\/\/hoycordobaweb.com\/index.php\/wp-json\/wp\/v2\/users\/1"}],"replies":[{"embeddable":true,"href":"http:\/\/hoycordobaweb.com\/index.php\/wp-json\/wp\/v2\/comments?post=52802"}],"version-history":[{"count":0,"href":"http:\/\/hoycordobaweb.com\/index.php\/wp-json\/wp\/v2\/posts\/52802\/revisions"}],"wp:featuredmedia":[{"embeddable":true,"href":"http:\/\/hoycordobaweb.com\/index.php\/wp-json\/wp\/v2\/media\/52803"}],"wp:attachment":[{"href":"http:\/\/hoycordobaweb.com\/index.php\/wp-json\/wp\/v2\/media?parent=52802"}],"wp:term":[{"taxonomy":"category","embeddable":true,"href":"http:\/\/hoycordobaweb.com\/index.php\/wp-json\/wp\/v2\/categories?post=52802"},{"taxonomy":"post_tag","embeddable":true,"href":"http:\/\/hoycordobaweb.com\/index.php\/wp-json\/wp\/v2\/tags?post=52802"}],"curies":[{"name":"wp","href":"https:\/\/api.w.org\/{rel}","templated":true}]}}