{"id":52763,"date":"2022-12-17T07:33:38","date_gmt":"2022-12-17T07:33:38","guid":{"rendered":"https:\/\/www.mujerhoy.com\/moda\/no-te-pierdas\/novedades-zara-virales-agotadas-basicos-baratos-20221217083122-nt.html"},"modified":"2022-12-17T07:33:38","modified_gmt":"2022-12-17T07:33:38","slug":"estos-basicos-nuevos-de-zara-van-a-agotarse-en-cuestion-de-segundos-porque-son-muy-ponibles-y-favorecen-a-todas-las-tallas","status":"publish","type":"post","link":"http:\/\/hoycordobaweb.com\/index.php\/2022\/12\/17\/estos-basicos-nuevos-de-zara-van-a-agotarse-en-cuestion-de-segundos-porque-son-muy-ponibles-y-favorecen-a-todas-las-tallas\/","title":{"rendered":"Estos b\u00e1sicos nuevos de Zara van a agotarse en cuesti\u00f3n de segundos porque son muy ponibles y favorecen a todas las tallas"},"content":{"rendered":"<p><!-- AUTHOR --><\/p>\n<div class=\"voc-author-timesocial \"><!-- AUTHOR --><\/p>\n<div class=\"voc-author-timesocial__signature\"><!-- IMAGE AUTHOR --><picture class=\"voc-image-signature\"><img class=\"voc-image-signature__img\" src=\"http:\/\/hoycordobaweb.com\/wp-content\/uploads\/2022\/12\/estos-basicos-nuevos-de-zara-van-a-agotarse-en-cuestion-de-segundos-porque-son-muy-ponibles-y-favorecen-a-todas-las-tallas.jpg\" alt=\"Lauren Izquierdo\"><\/picture><!-- INFO AUTHOR --><\/div>\n<\/div>\n<p><!-- COMPONENTS --><\/p>\n<p class=\"voc-paragraph\">Es entrar a <strong>Zara<\/strong> y lo sabes: flechazo a la vista. La marca m\u00e1s top de Inditex ya es famosa por crear necesidades a nivel fashionista que se convierten en los coming soon m\u00e1s comentados de la temporada. Desde unos <a data-voc-vtm-id=\"in-text-traffic\" href=\"https:\/\/www.mujerhoy.com\/moda\/no-te-pierdas\/vaqueros-tiro-alto-nuevos-comodos-invierno-pegan-basicos-20221130133612-nt.html\" title=\"www.mujerhoy.com\">vaqueros de tiro alto<\/a> que sientan fenomenal hasta los <a data-voc-vtm-id=\"in-text-traffic\" href=\"https:\/\/www.mujerhoy.com\/moda\/no-te-pierdas\/tres-vestidos-nuevos-zara-muy-elegantes-invitada-perfecta-20221006091303-nt.html\" title=\"www.mujerhoy.com\">vestidos m\u00e1s virales<\/a> que no paran de dar la vuelta al mundo. <\/p>\n<p class=\"voc-paragraph\">Y durante esta quincena no iba a ser diferente. As\u00ed que, atenta y no te despistes, porque tenemos los siete b\u00e1sicos nuevos que sabemos que tienen todas las papeletas para agotarse muy r\u00e1pidamente. Son ponibles, vers\u00e1tiles, atemporales y encima favorecen a todos los tipos de silueta. <\/p>\n<div class=\"voc-detail-photo-zoom\"><picture data-toggle=\"modal\" data-target=\"#photoZoomModal-100\" target=\"modal\">\n<div class=\"voc-img-icon-link\"><img loading=\"lazy\" data-original=\"\/\/static3.mujerhoy.com\/www\/multimedia\/202212\/16\/media\/cortadas\/novedades-zara-6771143725_1_1_1-k0OH--460x637@MujerHoy.jpg\" class=\"lazy\" alt=\"Jersey de punto con cuello de capa, 29,95\u20ac.\"><noscript><img src=\"http:\/\/hoycordobaweb.com\/wp-content\/uploads\/2022\/12\/estos-basicos-nuevos-de-zara-van-a-agotarse-en-cuestion-de-segundos-porque-son-muy-ponibles-y-favorecen-a-todas-las-tallas-1.jpg\" alt=\"Jersey de punto con cuello de capa, 29,95\u20ac.\"><\/noscript><i class=\"voc-icons zoom voc-multimedia-box voc-ico-l\"><\/i><\/div><figcaption class=\"figure-caption\">Jersey de punto con cuello de capa, 29,95\u20ac.<\/figcaption><\/picture><\/div>\n<div id=\"photoZoomModal-100\" class=\"voc-lightbox modal fade voc-lightbox--photo-zoom\" role=\"dialog\" data-voc-photozoom-lightbox>\n<div class=\"voc-lightbox__dialog\" role=\"document\">\n<div class=\"voc-lightbox__content\"><!-- Modal header --><!-- Modal content --><\/p>\n<div class=\"voc-lightbox__photo-container\"><picture class><img loading=\"lazy\" data-original=\"\/\/static3.mujerhoy.com\/www\/multimedia\/202212\/16\/media\/cortadas\/novedades-zara-6771143725_1_1_1-k0OH--460x637@MujerHoy.jpg\" alt=\"Jersey de punto con cuello de capa, 29,95\u20ac.\" class=\"lazy\"><noscript><img src=\"http:\/\/hoycordobaweb.com\/wp-content\/uploads\/2022\/12\/estos-basicos-nuevos-de-zara-van-a-agotarse-en-cuestion-de-segundos-porque-son-muy-ponibles-y-favorecen-a-todas-las-tallas-1.jpg\" alt=\"Jersey de punto con cuello de capa, 29,95\u20ac.\"><\/noscript><\/picture><\/div>\n<\/div>\n<\/div>\n<\/div>\n<p class=\"voc-paragraph\"><strong>Jersey de punto con cuello de capa, 29,95\u20ac<\/strong>. Nos encanta porque es un jersey diferente con el que no pasar\u00e1s desapercibida y que, al mismo tiempo, guarda toda la atemporalidad para que no pase de moda temporada tras temporada.\n<\/p>\n<div class=\"voc-detail-photo-zoom\"><picture data-toggle=\"modal\" data-target=\"#photoZoomModal-581\" target=\"modal\">\n<div class=\"voc-img-icon-link\"><img loading=\"lazy\" data-original=\"\/\/static1.mujerhoy.com\/www\/multimedia\/202212\/16\/media\/cortadas\/novedades-zara-0250251800_1_1_1-k0OH--460x637@MujerHoy.jpg\" class=\"lazy\" alt=\"Jeans de talle alto, 19,95\u20ac.\"><noscript><img src=\"http:\/\/hoycordobaweb.com\/wp-content\/uploads\/2022\/12\/estos-basicos-nuevos-de-zara-van-a-agotarse-en-cuestion-de-segundos-porque-son-muy-ponibles-y-favorecen-a-todas-las-tallas-2.jpg\" alt=\"Jeans de talle alto, 19,95\u20ac.\"><\/noscript><i class=\"voc-icons zoom voc-multimedia-box voc-ico-l\"><\/i><\/div><figcaption class=\"figure-caption\">Jeans de talle alto, 19,95\u20ac.<\/figcaption><\/picture><\/div>\n<div id=\"photoZoomModal-581\" class=\"voc-lightbox modal fade voc-lightbox--photo-zoom\" role=\"dialog\" data-voc-photozoom-lightbox>\n<div class=\"voc-lightbox__dialog\" role=\"document\">\n<div class=\"voc-lightbox__content\"><!-- Modal header --><!-- Modal content --><\/p>\n<div class=\"voc-lightbox__photo-container\"><picture class><img loading=\"lazy\" data-original=\"\/\/static1.mujerhoy.com\/www\/multimedia\/202212\/16\/media\/cortadas\/novedades-zara-0250251800_1_1_1-k0OH--460x637@MujerHoy.jpg\" alt=\"Jeans de talle alto, 19,95\u20ac.\" class=\"lazy\"><noscript><img src=\"http:\/\/hoycordobaweb.com\/wp-content\/uploads\/2022\/12\/estos-basicos-nuevos-de-zara-van-a-agotarse-en-cuestion-de-segundos-porque-son-muy-ponibles-y-favorecen-a-todas-las-tallas-2.jpg\" alt=\"Jeans de talle alto, 19,95\u20ac.\"><\/noscript><\/picture><\/div>\n<\/div>\n<\/div>\n<\/div>\n<p class=\"voc-paragraph\"><strong>Jeans de talle alto, 19,95\u20ac.<\/strong> Los pitillos han vuelto al armario femenino. Para llevarlos con mucho estilo opta por un modelo de talle alto que te sume unos cent\u00edmetros de m\u00e1s. Te ver\u00e1s muy favorecida. <\/p>\n<div class=\"voc-detail-photo-zoom\"><picture data-toggle=\"modal\" data-target=\"#photoZoomModal-180\" target=\"modal\">\n<div class=\"voc-img-icon-link\"><img loading=\"lazy\" data-original=\"\/\/static3.mujerhoy.com\/www\/multimedia\/202212\/16\/media\/cortadas\/novedades-zara-5584481803_1_1_1-k0OH--460x637@MujerHoy.jpg\" class=\"lazy\" alt=\"Vestido corto de punto, 19,95\u20ac.\"><noscript><img src=\"http:\/\/hoycordobaweb.com\/wp-content\/uploads\/2022\/12\/estos-basicos-nuevos-de-zara-van-a-agotarse-en-cuestion-de-segundos-porque-son-muy-ponibles-y-favorecen-a-todas-las-tallas-3.jpg\" alt=\"Vestido corto de punto, 19,95\u20ac.\"><\/noscript><i class=\"voc-icons zoom voc-multimedia-box voc-ico-l\"><\/i><\/div><figcaption class=\"figure-caption\">Vestido corto de punto, 19,95\u20ac.<\/figcaption><\/picture><\/div>\n<div id=\"photoZoomModal-180\" class=\"voc-lightbox modal fade voc-lightbox--photo-zoom\" role=\"dialog\" data-voc-photozoom-lightbox>\n<div class=\"voc-lightbox__dialog\" role=\"document\">\n<div class=\"voc-lightbox__content\"><!-- Modal header --><!-- Modal content --><\/p>\n<div class=\"voc-lightbox__photo-container\"><picture class><img loading=\"lazy\" data-original=\"\/\/static3.mujerhoy.com\/www\/multimedia\/202212\/16\/media\/cortadas\/novedades-zara-5584481803_1_1_1-k0OH--460x637@MujerHoy.jpg\" alt=\"Vestido corto de punto, 19,95\u20ac.\" class=\"lazy\"><noscript><img src=\"http:\/\/hoycordobaweb.com\/wp-content\/uploads\/2022\/12\/estos-basicos-nuevos-de-zara-van-a-agotarse-en-cuestion-de-segundos-porque-son-muy-ponibles-y-favorecen-a-todas-las-tallas-3.jpg\" alt=\"Vestido corto de punto, 19,95\u20ac.\"><\/noscript><\/picture><\/div>\n<\/div>\n<\/div>\n<\/div>\n<p class=\"voc-paragraph\"><strong>Vestido corto de punto, 19,95\u20ac.<\/strong> Atenta, y no lo dejes escapar, porque este es, sin duda, uno de los b\u00e1sicos m\u00e1s preciosos y ponibles que podr\u00e1s llevar esta temporada y que se agotar\u00e1 en cuesti\u00f3n de segundos. <\/p>\n<div class=\"voc-detail-photo-zoom\"><picture data-toggle=\"modal\" data-target=\"#photoZoomModal-94\" target=\"modal\">\n<div class=\"voc-img-icon-link\"><img loading=\"lazy\" data-original=\"\/\/static3.mujerhoy.com\/www\/multimedia\/202212\/16\/media\/cortadas\/novedades-zara-5536138093_1_1_1-k0OH--460x637@MujerHoy.jpg\" class=\"lazy\" alt=\"Falda de punto de rib, 29,95\u20ac.\"><noscript><img src=\"http:\/\/hoycordobaweb.com\/wp-content\/uploads\/2022\/12\/estos-basicos-nuevos-de-zara-van-a-agotarse-en-cuestion-de-segundos-porque-son-muy-ponibles-y-favorecen-a-todas-las-tallas-4.jpg\" alt=\"Falda de punto de rib, 29,95\u20ac.\"><\/noscript><i class=\"voc-icons zoom voc-multimedia-box voc-ico-l\"><\/i><\/div><figcaption class=\"figure-caption\">Falda de punto de rib, 29,95\u20ac.<\/figcaption><\/picture><\/div>\n<div id=\"photoZoomModal-94\" class=\"voc-lightbox modal fade voc-lightbox--photo-zoom\" role=\"dialog\" data-voc-photozoom-lightbox>\n<div class=\"voc-lightbox__dialog\" role=\"document\">\n<div class=\"voc-lightbox__content\"><!-- Modal header --><!-- Modal content --><\/p>\n<div class=\"voc-lightbox__photo-container\"><picture class><img loading=\"lazy\" data-original=\"\/\/static3.mujerhoy.com\/www\/multimedia\/202212\/16\/media\/cortadas\/novedades-zara-5536138093_1_1_1-k0OH--460x637@MujerHoy.jpg\" alt=\"Falda de punto de rib, 29,95\u20ac.\" class=\"lazy\"><noscript><img src=\"http:\/\/hoycordobaweb.com\/wp-content\/uploads\/2022\/12\/estos-basicos-nuevos-de-zara-van-a-agotarse-en-cuestion-de-segundos-porque-son-muy-ponibles-y-favorecen-a-todas-las-tallas-4.jpg\" alt=\"Falda de punto de rib, 29,95\u20ac.\"><\/noscript><\/picture><\/div>\n<\/div>\n<\/div>\n<\/div>\n<p class=\"voc-paragraph\"><strong>Falda de punto de rib, 29,95\u20ac.<\/strong> Las faldas de punto se adaptan fenomenal a todos los tipos de figura, aplanando la cintura y recogiendo las caderas para un resultado de lo m\u00e1s favorecedor. Adem\u00e1s, quedan genial tanto con camisas como con jers\u00e9is. <\/p>\n<div class=\"voc-detail-photo-zoom\"><picture data-toggle=\"modal\" data-target=\"#photoZoomModal-473\" target=\"modal\">\n<div class=\"voc-img-icon-link\"><img loading=\"lazy\" data-original=\"\/\/static1.mujerhoy.com\/www\/multimedia\/202212\/16\/media\/cortadas\/novedades-zara-73046302800_1_1_1-k0OH--460x637@MujerHoy.jpg\" class=\"lazy\" alt=\"Abrigo negro, 69,95\u20ac.\"><noscript><img src=\"http:\/\/hoycordobaweb.com\/wp-content\/uploads\/2022\/12\/estos-basicos-nuevos-de-zara-van-a-agotarse-en-cuestion-de-segundos-porque-son-muy-ponibles-y-favorecen-a-todas-las-tallas-5.jpg\" alt=\"Abrigo negro, 69,95\u20ac.\"><\/noscript><i class=\"voc-icons zoom voc-multimedia-box voc-ico-l\"><\/i><\/div><figcaption class=\"figure-caption\">Abrigo negro, 69,95\u20ac.<\/figcaption><\/picture><\/div>\n<div id=\"photoZoomModal-473\" class=\"voc-lightbox modal fade voc-lightbox--photo-zoom\" role=\"dialog\" data-voc-photozoom-lightbox>\n<div class=\"voc-lightbox__dialog\" role=\"document\">\n<div class=\"voc-lightbox__content\"><!-- Modal header --><!-- Modal content --><\/p>\n<div class=\"voc-lightbox__photo-container\"><picture class><img loading=\"lazy\" data-original=\"\/\/static1.mujerhoy.com\/www\/multimedia\/202212\/16\/media\/cortadas\/novedades-zara-73046302800_1_1_1-k0OH--460x637@MujerHoy.jpg\" alt=\"Abrigo negro, 69,95\u20ac.\" class=\"lazy\"><noscript><img src=\"http:\/\/hoycordobaweb.com\/wp-content\/uploads\/2022\/12\/estos-basicos-nuevos-de-zara-van-a-agotarse-en-cuestion-de-segundos-porque-son-muy-ponibles-y-favorecen-a-todas-las-tallas-5.jpg\" alt=\"Abrigo negro, 69,95\u20ac.\"><\/noscript><\/picture><\/div>\n<\/div>\n<\/div>\n<\/div>\n<p class=\"voc-paragraph\"><strong>Abrigo negro, 69,95\u20ac.<\/strong> Un abrigo negro es un cl\u00e1sico que no puede faltar en tu armario, pero si encima es tan bonito como este entallado, es casi imposible no caer ante la tentaci\u00f3n. Adem\u00e1s, es toda una inversi\u00f3n que no pasar\u00e1 de moda. <\/p>\n<div class=\"voc-detail-photo-zoom\"><picture data-toggle=\"modal\" data-target=\"#photoZoomModal-961\" target=\"modal\">\n<div class=\"voc-img-icon-link\"><img loading=\"lazy\" data-original=\"\/\/static2.mujerhoy.com\/www\/multimedia\/202212\/16\/media\/cortadas\/novedades-zara-9096006800_6_1_1-k0OH--460x637@MujerHoy.jpg\" class=\"lazy\" alt=\"Shorts de piel, 22,95\u20ac\"><noscript><img src=\"http:\/\/hoycordobaweb.com\/wp-content\/uploads\/2022\/12\/estos-basicos-nuevos-de-zara-van-a-agotarse-en-cuestion-de-segundos-porque-son-muy-ponibles-y-favorecen-a-todas-las-tallas-6.jpg\" alt=\"Shorts de piel, 22,95\u20ac\"><\/noscript><i class=\"voc-icons zoom voc-multimedia-box voc-ico-l\"><\/i><\/div><figcaption class=\"figure-caption\">Shorts de piel, 22,95\u20ac<\/figcaption><\/picture><\/div>\n<div id=\"photoZoomModal-961\" class=\"voc-lightbox modal fade voc-lightbox--photo-zoom\" role=\"dialog\" data-voc-photozoom-lightbox>\n<div class=\"voc-lightbox__dialog\" role=\"document\">\n<div class=\"voc-lightbox__content\"><!-- Modal header --><!-- Modal content --><\/p>\n<div class=\"voc-lightbox__photo-container\"><picture class><img loading=\"lazy\" data-original=\"\/\/static2.mujerhoy.com\/www\/multimedia\/202212\/16\/media\/cortadas\/novedades-zara-9096006800_6_1_1-k0OH--460x637@MujerHoy.jpg\" alt=\"Shorts de piel, 22,95\u20ac\" class=\"lazy\"><noscript><img src=\"http:\/\/hoycordobaweb.com\/wp-content\/uploads\/2022\/12\/estos-basicos-nuevos-de-zara-van-a-agotarse-en-cuestion-de-segundos-porque-son-muy-ponibles-y-favorecen-a-todas-las-tallas-6.jpg\" alt=\"Shorts de piel, 22,95\u20ac\"><\/noscript><\/picture><\/div>\n<\/div>\n<\/div>\n<\/div>\n<p class=\"voc-paragraph\"><strong>Shorts de piel, 22,95\u20ac<\/strong>. Estos pantalones son perfectos para combinar tanto con jers\u00e9is como con camisas. Para darle un rollo m\u00e1s sofisticado, corona tu look con una americana oversize. <\/p>\n<div class=\"voc-detail-photo-zoom\"><picture data-toggle=\"modal\" data-target=\"#photoZoomModal-749\" target=\"modal\">\n<div class=\"voc-img-icon-link\"><img loading=\"lazy\" data-original=\"\/\/static2.mujerhoy.com\/www\/multimedia\/202212\/16\/media\/cortadas\/novedades-zara-9397751802_6_1_1-k0OH--460x637@MujerHoy.jpg\" class=\"lazy\" alt=\"Pantal\u00f3n oversize, 69,95\u20ac.\"><noscript><img src=\"http:\/\/hoycordobaweb.com\/wp-content\/uploads\/2022\/12\/estos-basicos-nuevos-de-zara-van-a-agotarse-en-cuestion-de-segundos-porque-son-muy-ponibles-y-favorecen-a-todas-las-tallas-7.jpg\" alt=\"Pantal\u00f3n oversize, 69,95\u20ac.\"><\/noscript><i class=\"voc-icons zoom voc-multimedia-box voc-ico-l\"><\/i><\/div><figcaption class=\"figure-caption\">Pantal\u00f3n oversize, 69,95\u20ac.<\/figcaption><\/picture><\/div>\n<div id=\"photoZoomModal-749\" class=\"voc-lightbox modal fade voc-lightbox--photo-zoom\" role=\"dialog\" data-voc-photozoom-lightbox>\n<div class=\"voc-lightbox__dialog\" role=\"document\">\n<div class=\"voc-lightbox__content\"><!-- Modal header --><!-- Modal content --><\/p>\n<div class=\"voc-lightbox__photo-container\"><picture class><img loading=\"lazy\" data-original=\"\/\/static2.mujerhoy.com\/www\/multimedia\/202212\/16\/media\/cortadas\/novedades-zara-9397751802_6_1_1-k0OH--460x637@MujerHoy.jpg\" alt=\"Pantal\u00f3n oversize, 69,95\u20ac.\" class=\"lazy\"><noscript><img src=\"http:\/\/hoycordobaweb.com\/wp-content\/uploads\/2022\/12\/estos-basicos-nuevos-de-zara-van-a-agotarse-en-cuestion-de-segundos-porque-son-muy-ponibles-y-favorecen-a-todas-las-tallas-7.jpg\" alt=\"Pantal\u00f3n oversize, 69,95\u20ac.\"><\/noscript><\/picture><\/div>\n<\/div>\n<\/div>\n<\/div>\n<p class=\"voc-paragraph\"><strong>Pantal\u00f3n oversize, 69,95\u20ac.<\/strong> Es diferente al cl\u00e1sico pantal\u00f3n de traje, pero eso es lo que lo hace tan especial. Inspirados en la alta costura, podr\u00e1s crear looks elegantes, sencillos y sin ning\u00fan tipo de complicaci\u00f3n. <\/p>\n<p><!-- TOPICS --><\/p>\n","protected":false},"excerpt":{"rendered":"<p>Es entrar a Zara y lo sabes: flechazo a la vista. La marca m\u00e1s top de Inditex ya es famosa por crear necesidades a nivel fashionista que se convierten en los coming soon m\u00e1s comentados de la temporada. Desde unos vaqueros de tiro alto que sientan fenomenal hasta los vestidos m\u00e1s virales que no paran [&hellip;]<\/p>\n","protected":false},"author":1,"featured_media":52764,"comment_status":"closed","ping_status":"closed","sticky":false,"template":"","format":"standard","meta":[],"categories":[1],"tags":[],"_links":{"self":[{"href":"http:\/\/hoycordobaweb.com\/index.php\/wp-json\/wp\/v2\/posts\/52763"}],"collection":[{"href":"http:\/\/hoycordobaweb.com\/index.php\/wp-json\/wp\/v2\/posts"}],"about":[{"href":"http:\/\/hoycordobaweb.com\/index.php\/wp-json\/wp\/v2\/types\/post"}],"author":[{"embeddable":true,"href":"http:\/\/hoycordobaweb.com\/index.php\/wp-json\/wp\/v2\/users\/1"}],"replies":[{"embeddable":true,"href":"http:\/\/hoycordobaweb.com\/index.php\/wp-json\/wp\/v2\/comments?post=52763"}],"version-history":[{"count":0,"href":"http:\/\/hoycordobaweb.com\/index.php\/wp-json\/wp\/v2\/posts\/52763\/revisions"}],"wp:featuredmedia":[{"embeddable":true,"href":"http:\/\/hoycordobaweb.com\/index.php\/wp-json\/wp\/v2\/media\/52764"}],"wp:attachment":[{"href":"http:\/\/hoycordobaweb.com\/index.php\/wp-json\/wp\/v2\/media?parent=52763"}],"wp:term":[{"taxonomy":"category","embeddable":true,"href":"http:\/\/hoycordobaweb.com\/index.php\/wp-json\/wp\/v2\/categories?post=52763"},{"taxonomy":"post_tag","embeddable":true,"href":"http:\/\/hoycordobaweb.com\/index.php\/wp-json\/wp\/v2\/tags?post=52763"}],"curies":[{"name":"wp","href":"https:\/\/api.w.org\/{rel}","templated":true}]}}