{"id":52724,"date":"2022-12-16T02:09:00","date_gmt":"2022-12-16T02:09:00","guid":{"rendered":"http:\/\/hoycordobaweb.com\/index.php\/2022\/12\/16\/se-presento-microcentro-cuenta-una-iniciativa-que-resignifica-la-zona-centrica\/"},"modified":"2022-12-16T02:09:00","modified_gmt":"2022-12-16T02:09:00","slug":"se-presento-microcentro-cuenta-una-iniciativa-que-resignifica-la-zona-centrica","status":"publish","type":"post","link":"http:\/\/hoycordobaweb.com\/index.php\/2022\/12\/16\/se-presento-microcentro-cuenta-una-iniciativa-que-resignifica-la-zona-centrica\/","title":{"rendered":"Se present\u00f3 Microcentro Cuenta, una iniciativa que resignifica la zona c\u00e9ntrica"},"content":{"rendered":"<p><img src=\"http:\/\/hoycordobaweb.com\/wp-content\/uploads\/2022\/12\/se-presento-microcentro-cuenta-una-iniciativa-que-resignifica-la-zona-centrica.jpg\"><\/p>\n<figure class=\"mb-3\"><img loading=\"lazy\" src=\"http:\/\/hoycordobaweb.com\/wp-content\/uploads\/2022\/12\/se-presento-microcentro-cuenta-una-iniciativa-que-resignifica-la-zona-centrica-2.jpg\" width=\"100%\" height=\"100%\" alt=\"Foto Victoria Egurza\"><figcaption> Foto: Victoria Egurza <\/figcaption><\/figure>\n<p>Con una performance sonora y una muestra fotogr\u00e1fica se adelant\u00f3 lo que ser\u00e1 la primera edici\u00f3n de <strong>\u00abMicrocentro Cuenta\u00bb<\/strong> presentada oficialmente por el ministerio de Cultura porte\u00f1o, que proyecta una serie de activaciones art\u00edsticas, una idea impulsada desde el \u00e1mbito privado, que se desarrollar\u00e1 entre el 2 y el 12 de febrero, en distintos espacios c\u00e9ntricos de la ciudad de Buenos Aires.<\/p>\n<p>La comercial Galer\u00eda Larreta de Florida 971 fue el marco para la presentaci\u00f3n del proyecto nacido a partir de conversaciones entre<strong> Javier Grosman<\/strong>, de la productora Superacci\u00f3n, y el ministro de Cultura porte\u00f1o, <strong>Enrique Avogadro<\/strong>, y a cuya convocatoria accedieron m\u00e1s de 45 espacios culturales p\u00fablicos y privados y m\u00e1s de un centenar de artistas, algunos de los cuales estuvieron presentes para el lanzamiento de \u00abMicrocentro Cuenta\u00bb.<\/p>\n<p>Geogr\u00e1ficamente circunscripto <strong>entre las Avenida Santa Fe y Avenida de Mayo, y Avenida 9 de Julio y El Bajo<\/strong>, el programa tiene el objetivo de \u00abarticular y generar redes propias art\u00edsticas, culturales, sociales y gastron\u00f3micas para conformar agendas comunes interconectadas y potenciar sus desarrollos\u00bb, ofreciendo una \u00abexperiencia integral para quienes viven, visitan y transitan la zona\u00bb, detallaron los impulsores.<\/p>\n<p>Para <strong>Enrique Avogadro<\/strong>, la clave est\u00e1 en el concepto \u00abparticipaci\u00f3n\u00bb que nuclea a \u00abuna serie de instituciones, artistas, y de la propia comunidad\u00bb.<\/p>\n<figure class=\"mb-3\"><img loading=\"lazy\" src=\"http:\/\/hoycordobaweb.com\/wp-content\/uploads\/2022\/12\/se-presento-microcentro-cuenta-una-iniciativa-que-resignifica-la-zona-centrica-3.jpg\" width=\"100%\" height=\"100%\" alt=\"Foto Victoria Egurza\"><figcaption> Foto: Victoria Egurza <\/figcaption><\/figure>\n<p>\u00abEl microcentro est\u00e1 en un proceso de transformaci\u00f3n producto de la pandemia, que <strong>est\u00e1 claro que no va a volver a ser lo que era porque hay cambios en los usos, las costumbres<\/strong>\u00ab, afirm\u00f3 el ministro a T\u00e9lam sobre esa modalidad que lleg\u00f3 para quedarse del trabajo mixto entre remoto y presencial y modific\u00f3 la concurrencia de esa zona porte\u00f1a.<\/p>\n<p>En ese sentido sostuvo que desde el Gobierno de la Ciudad vienen impulsando una serie de iniciativas vinculadas al espacio p\u00fablico, al desarrollo urbano, la gastronom\u00eda y el desarrollo econ\u00f3mico que son los ejes que trabajaron para esta iniciativa.<\/p>\n<p>Avogadro destac\u00f3<strong> \u00abel aporte que hace la cultura a este gran entramado de reflexi\u00f3n y de transformaci\u00f3n de microcentro que lo que hace justamente es movilizar a toda una serie de instituciones\u00bb<\/strong>, porque explic\u00f3 que conocer la historia del lugar y la identidad es una \u00abfortaleza para un proyecto de transformaci\u00f3n\u00bb.<\/p>\n<p>\u00abEn este nuevo microcentro en desarrollo la cultura en un sentido amplio tiene un rol central, no solamente la pol\u00edtica cultural o las acciones culturales, sino a ese reconocimiento al mapa en el cual estamos insertos, de usos, costumbres, de un patrimonio no s\u00f3lo material sino sobre todo inmaterial\u00bb, subray\u00f3.<\/p>\n<p>Adem\u00e1s el funcionario rememor\u00f3: \u00abSaber que enfrente -de la galer\u00eda- tuvimos al Instituto Di Tella -la instituci\u00f3n renovadora de la escena art\u00edstica de los 60- le da una carga de sentido a esta zona\u00bb, y coment\u00f3 su experiencia de visitar \u00ab1000 veces\u00bb las muestras de <strong>Ruth Benzacar<\/strong>.<\/p>\n<p>\u00abEsto es un cuadril\u00e1tero chiquito pero todo el microcentro tiene esta carga simb\u00f3lica. Nosotros trabajamos para que la cultura sea un actor central en este proceso de transformaci\u00f3n porque estamos convencidos que<strong> la cultura construye ciudadan\u00eda<\/strong>\u00ab, finaliz\u00f3.<\/p>\n<p>La gentrificaci\u00f3n positiva es lo que plantea Grosman para un proyecto cristalizado en pandemia y presentado en tiempos de calles vac\u00edas.<\/p>\n<p>En cuanto a la g\u00e9nesis del proyecto, Grosman, gestor y productor cultural, indic\u00f3 que tiene que ver con su historia de vida, \u00abcomo parte de mi construcci\u00f3n identitaria, art\u00edstica, cultural hasta ideol\u00f3gica, este microcentro\u00bb.<\/p>\n<figure class=\"mb-3\"><img loading=\"lazy\" src=\"http:\/\/hoycordobaweb.com\/wp-content\/uploads\/2022\/12\/se-presento-microcentro-cuenta-una-iniciativa-que-resignifica-la-zona-centrica-4.jpg\" width=\"100%\" height=\"100%\" alt=\"Foto Victoria Egurza\"><figcaption> Foto: Victoria Egurza <\/figcaption><\/figure>\n<p>\u00abNosotros empezamos a charlar en su momento con <strong>Andr\u00e9s Buhar<\/strong> (de Arthaus) y con Avogadro sobre que hab\u00eda que empezar a hacer cosas en el microcentro, que exist\u00eda una oportunidad para los creadores, los artistas, para el campo de la cultura en estos procesos de gentrificaci\u00f3n que se est\u00e1n dando, acelerados por la pandemia, acelerados por la gentrificaci\u00f3n de fen\u00f3menos que se est\u00e1n dando en todo el mundo vinculados a los centros urbanos, empezamos a pensar, a trabajar en conjunto con ellos\u00bb, explic\u00f3.<\/p>\n<p>En di\u00e1logo con T\u00e9lam sostuvo que imaginaron, intuyeron este proyecto y se lo plantearon al Gobierno de la Ciudad en abril del 2020. \u00abNos propusimos poner nuestro esfuerzo, recursos y acordamos trabajarlo en conjunto entre el sector p\u00fablico y el sector privado y de las instituciones\u00bb, reconoci\u00f3.<\/p>\n<p>Por otro lado, Grosman consider\u00f3 que lo acertado de esa intuici\u00f3n lo advirtieron en el nivel de convocatoria de artistas e instituciones, que los hizo confirmar que iban \u00abpor el camino camino correcto\u00bb.<\/p>\n<p>En cuanto a la convocatoria de artistas tuvieron la ayuda y experiencia de la Bienal Internacional de Performance que preside la arquitecta Graciela Casab\u00e9, con quien trabajaron muy activamente al principio. \u00abDe hecho la curadur\u00eda general y final tiene su sello. Ella convoc\u00f3 a otros curadores, instituciones y otros artistas y ah\u00ed se fue armando la din\u00e1mica\u00bb, marc\u00f3.<\/p>\n<p>Las propuestas y activaciones art\u00edsticas gratuitas que van desde performances, instalaciones, tapices y murales, intervenciones<strong> urbanas y proyecciones varias hasta conciertos con campanas<\/strong>, podr\u00e1 apreciarse hasta el 12 de febrero siempre a partir de las 18.<\/p>\n<p>La presentaci\u00f3n cont\u00f3 con la performance sonora \u00abCr\u00edpticos e integrados\u00bb, a cargo de Javier Bustos, Sebasti\u00e1n Verea y Fernando Molina, y curadur\u00eda de Espacio Pla, y tambi\u00e9n se inaugur\u00f3 la muestra fotogr\u00e1fica \u00abSonata de cruces posibles\u00bb, un proyecto de la Fototeca Latinoamericana (FOLA) con obras de Gian Paolo Minelli y Rafael Parratoro, y curadur\u00eda de Agustina Rinaldi, que dieron el primer impulso art\u00edstico del programa de febrero.<\/p>\n<p>Algunos de los artistas convocados son <strong>Luciana Acu\u00f1a y Alejo Moguillansky, Mart\u00edn Churba y Guillermo Cameron Mac Lean, Elena Dahn, Hern\u00e1n Marina, Luciana Lamothe, Marcos L\u00f3pez, Ana Groch y Luis Felipe \u00abYuyo\u00bb No\u00e9.<\/strong><\/p>\n<p>Y tambi\u00e9n ser\u00e1n de la partida <strong>Federico Orio, Fernando Rubio, Agustina Sario y Matthieu Perpoint, Marcela Sinclair, Eli Sirlin y Tambor Fantasma -Bruno Lobianco y Oscar Albrieu<\/strong>, entre otros.<\/p>\n<p>Por otro lado, son parte de la iniciativa las fundaciones Federico Jorge Klemm y Luis Felipe No\u00e9, la Alianza Francesa, el Goethe Institute, Arcimboldo Arte Contempor\u00e1neo, el flamante espacio Arthaus, Isla Flotante y otras galer\u00edas, el programa de residencias Urra, la Manzana de las Luces, el Museo Banco Central, y Sagai, la Asociaci\u00f3n de Gesti\u00f3n de Actores Int\u00e9rpretes.<\/p>\n<p>Entre los proyectos participantes habr\u00e1 uno educativo de la Fundaci\u00f3n No\u00e9, <strong>\u00abMicrorrelatos\u00bb,<\/strong> y por otro lado<strong> \u00abYuyo\u00bb<\/strong> tendr\u00e1 en el Banco Macro, el gran sponsor del programa, una muestra de obras de los \u00faltimos a\u00f1os puestas en di\u00e1logo, que se extender\u00e1 hasta abril.<\/p>\n<p>En Klemm, a pocos metros de la galer\u00eda anfitriona, estar\u00e1 el fot\u00f3grafo <strong>Marcos L\u00f3pez<\/strong> quien propone para el 10 de febrero su <strong>\u00abLivings\u00bb<\/strong>, una experiencia de estudio fotogr\u00e1fico con el mobiliario de la fundaci\u00f3n como escenograf\u00eda.<\/p>\n<p>La Alianza Francesa presenta tres proyectos, \u00abLes Manivelles\u00bb, de Mariano Alarc\u00f3n Sturla y Elise Maciol, el<strong> \u00abLady\u00b4s Tango Festival Internacional 2023\u00bb<\/strong>, inspirado y dedicado a todas las mujeres del mundo, y \u00abCin\u00e9t\u00e9 &#8211; ciclo de cine con tem\u00e1tica del verano\u00bb, en un di\u00e1logo entre el cine franc\u00e9s y el argentino.<\/p>\n<p>Mientras que el Goethe-Institut -uno de los indispensables de la \u00e9poca del Di Tella- ofrecer\u00e1 <strong>\u00abEl centro ha muerto, viva el centro\u00bb<\/strong>, una exposici\u00f3n curada por Hern\u00e1n Kacew &amp; L\u00edvia Nolasco-R\u00f3zs\u00e1s, que \u00abrehabita locales vac\u00edos con obras de arte que dialogan con un presente urbano en disputa y un futuro imprevisto\u00bb.<\/p>\n<p>Y por otro lado, el Centro Cultural Paco Urondo de la la Facultad de Filosof\u00eda y Letras de la UBA, ubicado en la calle 25 de Mayo al 200, contar\u00e1 con la intervenci\u00f3n de Tob\u00edas Dirty, a\u00fan en desarrollo, bajo el nombre de <strong>\u00abCombate de susurros\u00bb<\/strong>, una instalaci\u00f3n de sitio espec\u00edfico inspirada en la obra del poeta, periodista y militante Paco Urondo.<\/p>\n<p>Otro tipo de propuesta es el de Mart\u00edn Churba y el arquitecto<strong> Guillermo Cameron<\/strong>, que trabajan juntos por primera vez. Ambos presentan \u00abReparo\u00bb, una intervenci\u00f3n urbana en el Pasaje Tres Sargentos.<\/p>\n<p>\u00abEs una unidad de experimentaci\u00f3n sobre materiales reciclados, tensores que van a ir de lado al lado de la calle creando una especie de reparo, de sombra para una calle que no tiene \u00e1rboles pero que es un oasis en la ciudad en s\u00ed mismo\u00bb, cont\u00f3 el dise\u00f1ador y artista que viene de presentar, con Jessica Trosman, la gran instalaci\u00f3n \u00abHumana\u00bb en la Usina del Arte, con material reciclado de los desperdicios urbanos. Durante enero estar\u00e1n produciendo y realizar\u00e1n el montaje a principios de febrero, dejando la instalaci\u00f3n disponible todos los d\u00edas del evento.<\/p>\n<p>\u00abEl sol castiga y ah\u00ed no hay \u00e1rboles, te dan un reparo para poder utilizar el espacio como un lugar que tiene silencio visual y un poco de sombra a partir de la intervenci\u00f3n que vamos a hacer, con material reciclado\u00bb, describi\u00f3 y remarc\u00f3 Churba. <\/p>\n","protected":false},"excerpt":{"rendered":"<p>Foto: Victoria Egurza Con una performance sonora y una muestra fotogr\u00e1fica se adelant\u00f3 lo que ser\u00e1 la primera edici\u00f3n de \u00abMicrocentro Cuenta\u00bb presentada oficialmente por el ministerio de Cultura porte\u00f1o, que proyecta una serie de activaciones art\u00edsticas, una idea impulsada desde el \u00e1mbito privado, que se desarrollar\u00e1 entre el 2 y el 12 de febrero, [&hellip;]<\/p>\n","protected":false},"author":1,"featured_media":52725,"comment_status":"open","ping_status":"closed","sticky":false,"template":"","format":"standard","meta":[],"categories":[19],"tags":[],"_links":{"self":[{"href":"http:\/\/hoycordobaweb.com\/index.php\/wp-json\/wp\/v2\/posts\/52724"}],"collection":[{"href":"http:\/\/hoycordobaweb.com\/index.php\/wp-json\/wp\/v2\/posts"}],"about":[{"href":"http:\/\/hoycordobaweb.com\/index.php\/wp-json\/wp\/v2\/types\/post"}],"author":[{"embeddable":true,"href":"http:\/\/hoycordobaweb.com\/index.php\/wp-json\/wp\/v2\/users\/1"}],"replies":[{"embeddable":true,"href":"http:\/\/hoycordobaweb.com\/index.php\/wp-json\/wp\/v2\/comments?post=52724"}],"version-history":[{"count":0,"href":"http:\/\/hoycordobaweb.com\/index.php\/wp-json\/wp\/v2\/posts\/52724\/revisions"}],"wp:featuredmedia":[{"embeddable":true,"href":"http:\/\/hoycordobaweb.com\/index.php\/wp-json\/wp\/v2\/media\/52725"}],"wp:attachment":[{"href":"http:\/\/hoycordobaweb.com\/index.php\/wp-json\/wp\/v2\/media?parent=52724"}],"wp:term":[{"taxonomy":"category","embeddable":true,"href":"http:\/\/hoycordobaweb.com\/index.php\/wp-json\/wp\/v2\/categories?post=52724"},{"taxonomy":"post_tag","embeddable":true,"href":"http:\/\/hoycordobaweb.com\/index.php\/wp-json\/wp\/v2\/tags?post=52724"}],"curies":[{"name":"wp","href":"https:\/\/api.w.org\/{rel}","templated":true}]}}