{"id":52698,"date":"2022-12-16T01:58:18","date_gmt":"2022-12-16T01:58:18","guid":{"rendered":"https:\/\/www.ole.com.ar\/mundial\/mundial-qatar-2022\/seleccion-aguero-dj-mariio_0_c57WE7UFRD.html"},"modified":"2022-12-16T01:58:18","modified_gmt":"2022-12-16T01:58:18","slug":"el-fuerte-cruce-del-kun-con-un-youtuber-espanol-que-habia-criticado-a-la-argentina","status":"publish","type":"post","link":"http:\/\/hoycordobaweb.com\/index.php\/2022\/12\/16\/el-fuerte-cruce-del-kun-con-un-youtuber-espanol-que-habia-criticado-a-la-argentina\/","title":{"rendered":"El fuerte cruce del Kun con un youtuber espa\u00f1ol que hab\u00eda criticado a la Argentina"},"content":{"rendered":"<p><img src=\"http:\/\/hoycordobaweb.com\/wp-content\/uploads\/2022\/12\/el-fuerte-cruce-del-kun-con-un-youtuber-espanol-que-habia-criticado-a-la-argentina.jpg\"><\/p>\n<div class=\"custom-text \" readability=\"33.905852417303\">\n<p><strong>Sergio Ag\u00fcero<\/strong> est\u00e1 plenamente activo en sus d\u00edas en Qatar. Va a la cancha,<a href=\"https:\/\/www.ole.com.ar\/mundial\/mundial-qatar-2022\/aguero-penales-arquero-dibumartinez_0_Qe05SeVxRi.html\" target=\"_blank\" data-summari-detected=\"true\" data-summari-has-summary=\"false\" rel=\"noopener noreferrer\"><strong> acompa\u00f1a a la Selecci\u00f3n en los entrenamientos<\/strong><\/a>, la rompe en Twitch,<a href=\"https:\/\/www.ole.com.ar\/seleccion\/messi-kun-aguero-stream-mundial-qatar-papu-gomez_0_nETYKSejJg.html\" target=\"_blank\" data-summari-detected=\"true\" data-summari-has-summary=\"false\" rel=\"noopener noreferrer\"><strong> se divierte con Messi<\/strong><\/a>, participa de programas de televisi\u00f3n y tambi\u00e9n se enoja. Bah, mejor dicho, <strong>se enoj\u00f3 con Dj Mariio en vivo por unos posteos que el youtuber espa\u00f1ol hab\u00eda publicado<\/strong> tras el triunfo de la Argentina frente a Pa\u00edses Bajos.<\/p>\n<\/div>\n<div class=\"sc-e9a69009-0 cjEXLm\" readability=\"6\">\n<section readability=\"2\"><picture><img class=\"img\" src=\"http:\/\/hoycordobaweb.com\/wp-content\/uploads\/2022\/12\/el-fuerte-cruce-del-kun-con-un-youtuber-espanol-que-habia-criticado-a-la-argentina-2.jpg\" alt=\"La iron\u00eda de Ag\u00fcero por un foul de Otamendi a Mbapp\u00e9\" height=\"290\" width=\"290\" loading=\"lazy\"><\/picture>\n<p><span>Mir\u00e1 tambi\u00e9n<\/span><\/p>\n<hr>\n<h3>La iron\u00eda de Ag\u00fcero por un foul de Otamendi a Mbapp\u00e9<\/h3>\n<\/p>\n<\/section>\n<\/div>\n<div class=\"sc-88287e78-0 hmcJvF\">\n<div class=\"sc-88287e78-1 idaaCN videoText\" id=\"contentTitleundefinediDlRHwSX\"><svg fill=\"#ffffff\"><symbol id=\"play\" viewBox=\"0 0 512 512\"><path d=\"M512 256C512 397.4 397.4 512 256 512C114.6 512 0 397.4 0 256C0 114.6 114.6 0 256 0C397.4 0 512 114.6 512 256zM176 168V344C176 352.7 180.7 360.7 188.3 364.9C195.8 369.2 205.1 369 212.5 364.5L356.5 276.5C363.6 272.1 368 264.4 368 256C368 247.6 363.6 239.9 356.5 235.5L212.5 147.5C205.1 142.1 195.8 142.8 188.3 147.1C180.7 151.3 176 159.3 176 168V168z\" \/><\/symbol><use xlink:href=\"#play\" \/><\/svg><\/p>\n<div class=\"right\">\n<p>Ibai Llanos<!-- --> &#8211; <span>15-12-2022<\/span><\/p>\n<h2 class=\"title-vid\">La discusi\u00f3n de Ag\u00fcero con Dj Mariio<\/h2>\n<\/div>\n<\/div>\n<p><span class=\"back\" id=\"spanBackundefinediDlRHwSX\"><\/span><\/div>\n<div class=\"custom-text \" readability=\"38\">\n<p>Dj Mariio hab\u00eda cuestionado a la Selecci\u00f3n por c\u00f3mo festej\u00f3 tras la definici\u00f3n por penales en los cuartos de final. <strong>El Kun le hab\u00eda replicado en redes su posteo (\u00aband\u00e1 a jugar al FIFA, vos\u00bb).<\/strong> Y este jueves se reencontraron en un vivo en un stream en el que tambi\u00e9n estaban, entre otros, Ibai Llanos y Piqu\u00e9.<\/p>\n<\/div>\n<div class=\"sc-e9a69009-0 cjEXLm\" readability=\"6\">\n<section readability=\"2\"><picture><img class=\"img\" src=\"http:\/\/hoycordobaweb.com\/wp-content\/uploads\/2022\/12\/el-fuerte-cruce-del-kun-con-un-youtuber-espanol-que-habia-criticado-a-la-argentina-3.jpg\" alt=\"A un a\u00f1o del retiro del Kun: un d\u00eda dif\u00edcil que se resignific\u00f3 con el tiempo \" height=\"290\" width=\"290\" loading=\"lazy\"><\/picture>\n<p><span>Mir\u00e1 tambi\u00e9n<\/span><\/p>\n<hr>\n<h3>A un a\u00f1o del retiro del Kun: un d\u00eda dif\u00edcil que se resignific\u00f3 con el tiempo <\/h3>\n<\/p>\n<\/section>\n<\/div>\n<div class=\"custom-text \" readability=\"37\">\n<p>\u201cSabemos que ha habido algunas diferencias por culpa del Mundial\u201d, lo picantearon el Kun. Y le recordaron que Dj Mariiio tambi\u00e9n hab\u00eda anticipado que la Argentina perder\u00eda 3-1 ante Croacia. Ag\u00fcero no tard\u00f3 en reaccionar. La tensi\u00f3n fue subiendo hasta que larg\u00f3: <strong>\u201cSi hace pelotudeces, me caliento\u201d.<\/strong><\/p>\n<\/div>\n<div class=\"sc-e9a69009-0 cjEXLm\" readability=\"6.5\">\n<section readability=\"3\"><picture><img class=\"img\" src=\"http:\/\/hoycordobaweb.com\/wp-content\/uploads\/2022\/12\/el-fuerte-cruce-del-kun-con-un-youtuber-espanol-que-habia-criticado-a-la-argentina-4.jpg\" alt=\"Ag\u00fcero se puso los guantes y Dibu le tir\u00f3 un consejo: &quot;Com\u00e9telo, Kuni&quot;\" height=\"290\" width=\"290\" loading=\"lazy\"><\/picture>\n<p><span>Mir\u00e1 tambi\u00e9n<\/span><\/p>\n<hr>\n<h3>Ag\u00fcero se puso los guantes y Dibu le tir\u00f3 un consejo: \u00abCom\u00e9telo, Kuni\u00bb<\/h3>\n<\/p>\n<\/section>\n<\/div>\n<div class=\"custom-text \" readability=\"36\">\n<p>Ninguno de los dos afloj\u00f3. Al contrario, Ag\u00fcero no se guard\u00f3 nada. <strong>\u00abYo lo \u00fanico que dije en el grupo es que me ca\u00e9s para el o&#8230;, pero lo digo ac\u00e1 en la c\u00e1mara tambi\u00e9n\u201d<\/strong>, se descarg\u00f3.<\/p>\n<\/div>\n<p><h2>El Kun fue al entrenamiento de la Selecci\u00f3n<\/h2>\n<\/p>\n<div class=\"custom-text \" readability=\"44\">\n<p>El ex delantero de la Selecci\u00f3n, vestido como un jugador m\u00e1s, sali\u00f3 este jueves al campo de entrenamiento del plantel argentino junto con Otamendi y Paredes. Y luego, se fueron sumando otros de los que arrancaron la semi: Molina, Tagliafico, Juli\u00e1n y Cuti Romero. No es la primera vez, claro, que el Kun est\u00e1 presente con sus ex compa\u00f1eros. En estos \u00faltimos d\u00edas, pr\u00e1cticamente est\u00e1 conviviendo con el plantel. Otro que tambi\u00e9n estuvo presente fue Gio Lo Celso, quien lleg\u00f3 en la previa al choque con Croacia.<\/p>\n<\/div>\n<div class=\"custom-text \" readability=\"43\">\n<p>El Kun, incluso, luego hasta se sac\u00f3 el gusto de entrenarse un ratito solo, bien livianito, pero con la pilcha de la Selecci\u00f3n. En un video que subi\u00f3 Nicol\u00e1s Otamendi en sus redes sociales, al ex delantero se lo ve elongando, y participando realmente como si fuera uno m\u00e1s del plantel en la previa a la final, justo a un a\u00f1o del anuncio de su retiro, por un problema card\u00edaco.<\/p>\n<\/div>\n","protected":false},"excerpt":{"rendered":"<p>Sergio Ag\u00fcero est\u00e1 plenamente activo en sus d\u00edas en Qatar. Va a la cancha, acompa\u00f1a a la Selecci\u00f3n en los entrenamientos, la rompe en Twitch, se divierte con Messi, participa de programas de televisi\u00f3n y tambi\u00e9n se enoja. Bah, mejor dicho, se enoj\u00f3 con Dj Mariio en vivo por unos posteos que el youtuber espa\u00f1ol [&hellip;]<\/p>\n","protected":false},"author":1,"featured_media":52699,"comment_status":"open","ping_status":"closed","sticky":false,"template":"","format":"standard","meta":[],"categories":[16],"tags":[],"_links":{"self":[{"href":"http:\/\/hoycordobaweb.com\/index.php\/wp-json\/wp\/v2\/posts\/52698"}],"collection":[{"href":"http:\/\/hoycordobaweb.com\/index.php\/wp-json\/wp\/v2\/posts"}],"about":[{"href":"http:\/\/hoycordobaweb.com\/index.php\/wp-json\/wp\/v2\/types\/post"}],"author":[{"embeddable":true,"href":"http:\/\/hoycordobaweb.com\/index.php\/wp-json\/wp\/v2\/users\/1"}],"replies":[{"embeddable":true,"href":"http:\/\/hoycordobaweb.com\/index.php\/wp-json\/wp\/v2\/comments?post=52698"}],"version-history":[{"count":0,"href":"http:\/\/hoycordobaweb.com\/index.php\/wp-json\/wp\/v2\/posts\/52698\/revisions"}],"wp:featuredmedia":[{"embeddable":true,"href":"http:\/\/hoycordobaweb.com\/index.php\/wp-json\/wp\/v2\/media\/52699"}],"wp:attachment":[{"href":"http:\/\/hoycordobaweb.com\/index.php\/wp-json\/wp\/v2\/media?parent=52698"}],"wp:term":[{"taxonomy":"category","embeddable":true,"href":"http:\/\/hoycordobaweb.com\/index.php\/wp-json\/wp\/v2\/categories?post=52698"},{"taxonomy":"post_tag","embeddable":true,"href":"http:\/\/hoycordobaweb.com\/index.php\/wp-json\/wp\/v2\/tags?post=52698"}],"curies":[{"name":"wp","href":"https:\/\/api.w.org\/{rel}","templated":true}]}}