{"id":52672,"date":"2022-12-15T23:56:00","date_gmt":"2022-12-15T23:56:00","guid":{"rendered":"http:\/\/hoycordobaweb.com\/index.php\/2022\/12\/15\/messi-en-el-gimnasio-di-maria-a-la-par-y-papu-ausente\/"},"modified":"2022-12-15T23:56:00","modified_gmt":"2022-12-15T23:56:00","slug":"messi-en-el-gimnasio-di-maria-a-la-par-y-papu-ausente","status":"publish","type":"post","link":"http:\/\/hoycordobaweb.com\/index.php\/2022\/12\/15\/messi-en-el-gimnasio-di-maria-a-la-par-y-papu-ausente\/","title":{"rendered":"Messi en el gimnasio, Di Mar\u00eda a la par y \u00abPapu\u00bb ausente"},"content":{"rendered":"<p><img src=\"http:\/\/hoycordobaweb.com\/wp-content\/uploads\/2022\/12\/messi-en-el-gimnasio-di-maria-a-la-par-y-papu-ausente.jpg\"><\/p>\n<figure class=\"mb-3\"><img loading=\"lazy\" src=\"http:\/\/hoycordobaweb.com\/wp-content\/uploads\/2022\/12\/messi-en-el-gimnasio-di-maria-a-la-par-y-papu-ausente-2.jpg\" width=\"100%\" height=\"100%\" alt=\"Sergio Agero y los que jugaron ante Croacia observan la prctica Foto Maximiliano Luna enviado especial \"><figcaption> Sergio Ag\u00fcero y los que jugaron ante Croacia observan la pr\u00e1ctica. Foto Maximiliano Luna, enviado especial <\/figcaption><\/figure>\n<p>El plantel del seleccionado argentino inici\u00f3<strong> la preparaci\u00f3n para la final del Mundial de Qatar 2022 del domingo ante Francia<\/strong> con Lionel Messi y el resto de los titulares en el gimnasio, con \u00c1ngel Di Mar\u00eda a la par, sin Alejandro \u00abPapu\u00bb G\u00f3mez y la visita de Sergio \u00abKun\u00bb Ag\u00fcero.<\/p>\n<p>En los primeros quince minutos abiertos a la prensa del entrenamiento realizado este mediod\u00eda en la Universidad de Qatar, el cuerpo t\u00e9cnico de<strong> Lionel Scaloni<\/strong> guard\u00f3 al capit\u00e1n <strong>Lionel Messi<\/strong> y al resto de los que fueron titulares en la victoria contra Croacia (3-0) y dispuso que inicien la actividad con trabajos de recuperaci\u00f3n en el gimnasio.<\/p>\n<p>Los \u00fanicos que salieron a las dos canchas del predio fueron <strong>\u00c1ngel Di Mar\u00eda<\/strong>, quien realiz\u00f3 los primeros movimientos a la par del resto de los que fueron suplentes en la semifinal ante los croatas.<\/p>\n<p>En este grupo llam\u00f3 la atenci\u00f3n la ausencia de <strong>Alejandro \u00abPapu\u00bb G\u00f3mez<\/strong>, quien sigue con la rehabilitaci\u00f3n del esguince de tobillo que sufri\u00f3 ante Australia.<\/p>\n<p>En el sector de los arqueros tampoco estuvo <strong>Emiliano \u00abDibu\u00bb Mart\u00ednez<\/strong> y los que se ejercitaron junto a<strong> Mart\u00edn Tocalli<\/strong> y <strong>Dami\u00e1n Albil <\/strong>fueron <strong>Ger\u00f3nimo Rulli, Franco Armani<\/strong> y el juvenil <strong>Federico Gomes Gerth<\/strong>.<\/p>\n<p>Sobre el final de la ventana permitida para los medios de comunicaci\u00f3n, desde el vestuario salieron <strong>Sergio \u00abKun\u00bb Ag\u00fcero<\/strong> junto a <strong>Leandro Paredes<\/strong> y <strong>Nicol\u00e1s Otamendi<\/strong>.<\/p>\n<p>Justo cuando se cumpli\u00f3 un a\u00f1o del d\u00eda en el que anunci\u00f3 su retiro del f\u00fatbol por un problema card\u00edaco, el exdelantero de Barcelona, campe\u00f3n de Am\u00e9rica en 2021, pas\u00f3 una vez m\u00e1s por la concentraci\u00f3n \u00abalbiceleste\u00bb para visitar a sus amigos y excompa\u00f1eros en la previa de la gran final del domingo ante el vigente campe\u00f3n del Mundo.<\/p>\n<p>Ag\u00fcero se sent\u00f3 en el banco de suplentes junto a Paredes y Otamendi y luego se uni\u00f3 a la charla el entrenador Lionel Scaloni.<\/p>\n<p>Despu\u00e9s se sumaron a la charla los cordobeses <strong>Juli\u00e1n \u00c1lvarez y Cristian \u00abCuti\u00bb Romero<\/strong>.<\/p>\n<p>Con Francia en el horizonte, <strong>Scaloni deber\u00e1 definir si mantiene el 4-4-2, si vuelve al 4-3-3 con Di Mar\u00eda de arranque o finalmente se inclina por la l\u00ednea de cinco defensores con Lisandro Mart\u00ednez<\/strong>.<\/p>\n<figure class=\"mb-3\"><img loading=\"lazy\" src=\"http:\/\/hoycordobaweb.com\/wp-content\/uploads\/2022\/12\/messi-en-el-gimnasio-di-maria-a-la-par-y-papu-ausente-3.jpg\" width=\"100%\" height=\"100%\" alt=\"Di Mara y Lisandro Martnez en la prctica de la seleccin Foto Maximiliano Luna enviado especial \"><figcaption> Di Mar\u00eda y Lisandro Mart\u00ednez en la pr\u00e1ctica de la selecci\u00f3n. Foto Maximiliano Luna, enviado especial <\/figcaption><\/figure>\n<p>El DT y sus colaboradores Pablo Aimar, Walter Samuel y Roberto Ayala tendr\u00e1n la pr\u00e1ctica de hoy y dos m\u00e1s para resolver estos interrogantes.<\/p>\n<p><strong>La actividad de este viernes ser\u00e1 a puertas cerradas y el s\u00e1bado habr\u00e1 primero conferencia de prensa de Scaloni y un jugador a designar en el Centro de Medios de Doha<\/strong> y luego una pr\u00e1ctica abierta para los medios en los primeros quince minutos.<\/p>\n<figure class=\"mb-3\"><img loading=\"lazy\" src=\"http:\/\/hoycordobaweb.com\/wp-content\/uploads\/2022\/12\/messi-en-el-gimnasio-di-maria-a-la-par-y-papu-ausente-4.jpg\" width=\"100%\" height=\"100%\" alt=\"Pezzella Dybala Di Mara y Foyth en la prctica de la seleccin Foto Maximiliano Luna enviado especial \"><figcaption> Pezzella, Dybala, Di Mar\u00eda y Foyth en la pr\u00e1ctica de la selecci\u00f3n. Foto Maximiliano Luna, enviado especial <\/figcaption><\/figure>\n<p>Por fuera de la actividad del plantel tambi\u00e9n estuvo expectante por la designaci\u00f3n del \u00e1rbitro, hasta el momento de conocerse que el elegido era el polaco <strong>Szymon Marciniak<\/strong>.<\/p>\n<p>El \u00e1rbitro, de 41 a\u00f1os, control\u00f3 el partido de la Argentina contra Australia en octavos de final y con Francia estuvo en la segunda fecha de la fase de grupos durante la victoria sobre Dinamarca (2-1). Una singularidad: <strong>naci\u00f3 un 7 de enero (de 1981), el mismo d\u00eda (pero de 1939) que el brasile\u00f1o Romualdo Arppi Filho, quien fue el que control\u00f3 la final del Mundial de M\u00e9xico 1986<\/strong>.<\/p>\n<p>Cabe destacar que pese a ser un \u00e1rbitro de la UEFA, federaci\u00f3n que nuclea a los europeos, pudo ser elegido por la FIFA para controlar el partido pese a la presencia de Francia. Por caso Argentina ante Polonia fue arbitrado por el neerland\u00e9s Danny Makkelie.<\/p>\n<p>Por su parte la AFA invit\u00f3 a Nicol\u00e1s Gonz\u00e1lez y Joaqu\u00edn Correa para que viajen a Qatar a presenciar la final y as\u00ed junto con Giovani Lo Celso, quien ya est\u00e1 en Doha y de hecho ingres\u00f3 al terreno de juego luego del partido con Croacia, el grupo estar\u00e1 completo con ellos tres que se perdieron la Copa del Mundo por lesi\u00f3n.<\/p>\n<p>La final de la Copa del Mundo se disputar\u00e1 el domingo desde las 12 en el estadio Lusail.<\/p>\n<div class=\"card col-md-10 offset-md-1 mb-4\">\n<h3 class=\"pt-2\">Relacionadas<\/h3>\n<\/p><\/div>\n","protected":false},"excerpt":{"rendered":"<p>Sergio Ag\u00fcero y los que jugaron ante Croacia observan la pr\u00e1ctica. Foto Maximiliano Luna, enviado especial El plantel del seleccionado argentino inici\u00f3 la preparaci\u00f3n para la final del Mundial de Qatar 2022 del domingo ante Francia con Lionel Messi y el resto de los titulares en el gimnasio, con \u00c1ngel Di Mar\u00eda a la par, [&hellip;]<\/p>\n","protected":false},"author":1,"featured_media":52673,"comment_status":"open","ping_status":"closed","sticky":false,"template":"","format":"standard","meta":[],"categories":[16],"tags":[],"_links":{"self":[{"href":"http:\/\/hoycordobaweb.com\/index.php\/wp-json\/wp\/v2\/posts\/52672"}],"collection":[{"href":"http:\/\/hoycordobaweb.com\/index.php\/wp-json\/wp\/v2\/posts"}],"about":[{"href":"http:\/\/hoycordobaweb.com\/index.php\/wp-json\/wp\/v2\/types\/post"}],"author":[{"embeddable":true,"href":"http:\/\/hoycordobaweb.com\/index.php\/wp-json\/wp\/v2\/users\/1"}],"replies":[{"embeddable":true,"href":"http:\/\/hoycordobaweb.com\/index.php\/wp-json\/wp\/v2\/comments?post=52672"}],"version-history":[{"count":0,"href":"http:\/\/hoycordobaweb.com\/index.php\/wp-json\/wp\/v2\/posts\/52672\/revisions"}],"wp:featuredmedia":[{"embeddable":true,"href":"http:\/\/hoycordobaweb.com\/index.php\/wp-json\/wp\/v2\/media\/52673"}],"wp:attachment":[{"href":"http:\/\/hoycordobaweb.com\/index.php\/wp-json\/wp\/v2\/media?parent=52672"}],"wp:term":[{"taxonomy":"category","embeddable":true,"href":"http:\/\/hoycordobaweb.com\/index.php\/wp-json\/wp\/v2\/categories?post=52672"},{"taxonomy":"post_tag","embeddable":true,"href":"http:\/\/hoycordobaweb.com\/index.php\/wp-json\/wp\/v2\/tags?post=52672"}],"curies":[{"name":"wp","href":"https:\/\/api.w.org\/{rel}","templated":true}]}}