{"id":5262,"date":"2020-11-14T23:04:18","date_gmt":"2020-11-14T23:04:18","guid":{"rendered":"https:\/\/ladecimaweb.com\/?p=7335"},"modified":"2020-11-14T23:04:18","modified_gmt":"2020-11-14T23:04:18","slug":"descartado-el-ife-4-el-gobierno-duplicara-la-tarjeta-alimentar-y-analiza-dar-un-bono-en-diciembre","status":"publish","type":"post","link":"http:\/\/hoycordobaweb.com\/index.php\/2020\/11\/14\/descartado-el-ife-4-el-gobierno-duplicara-la-tarjeta-alimentar-y-analiza-dar-un-bono-en-diciembre\/","title":{"rendered":"Descartado el IFE 4, el Gobierno duplicar\u00e1 la tarjeta Alimentar y analiza dar un bono en diciembre"},"content":{"rendered":"<aside class=\"aside-stickyXXX hide-mobile\">\n<div data-asidestickyxx=\"\" data-bannertopxxx=\"85\" data-bannerstartxxx=\"0\">\n<div class=\"entry-share redes-left \"><\/div>\n<\/div>\n<div id=\"lx_660361\" class=\"__lxG__multi __lxG__multi_lx_660361 __lxG__not_empty_block __lx_sticky_1 __lx_sticky_pos_fixed __lx_sticky_moving\" data-cnt=\"1\" data-width=\"160\" data-height=\"600\">\n<div id=\"div-gpt-ad-21953522273-1\" data-google-query-id=\"CN6Xwt-Pg-0CFU8DuQYdW3ULTA\">\n<p id=\"google_ads_iframe_\/45470634\/clickio_area_660361_160x600_0__container__\">La <strong>Administraci\u00f3n Nacional de la Seguridad Social (\u00a0<a href=\"https:\/\/www.baenegocios.com\/tags\/Anses\">Anses<\/a>)<\/strong>\u00a0ya se encuentra delineando lo que ser\u00e1 el calendario de pago de diciembre. Los pr\u00f3ximos haberes ver\u00e1n una multiplicidad de subas por actualizaciones trimestrales, como las<strong>\u00a0jubilaciones y pensiones<\/strong>, al igual que la segunda etapa de aumentos por el\u00a0<strong>nuevo Salario M\u00ednimo, Vital y M\u00f3vil<\/strong>. Tambi\u00e9n se estudia la activaci\u00f3n de un bono extra para los titulares de la\u00a0<strong>Asignaci\u00f3n Universal por Hijo (AUH).\u00a0<\/strong><\/p>\n<\/div>\n<\/div>\n<\/aside>\n<section>\n<div class=\"entry-body title-font\">\n<div id=\"div-gpt-ad-21945943574-1\" data-google-query-id=\"CN2Xwt-Pg-0CFU8DuQYdW3ULTA\">\n<div id=\"google_ads_iframe_\/45470634\/clickio_area_659674_728x90_0__container__\"><strong>Alimentar con refuerzo<\/strong><\/div>\n<\/div>\n<p>El ministro de<strong>\u00a0Desarrollo Social, Daniel Arroyo,\u00a0<\/strong>confirm\u00f3 que la\u00a0<strong>recarga de saldo de la Tarjeta Alimentar<\/strong>\u00a0del programa Argentina contra el Hambre, recibir\u00e1 el\u00a0<strong>doble de los montos habituales.\u00a0<\/strong><\/p>\n<p>Con su fecha de acreditaci\u00f3n en el tercer viernes de cada mes, lo que anticipa que ser\u00e1\u00a0<strong>el pr\u00f3ximo 18 de diciembre<\/strong>, los saldos se duplicar\u00e1n para<strong>\u00a0&#8220;reforzar la cuesti\u00f3n alimentaria&#8221;.<\/strong><\/p>\n<p>De esta manera,\u00a0las madres o padres con un ni\u00f1o o ni\u00f1a menor de 6 a\u00f1os<strong>\u00a0pasar\u00e1n de recibir $4.000 mensuales a $8000<\/strong>,\u00a0y las madres o padres con m\u00e1s de un ni\u00f1o o ni\u00f1a menor de seis a\u00f1os,\u00a0<strong>de $6.000\u00a0a $12.000.<\/strong><\/p>\n<div class=\"ckeditor-em\"><strong>Bono de fin de a\u00f1o<\/strong><\/div>\n<p>Daniel Arroyo anticip\u00f3 adem\u00e1s que desde el Gabinete econ\u00f3mico estudian\u00a0la implementaci\u00f3n de un\u00a0<strong>&#8220;bono de fin de a\u00f1o&#8221;<\/strong>\u00a0para los titulares de la<strong>\u00a0Asignaci\u00f3n Universal por Hijo ( AUH).<\/strong><\/p>\n<div id=\"div-gpt-ad-21945943574-2\" data-google-query-id=\"CN-Xwt-Pg-0CFU8DuQYdW3ULTA\">\n<div id=\"google_ads_iframe_\/45470634\/clickio_area_659674_728x90_1__container__\"><strong>&#8220;Evaluamos la posibilidad de entregar un bono a fin de a\u00f1o&#8221;<\/strong>, se\u00f1al\u00f3\u00a0el funcionario en di\u00e1logo con FM Futurock.<\/div>\n<\/div>\n<p>De esta forma, el haber previsional que se liquida por medio de la\u00a0<a href=\"https:\/\/www.baenegocios.com\/tags\/Anses\">Anses<\/a>\u00a0podr\u00eda sumar una suma extra que en los pr\u00f3ximos d\u00edas estar\u00eda definida.<\/p>\n<p><a href=\"https:\/\/www.baenegocios.com\/tags\/Jubilados%20y%20pensionados\"><strong>Jubilados y pensionados<\/strong><\/a><strong>\u00a0con aumentos<\/strong><\/p>\n<p>El \u00faltimo mes del a\u00f1o tambi\u00e9n ver\u00e1 una<strong>\u00a0nueva\u00a0actualizaci\u00f3n de los haberes jubilatorios y pensiones<\/strong>\u00a0no contributivas. Si bien las subas que se establecieron durante este per\u00edodo se realizaron\u00a0por medio de decretos, diciembre ya podr\u00eda aplicarse la<strong>\u00a0f\u00f3rmula que propuso el Gobierno y que avanza en congreso.\u00a0<\/strong><\/p>\n<p>C\u00f3mo es la nueva f\u00f3rmula de movilidad jubilatoria que propone el Gobierno<\/p>\n<p>Esta nueva f\u00f3rmula propuesta\u00a0<strong>incluye\u00a0tres variables:<\/strong><\/p>\n<ul>\n<li><strong>Salarios:<\/strong>\u00a0variaci\u00f3n semestral del valor de\u00a0<strong>RIPTE.<\/strong><\/li>\n<li><strong>Recaudaci\u00f3n Tributaria:<\/strong>\u00a0variaci\u00f3n interanual del semestre, se encuentra ajustada (dividida) por la cantidad de beneficios.<\/li>\n<li><strong>Recaudaci\u00f3n Total:\u00a0<\/strong>variaci\u00f3n interanual de la recaudaci\u00f3n acumulada de los \u00faltimos 12 meses y se encuentra ajustada (dividida) por la cantidad de beneficios.<\/li>\n<\/ul>\n<p><strong>Los aumentos ser\u00e1n aplicados de manera\u00a0semestral, es decir\u00a0dos veces al a\u00f1o.<\/strong><\/p>\n<p><em>(Con informaci\u00f3n publicada en varios medios porte\u00f1os)<\/em><\/p>\n<div class=\"ubm_banner\"><a href=\"https:\/\/www.cba.gov.ar\/cordoba-rosa-2020\/%20\" target=\"_blank\" rel=\"dofollow noopener noreferrer\"><img src=\"http:\/\/hoycordobaweb.com\/wp-content\/uploads\/2020\/11\/descartado-el-ife-4-el-gobierno-duplicara-la-tarjeta-alimentar-y-analiza-dar-un-bono-en-diciembre.gif\" alt=\"\"><\/a><\/div>\n<\/div>\n<\/section>\n<p>La entrada <a rel=\"nofollow\" href=\"https:\/\/ladecimaweb.com\/descartado-el-ife-4-el-gobierno-duplicara-la-tarjeta-alimentar-y-analiza-dar-un-bono-en-diciembre\/\">Descartado el IFE 4, el Gobierno duplicar\u00e1 la tarjeta Alimentar y analiza dar un bono en diciembre<\/a> se public\u00f3 primero en <a rel=\"nofollow\" href=\"https:\/\/ladecimaweb.com\">LaDecima<\/a>.<\/p>\n","protected":false},"excerpt":{"rendered":"<p>La Administraci\u00f3n Nacional de la Seguridad Social (\u00a0Anses)\u00a0ya se encuentra delineando lo que ser\u00e1 el calendario de pago de diciembre. Los pr\u00f3ximos haberes ver\u00e1n una multiplicidad de subas por actualizaciones trimestrales, como las\u00a0jubilaciones y pensiones, al igual que la segunda etapa de aumentos por el\u00a0nuevo Salario M\u00ednimo, Vital y M\u00f3vil. Tambi\u00e9n se estudia la activaci\u00f3n [&hellip;]<\/p>\n","protected":false},"author":1,"featured_media":5263,"comment_status":"closed","ping_status":"closed","sticky":false,"template":"","format":"standard","meta":[],"categories":[19],"tags":[],"_links":{"self":[{"href":"http:\/\/hoycordobaweb.com\/index.php\/wp-json\/wp\/v2\/posts\/5262"}],"collection":[{"href":"http:\/\/hoycordobaweb.com\/index.php\/wp-json\/wp\/v2\/posts"}],"about":[{"href":"http:\/\/hoycordobaweb.com\/index.php\/wp-json\/wp\/v2\/types\/post"}],"author":[{"embeddable":true,"href":"http:\/\/hoycordobaweb.com\/index.php\/wp-json\/wp\/v2\/users\/1"}],"replies":[{"embeddable":true,"href":"http:\/\/hoycordobaweb.com\/index.php\/wp-json\/wp\/v2\/comments?post=5262"}],"version-history":[{"count":0,"href":"http:\/\/hoycordobaweb.com\/index.php\/wp-json\/wp\/v2\/posts\/5262\/revisions"}],"wp:featuredmedia":[{"embeddable":true,"href":"http:\/\/hoycordobaweb.com\/index.php\/wp-json\/wp\/v2\/media\/5263"}],"wp:attachment":[{"href":"http:\/\/hoycordobaweb.com\/index.php\/wp-json\/wp\/v2\/media?parent=5262"}],"wp:term":[{"taxonomy":"category","embeddable":true,"href":"http:\/\/hoycordobaweb.com\/index.php\/wp-json\/wp\/v2\/categories?post=5262"},{"taxonomy":"post_tag","embeddable":true,"href":"http:\/\/hoycordobaweb.com\/index.php\/wp-json\/wp\/v2\/tags?post=5262"}],"curies":[{"name":"wp","href":"https:\/\/api.w.org\/{rel}","templated":true}]}}