{"id":52608,"date":"2022-12-14T07:21:19","date_gmt":"2022-12-14T07:21:19","guid":{"rendered":"https:\/\/www.mujerhoy.com\/moda\/no-te-pierdas\/nuria-roca-abrigo-chaleco-vaqueros-zara-look-comodo-20221214082025-nt.html"},"modified":"2022-12-14T07:21:19","modified_gmt":"2022-12-14T07:21:19","slug":"abrigo-tipo-chaleco-camisa-de-cuadros-y-vaqueros-de-zara-el-look-comodo-y-perfecto-para-el-dia-a-dia-de-nuria-roca","status":"publish","type":"post","link":"http:\/\/hoycordobaweb.com\/index.php\/2022\/12\/14\/abrigo-tipo-chaleco-camisa-de-cuadros-y-vaqueros-de-zara-el-look-comodo-y-perfecto-para-el-dia-a-dia-de-nuria-roca\/","title":{"rendered":"Abrigo tipo chaleco, camisa de cuadros y vaqueros de Zara: el look c\u00f3modo y perfecto para el d\u00eda a d\u00eda de Nuria Roca"},"content":{"rendered":"<p><!-- AUTHOR --><\/p>\n<div class=\"voc-author-timesocial \"><!-- AUTHOR --><\/p>\n<div class=\"voc-author-timesocial__signature\"><!-- IMAGE AUTHOR --><picture class=\"voc-image-signature\"><img class=\"voc-image-signature__img\" src=\"http:\/\/hoycordobaweb.com\/wp-content\/uploads\/2022\/12\/abrigo-tipo-chaleco-camisa-de-cuadros-y-vaqueros-de-zara-el-look-comodo-y-perfecto-para-el-dia-a-dia-de-nuria-roca.jpg\" alt=\"Raquel Rodr\u00edguez\"><\/picture><!-- INFO AUTHOR --><\/div>\n<\/div>\n<p><!-- COMPONENTS --><\/p>\n<p class=\"voc-paragraph\">Entre las propuestas de looks para el invierno que est\u00e1n haciendo nuestras influencer y famosas favoritas, tenemos que incluir la de <strong>Nuria Roca<\/strong>. La presentadora ha compartido un estilismo con prendas f\u00e1ciles de copiar que es una buen\u00edsima idea para ir calentita, c\u00f3moda y estilosa. Y no hablamos de<br \/>\n<a data-voc-vtm-id=\"in-text-traffic\" href=\"https:\/\/www.mujerhoy.com\/moda\/no-te-pierdas\/nuria-roca-falda-negra-midi-mango-20221212110103-nt.html\"> la falda de Mango<\/a> que ha llevado en &#8216;El Hormiguero&#8217;, sino de un outfit m\u00e1s casual.\n<\/p>\n<p class=\"voc-paragraph\">Nuria Roca ha estado unos d\u00edas de confinamiento despu\u00e9s de haber pasado de nuevo el coronavirus La tambi\u00e9n escritora ha tenido que encerrarse en casa con s\u00edntomas fuertes y ausentarse de su trabajo. Sin embargo, ya ha vuelto a la carga despu\u00e9s de haberse recuperado.\n<\/p>\n<p class=\"voc-paragraph\">Y as\u00ed lo ha querido anunciar en su perfil de Instagram. Nuria Roca ha querido compartir con sus seguidores su regreso. \u00abPues ya estoy mejor!\u00bb, ha escrito en su cuenta social. \u00abY como estos d\u00edas he estado muy poco activa aqu\u00ed os dejo una retah\u00edla\u00bb, coment\u00f3 refiri\u00e9ndos a las fotograf\u00edas publicadas.\n<\/p>\n<div class=\"voc-detail-photo-zoom\"><picture data-toggle=\"modal\" data-target=\"#photoZoomModal-42\" target=\"modal\">\n<div class=\"voc-img-icon-link\"><img loading=\"lazy\" data-original=\"\/\/static3.mujerhoy.com\/www\/multimedia\/202212\/12\/media\/cortadas\/nuria-roca-chaleco-kh0F--460x637@MujerHoy.jpg\" class=\"lazy\" alt=\"Nuria Roca ense\u00f1a su look en el espejo de su casa. \"><noscript><img src=\"http:\/\/hoycordobaweb.com\/wp-content\/uploads\/2022\/12\/abrigo-tipo-chaleco-camisa-de-cuadros-y-vaqueros-de-zara-el-look-comodo-y-perfecto-para-el-dia-a-dia-de-nuria-roca-1.jpg\" alt=\"Nuria Roca ense\u00f1a su look en el espejo de su casa. \"><\/noscript><i class=\"voc-icons zoom voc-multimedia-box voc-ico-l\"><\/i><\/div><figcaption class=\"figure-caption\">Nuria Roca ense\u00f1a su look en el espejo de su casa. <\/figcaption><\/picture><\/div>\n<div id=\"photoZoomModal-42\" class=\"voc-lightbox modal fade voc-lightbox--photo-zoom\" role=\"dialog\" data-voc-photozoom-lightbox>\n<div class=\"voc-lightbox__dialog\" role=\"document\">\n<div class=\"voc-lightbox__content\"><!-- Modal header --><!-- Modal content --><\/p>\n<div class=\"voc-lightbox__photo-container\"><picture class><img loading=\"lazy\" data-original=\"\/\/static3.mujerhoy.com\/www\/multimedia\/202212\/12\/media\/cortadas\/nuria-roca-chaleco-kh0F--460x637@MujerHoy.jpg\" alt=\"Nuria Roca ense\u00f1a su look en el espejo de su casa. \" class=\"lazy\"><noscript><img src=\"http:\/\/hoycordobaweb.com\/wp-content\/uploads\/2022\/12\/abrigo-tipo-chaleco-camisa-de-cuadros-y-vaqueros-de-zara-el-look-comodo-y-perfecto-para-el-dia-a-dia-de-nuria-roca-1.jpg\" alt=\"Nuria Roca ense\u00f1a su look en el espejo de su casa. \"><\/noscript><\/picture><\/div>\n<\/div>\n<\/div>\n<\/div>\n<p class=\"voc-paragraph\">La presentadora comparti\u00f3 varias im\u00e1genes en las que, adem\u00e1s de verla muy sonriente y con buen aspecto tras haber pasado la enfermedad, ense\u00f1aba los detalles del look escogido para la vuelta al trabajo. Y s\u00ed, es una combinaci\u00f3n que nos encanta.\n<\/p>\n<p class=\"voc-paragraph\">El estilismo de Nuria est\u00e1 protagonizado por una prenda que es perfecta para el iniverno porque permite aportar un toque original y diferente al look, pero sin perder la sensaci\u00f3n de ir c\u00f3modo y calentita. Y se trata de un <strong>chaleco <\/strong>tipo sastre largo.\n<\/p>\n<p class=\"voc-paragraph\">El que lleva la presentadora es un modelo de <strong>Sandro<\/strong>, una de nuestras firmas francesas favoritas, y tiene un dise\u00f1o de pa\u00f1o con cuello solapa grande, manga sisa, fit recto y largo por la rodilla. Es de color camel y la mala noticia es que es una pieza de temporadas pasadas que ya no se encuentra disponible.\n<\/p>\n<div class=\"voc-detail-photo-zoom\"><picture data-toggle=\"modal\" data-target=\"#photoZoomModal-573\" target=\"modal\">\n<div class=\"voc-img-icon-link\"><img loading=\"lazy\" data-original=\"\/\/static2.mujerhoy.com\/www\/multimedia\/202212\/12\/media\/cortadas\/nuria-roca-look-rejuvenecedor-kh0F--460x637@MujerHoy.jpg\" class=\"lazy\" alt=\"Nuria Roca luce unos vaqueros de Zara.\"><noscript><img src=\"http:\/\/hoycordobaweb.com\/wp-content\/uploads\/2022\/12\/abrigo-tipo-chaleco-camisa-de-cuadros-y-vaqueros-de-zara-el-look-comodo-y-perfecto-para-el-dia-a-dia-de-nuria-roca-2.jpg\" alt=\"Nuria Roca luce unos vaqueros de Zara.\"><\/noscript><i class=\"voc-icons zoom voc-multimedia-box voc-ico-l\"><\/i><\/div><figcaption class=\"figure-caption\">Nuria Roca luce unos vaqueros de Zara.<\/figcaption><\/picture><\/div>\n<div id=\"photoZoomModal-573\" class=\"voc-lightbox modal fade voc-lightbox--photo-zoom\" role=\"dialog\" data-voc-photozoom-lightbox>\n<div class=\"voc-lightbox__dialog\" role=\"document\">\n<div class=\"voc-lightbox__content\"><!-- Modal header --><!-- Modal content --><\/p>\n<div class=\"voc-lightbox__photo-container\"><picture class><img loading=\"lazy\" data-original=\"\/\/static2.mujerhoy.com\/www\/multimedia\/202212\/12\/media\/cortadas\/nuria-roca-look-rejuvenecedor-kh0F--460x637@MujerHoy.jpg\" alt=\"Nuria Roca luce unos vaqueros de Zara.\" class=\"lazy\"><noscript><img src=\"http:\/\/hoycordobaweb.com\/wp-content\/uploads\/2022\/12\/abrigo-tipo-chaleco-camisa-de-cuadros-y-vaqueros-de-zara-el-look-comodo-y-perfecto-para-el-dia-a-dia-de-nuria-roca-2.jpg\" alt=\"Nuria Roca luce unos vaqueros de Zara.\"><\/noscript><\/picture><\/div>\n<\/div>\n<\/div>\n<\/div>\n<p class=\"voc-paragraph\">La buena es que es una prenda que puedes copiar f\u00e1cilmente en otras tiendas. De hecho, es un b\u00e1sico que aparece temporada tras temporada y que puedes comprar en un sinf\u00edn de versiones con colores, dise\u00f1os, tejidos y materiales diferentes.\n<\/p>\n<p class=\"voc-paragraph\">Y el m\u00e1s parecido que hemos encontrado est\u00e1 en <strong>Roberto Verino<\/strong>. Es un chaleco largo en pa\u00f1o c\u00e1mel que tiene el cuello solapa, un corte lateral con bolsillos insertados y el cierre cruzado con botonadura oculta. Y lopuedes encontrar en la web de la firma poe 240 euros.\n<\/p>\n<div class=\"voc-detail__cmp\" readability=\"6.5\">\n<div class=\"voc-photo-combo-three fw-xs\" readability=\"8\">\n<p class=\"figure-caption\"><span class=\"voc-photo-caption\">El chaleco de Roberto Verino, la camisa de Sess\u00f9n y los vaqueros de Zara.<\/span><span class=\"voc-photo-author\"><\/span><\/p>\n<\/div>\n<\/div>\n<p class=\"voc-paragraph\">Una prenda ideal que Carmen combin\u00f3 con una camisa de cuadros. En concreto, escogi\u00f3 este dise\u00f1o en azul y camel de <strong>Sess\u00f9n <\/strong>y que puedes comprar por 145 euros. Por \u00faltimo, a\u00f1adi\u00f3 unos pantalones vaqueros de <strong>Zara <\/strong>con el bajo acampanado y que cuestan 25,95 euros y unos botines. \u00a1Ideal!\n<\/p>\n<p><!-- TOPICS --><\/p>\n","protected":false},"excerpt":{"rendered":"<p>Entre las propuestas de looks para el invierno que est\u00e1n haciendo nuestras influencer y famosas favoritas, tenemos que incluir la de Nuria Roca. La presentadora ha compartido un estilismo con prendas f\u00e1ciles de copiar que es una buen\u00edsima idea para ir calentita, c\u00f3moda y estilosa. Y no hablamos de la falda de Mango que ha [&hellip;]<\/p>\n","protected":false},"author":1,"featured_media":52609,"comment_status":"closed","ping_status":"closed","sticky":false,"template":"","format":"standard","meta":[],"categories":[1],"tags":[],"_links":{"self":[{"href":"http:\/\/hoycordobaweb.com\/index.php\/wp-json\/wp\/v2\/posts\/52608"}],"collection":[{"href":"http:\/\/hoycordobaweb.com\/index.php\/wp-json\/wp\/v2\/posts"}],"about":[{"href":"http:\/\/hoycordobaweb.com\/index.php\/wp-json\/wp\/v2\/types\/post"}],"author":[{"embeddable":true,"href":"http:\/\/hoycordobaweb.com\/index.php\/wp-json\/wp\/v2\/users\/1"}],"replies":[{"embeddable":true,"href":"http:\/\/hoycordobaweb.com\/index.php\/wp-json\/wp\/v2\/comments?post=52608"}],"version-history":[{"count":0,"href":"http:\/\/hoycordobaweb.com\/index.php\/wp-json\/wp\/v2\/posts\/52608\/revisions"}],"wp:featuredmedia":[{"embeddable":true,"href":"http:\/\/hoycordobaweb.com\/index.php\/wp-json\/wp\/v2\/media\/52609"}],"wp:attachment":[{"href":"http:\/\/hoycordobaweb.com\/index.php\/wp-json\/wp\/v2\/media?parent=52608"}],"wp:term":[{"taxonomy":"category","embeddable":true,"href":"http:\/\/hoycordobaweb.com\/index.php\/wp-json\/wp\/v2\/categories?post=52608"},{"taxonomy":"post_tag","embeddable":true,"href":"http:\/\/hoycordobaweb.com\/index.php\/wp-json\/wp\/v2\/tags?post=52608"}],"curies":[{"name":"wp","href":"https:\/\/api.w.org\/{rel}","templated":true}]}}