{"id":52604,"date":"2022-12-13T16:57:12","date_gmt":"2022-12-13T16:57:12","guid":{"rendered":"https:\/\/www.ole.com.ar\/futbol-internacional\/inglaterra\/declaracion-padre-haaland-duda-manchester-city-guardiola_0_O8BLNwMUTp.html"},"modified":"2022-12-13T16:57:12","modified_gmt":"2022-12-13T16:57:12","slug":"la-declaracion-del-padre-de-haaland-que-encendio-las-alarmas-en-el-city","status":"publish","type":"post","link":"http:\/\/hoycordobaweb.com\/index.php\/2022\/12\/13\/la-declaracion-del-padre-de-haaland-que-encendio-las-alarmas-en-el-city\/","title":{"rendered":"La declaraci\u00f3n del padre de Haaland que encendi\u00f3 las alarmas en el City"},"content":{"rendered":"<p><img src=\"http:\/\/hoycordobaweb.com\/wp-content\/uploads\/2022\/12\/la-declaracion-del-padre-de-haaland-que-encendio-las-alarmas-en-el-city.jpg\"><\/p>\n<div class=\"custom-text \" readability=\"32.533333333333\">\n<p>Hasta aqu\u00ed, la temporada de <a href=\"https:\/\/www.ole.com.ar\/tema\/erling-haaland.html\" title=\"Erling Haaland\" alt=\"Erling Haaland\" class=\"slug\"><strong>Erling Haaland<\/strong><\/a> en el <a href=\"https:\/\/www.ole.com.ar\/tema\/manchester-city.html\" title=\"Manchester City\" alt=\"Manchester City\" class=\"slug\"><strong>Manchester City<\/strong><\/a> ha sido magn\u00edfica. Desde su presentaci\u00f3n en agosto de este a\u00f1o, cuando lleg\u00f3 proveniente del <a href=\"https:\/\/www.ole.com.ar\/tema\/borussia-dortmund.html\" title=\"Borussia Dortmund\" alt=\"Borussia Dortmund\" class=\"slug\"><strong>Borussia Dortmund<\/strong><\/a> a cambio de 60 millones de euros, <strong>el delantero disput\u00f3 18 partidos marcando \u00a123 goles!<\/strong> Adem\u00e1s, es el m\u00e1ximo artillero de la <a href=\"https:\/\/www.ole.com.ar\/tema\/premier-league.html\" title=\"Premier League\" alt=\"Premier League\" class=\"slug\"><strong>Premier League<\/strong><\/a>, con seis tantos de ventaja del escolta <a href=\"https:\/\/www.ole.com.ar\/tema\/harry-kane.html\" title=\"Harry Kane\" alt=\"Harry Kane\" class=\"slug\"><strong>Harry Kane<\/strong><\/a>.<\/p>\n<\/div>\n<div class=\"sc-e9a69009-0 cjEXLm\" readability=\"6.5\">\n<section readability=\"3\"><picture><img class=\"img\" src=\"http:\/\/hoycordobaweb.com\/wp-content\/uploads\/2022\/12\/la-declaracion-del-padre-de-haaland-que-encendio-las-alarmas-en-el-city-2.jpg\" alt=\"Ins\u00f3lito: un empresario ingl\u00e9s compr\u00f3 18.000 camisetas que dec\u00edan 'Inglaterra campe\u00f3n'\" height=\"290\" width=\"290\" loading=\"lazy\"><\/picture>\n<p><span>Mir\u00e1 tambi\u00e9n<\/span><\/p>\n<hr>\n<h3>Ins\u00f3lito: un empresario ingl\u00e9s compr\u00f3 18.000 camisetas que dec\u00edan &#8216;Inglaterra campe\u00f3n&#8217;<\/h3>\n<\/p>\n<\/section>\n<\/div>\n<div class=\"sc-b8e659bf-0 gCuBvW\"><img alt=\"Gran comienzo de temporada de Haaland.\" srcset=\"http:\/\/hoycordobaweb.com\/wp-content\/uploads\/2022\/12\/la-declaracion-del-padre-de-haaland-que-encendio-las-alarmas-en-el-city-3.jpg 1x, http:\/\/hoycordobaweb.com\/wp-content\/uploads\/2022\/12\/la-declaracion-del-padre-de-haaland-que-encendio-las-alarmas-en-el-city-3.jpg 2x\" src=\"http:\/\/hoycordobaweb.com\/wp-content\/uploads\/2022\/12\/la-declaracion-del-padre-de-haaland-que-encendio-las-alarmas-en-el-city-3.jpg\" width=\"720\" height=\"0\" decoding=\"async\" data-nimg=\"future\" loading=\"lazy\"><span>Gran comienzo de temporada de Haaland.<\/span><\/div>\n<div class=\"custom-text \" readability=\"38\">\n<p>Los fan\u00e1ticos de los Citizens ya sue\u00f1an con lograr grandes conquistas con el gigante noruego. Sin embargo, el padre del futbolista coment\u00f3 que su etapa en Inglaterra puede ser m\u00e1s corta de lo que se espera. En una entrevista con el medio DAZN, <strong>Alf-Inge Haaland analiz\u00f3 el presente de su hijo en el City, pero lo proyect\u00f3 jugando en otras ligas.<\/strong><\/p>\n<\/div>\n<div class=\"sc-b8e659bf-0 gCuBvW\"><img alt=\"Guardiola, entrenador del Manchester City.\" srcset=\"http:\/\/hoycordobaweb.com\/wp-content\/uploads\/2022\/12\/la-declaracion-del-padre-de-haaland-que-encendio-las-alarmas-en-el-city-4.jpg 1x, http:\/\/hoycordobaweb.com\/wp-content\/uploads\/2022\/12\/la-declaracion-del-padre-de-haaland-que-encendio-las-alarmas-en-el-city-4.jpg 2x\" src=\"http:\/\/hoycordobaweb.com\/wp-content\/uploads\/2022\/12\/la-declaracion-del-padre-de-haaland-que-encendio-las-alarmas-en-el-city-4.jpg\" width=\"720\" height=\"0\" decoding=\"async\" data-nimg=\"future\" loading=\"lazy\"><span>Guardiola, entrenador del Manchester City.<\/span><\/div>\n<div class=\"custom-text \" readability=\"37\">\n<p>\u00ab<strong>La impresi\u00f3n que tengo es que quiere demostrar que puede ganar en cualquier liga superior<\/strong>. Pas\u00f3 dos a\u00f1os y medio en Alemania y podr\u00eda hacer algo as\u00ed en el futuro: <strong>permanecer tres a\u00f1os en la Premier League y luego ir a Italia, Espa\u00f1a o Francia<\/strong>\u00ab, sostuvo el ex jugador del Leeds, entre otros.<\/p>\n<\/div>\n<div class=\"sc-e9a69009-0 cjEXLm\" readability=\"6\">\n<section readability=\"2\"><picture><img class=\"img\" src=\"http:\/\/hoycordobaweb.com\/wp-content\/uploads\/2022\/12\/la-declaracion-del-padre-de-haaland-que-encendio-las-alarmas-en-el-city-5.jpg\" alt=\"Caf\u00fa no da a Argentina como favorita para ganar el Mundial\" height=\"290\" width=\"290\" loading=\"lazy\"><\/picture>\n<p><span>Mir\u00e1 tambi\u00e9n<\/span><\/p>\n<hr>\n<h3>Caf\u00fa no da a Argentina como favorita para ganar el Mundial<\/h3>\n<\/p>\n<\/section>\n<\/div>\n<div class=\"sc-b8e659bf-0 gCuBvW\"><img alt=\"El padre de Haaland en su etapa en el City.\" srcset=\"http:\/\/hoycordobaweb.com\/wp-content\/uploads\/2022\/12\/la-declaracion-del-padre-de-haaland-que-encendio-las-alarmas-en-el-city-6.jpg 1x, http:\/\/hoycordobaweb.com\/wp-content\/uploads\/2022\/12\/la-declaracion-del-padre-de-haaland-que-encendio-las-alarmas-en-el-city-6.jpg 2x\" src=\"http:\/\/hoycordobaweb.com\/wp-content\/uploads\/2022\/12\/la-declaracion-del-padre-de-haaland-que-encendio-las-alarmas-en-el-city-6.jpg\" width=\"720\" height=\"0\" decoding=\"async\" data-nimg=\"future\" loading=\"lazy\"><span>El padre de Haaland en su etapa en el City.<\/span><\/div>\n<div class=\"custom-text \" readability=\"36.848484848485\">\n<p>Pese a la bomba que acaba de tirar, el pap\u00e1 de Haaland recul\u00f3 su respuesta y baj\u00f3 un tono. \u00abTodav\u00eda no est\u00e1 nada decidido, pero es<strong> una posibilidad porque quiere ganar en cualquier equipo. Pero tambi\u00e9n puede quedarse en el Manchester City 15 a\u00f1os porque est\u00e1 feliz<\/strong> y estamos hablando de un gran club\u00bb, a\u00f1adi\u00f3. Cabe resaltar que <strong>el atacante de 22 a\u00f1os firm\u00f3 contrato hasta 2027 con el conjunto que dirige <\/strong><a href=\"https:\/\/www.ole.com.ar\/tema\/pep-guardiola.html\" title=\"Pep Guardiola\" alt=\"Pep Guardiola\" class=\"slug\"><strong>Pep Guardiola<\/strong><\/a>.<\/p>\n<\/div>\n<p><h2><strong>CUANDO VUELVE A JUGAR EL CITY<\/strong><\/h2>\n<\/p>\n<div class=\"custom-text \" readability=\"36.60736196319\">\n<p>Con la llegada del <a href=\"https:\/\/www.ole.com.ar\/tema\/mundial-de-qatar-2022.html\" title=\"Mundial de Qatar 2022\" alt=\"Mundial de Qatar 2022\" class=\"slug\"><strong>Mundial de Qatar 2022<\/strong><\/a>, la mayor\u00eda de las ligas alrededor del mundo pararon su actividad, y la Premier League no fue la excepci\u00f3n. Los futbolistas del Manchester City (incluido Erling Haaland) regresaron esta semana a las pr\u00e1cticas bajo las \u00f3rdenes de del entrenador y <strong>se preparan para disputar un amistoso contra Girona, el pr\u00f3ximo s\u00e1bado<\/strong>. Volver\u00e1 a las competencias oficiales el 22 de diciembre, cuando se enfrente al <a href=\"https:\/\/www.ole.com.ar\/tema\/liverpool.html\" title=\"Liverpool\" alt=\"Liverpool\" class=\"slug\"><strong>Liverpool<\/strong><\/a> por los octavos de la Carabao Cup.<\/p>\n<\/div>\n<div class=\"sc-e9a69009-0 cjEXLm\" readability=\"6.5\">\n<section readability=\"3\"><picture><img class=\"img\" src=\"http:\/\/hoycordobaweb.com\/wp-content\/uploads\/2022\/12\/la-declaracion-del-padre-de-haaland-que-encendio-las-alarmas-en-el-city-7.jpg\" alt=\"Con Paredes, los 11 de la Selecci\u00f3n para la semi\" height=\"290\" width=\"290\" loading=\"lazy\"><\/picture>\n<p><span>Mir\u00e1 tambi\u00e9n<\/span><\/p>\n<hr>\n<h3>Con Paredes, los 11 de la Selecci\u00f3n para la semi<\/h3>\n<\/p>\n<\/section>\n<\/div>\n<div class=\"sc-b8e659bf-0 gCuBvW\"><img alt=\"Haaland regres\u00f3 a los entrenamientos con el City.\" srcset=\"http:\/\/hoycordobaweb.com\/wp-content\/uploads\/2022\/12\/la-declaracion-del-padre-de-haaland-que-encendio-las-alarmas-en-el-city-8.jpg 1x, http:\/\/hoycordobaweb.com\/wp-content\/uploads\/2022\/12\/la-declaracion-del-padre-de-haaland-que-encendio-las-alarmas-en-el-city-8.jpg 2x\" src=\"http:\/\/hoycordobaweb.com\/wp-content\/uploads\/2022\/12\/la-declaracion-del-padre-de-haaland-que-encendio-las-alarmas-en-el-city-8.jpg\" width=\"720\" height=\"0\" decoding=\"async\" data-nimg=\"future\" loading=\"lazy\"><span>Haaland regres\u00f3 a los entrenamientos con el City.<\/span><\/div>\n<div class=\"sc-e9a69009-0 cjEXLm\" readability=\"6\">\n<section readability=\"2\"><picture><img class=\"img\" src=\"http:\/\/hoycordobaweb.com\/wp-content\/uploads\/2022\/12\/la-declaracion-del-padre-de-haaland-que-encendio-las-alarmas-en-el-city-9.jpg\" alt=\"\u00bfDoble comando? Portugal quiere a Mourinho y acepta que a la vez siga en la Roma\" height=\"290\" width=\"290\" loading=\"lazy\"><\/picture>\n<p><span>Mir\u00e1 tambi\u00e9n<\/span><\/p>\n<hr>\n<h3>\u00bfDoble comando? Portugal quiere a Mourinho y acepta que a la vez siga en la Roma<\/h3>\n<\/p>\n<\/section>\n<\/div>\n","protected":false},"excerpt":{"rendered":"<p>Hasta aqu\u00ed, la temporada de Erling Haaland en el Manchester City ha sido magn\u00edfica. Desde su presentaci\u00f3n en agosto de este a\u00f1o, cuando lleg\u00f3 proveniente del Borussia Dortmund a cambio de 60 millones de euros, el delantero disput\u00f3 18 partidos marcando \u00a123 goles! Adem\u00e1s, es el m\u00e1ximo artillero de la Premier League, con seis tantos [&hellip;]<\/p>\n","protected":false},"author":1,"featured_media":52605,"comment_status":"open","ping_status":"closed","sticky":false,"template":"","format":"standard","meta":[],"categories":[16],"tags":[],"_links":{"self":[{"href":"http:\/\/hoycordobaweb.com\/index.php\/wp-json\/wp\/v2\/posts\/52604"}],"collection":[{"href":"http:\/\/hoycordobaweb.com\/index.php\/wp-json\/wp\/v2\/posts"}],"about":[{"href":"http:\/\/hoycordobaweb.com\/index.php\/wp-json\/wp\/v2\/types\/post"}],"author":[{"embeddable":true,"href":"http:\/\/hoycordobaweb.com\/index.php\/wp-json\/wp\/v2\/users\/1"}],"replies":[{"embeddable":true,"href":"http:\/\/hoycordobaweb.com\/index.php\/wp-json\/wp\/v2\/comments?post=52604"}],"version-history":[{"count":0,"href":"http:\/\/hoycordobaweb.com\/index.php\/wp-json\/wp\/v2\/posts\/52604\/revisions"}],"wp:featuredmedia":[{"embeddable":true,"href":"http:\/\/hoycordobaweb.com\/index.php\/wp-json\/wp\/v2\/media\/52605"}],"wp:attachment":[{"href":"http:\/\/hoycordobaweb.com\/index.php\/wp-json\/wp\/v2\/media?parent=52604"}],"wp:term":[{"taxonomy":"category","embeddable":true,"href":"http:\/\/hoycordobaweb.com\/index.php\/wp-json\/wp\/v2\/categories?post=52604"},{"taxonomy":"post_tag","embeddable":true,"href":"http:\/\/hoycordobaweb.com\/index.php\/wp-json\/wp\/v2\/tags?post=52604"}],"curies":[{"name":"wp","href":"https:\/\/api.w.org\/{rel}","templated":true}]}}