{"id":5257,"date":"2020-11-15T03:44:57","date_gmt":"2020-11-15T03:44:57","guid":{"rendered":"http:\/\/hoycordobaweb.com\/index.php\/2020\/11\/15\/horacio-calcaterra-es-convocado-a-la-seleccion-peruana-pra-enfrentar-a-argentina\/"},"modified":"2020-11-15T03:44:57","modified_gmt":"2020-11-15T03:44:57","slug":"horacio-calcaterra-es-convocado-a-la-seleccion-peruana-pra-enfrentar-a-argentina","status":"publish","type":"post","link":"http:\/\/hoycordobaweb.com\/index.php\/2020\/11\/15\/horacio-calcaterra-es-convocado-a-la-seleccion-peruana-pra-enfrentar-a-argentina\/","title":{"rendered":"Horacio Calcaterra es convocado a la Selecci\u00f3n Peruana pra enfrentar a <b>Argentina<\/b>"},"content":{"rendered":"<p>Esta no es la primera vez que el jugador <b>argentino<\/b>, nacionalizado peruano, se enfundar\u00e1 la casaquilla de la Selecci\u00f3n Peruana, ya que en m\u00e1s de&nbsp;&#8230; <\/p>\n","protected":false},"excerpt":{"rendered":"<p>Esta no es la primera vez que el jugador argentino, nacionalizado peruano, se enfundar\u00e1 la casaquilla de la Selecci\u00f3n Peruana, ya que en m\u00e1s de&nbsp;&#8230;<\/p>\n","protected":false},"author":1,"featured_media":0,"comment_status":"closed","ping_status":"closed","sticky":false,"template":"","format":"standard","meta":[],"categories":[22],"tags":[],"_links":{"self":[{"href":"http:\/\/hoycordobaweb.com\/index.php\/wp-json\/wp\/v2\/posts\/5257"}],"collection":[{"href":"http:\/\/hoycordobaweb.com\/index.php\/wp-json\/wp\/v2\/posts"}],"about":[{"href":"http:\/\/hoycordobaweb.com\/index.php\/wp-json\/wp\/v2\/types\/post"}],"author":[{"embeddable":true,"href":"http:\/\/hoycordobaweb.com\/index.php\/wp-json\/wp\/v2\/users\/1"}],"replies":[{"embeddable":true,"href":"http:\/\/hoycordobaweb.com\/index.php\/wp-json\/wp\/v2\/comments?post=5257"}],"version-history":[{"count":0,"href":"http:\/\/hoycordobaweb.com\/index.php\/wp-json\/wp\/v2\/posts\/5257\/revisions"}],"wp:attachment":[{"href":"http:\/\/hoycordobaweb.com\/index.php\/wp-json\/wp\/v2\/media?parent=5257"}],"wp:term":[{"taxonomy":"category","embeddable":true,"href":"http:\/\/hoycordobaweb.com\/index.php\/wp-json\/wp\/v2\/categories?post=5257"},{"taxonomy":"post_tag","embeddable":true,"href":"http:\/\/hoycordobaweb.com\/index.php\/wp-json\/wp\/v2\/tags?post=5257"}],"curies":[{"name":"wp","href":"https:\/\/api.w.org\/{rel}","templated":true}]}}