{"id":52563,"date":"2022-12-13T02:15:00","date_gmt":"2022-12-13T02:15:00","guid":{"rendered":"http:\/\/hoycordobaweb.com\/index.php\/2022\/12\/13\/la-liga-de-gobernadores-llamo-a-impedir-el-avasallamiento-de-las-bases-del-federalismo\/"},"modified":"2022-12-13T02:15:00","modified_gmt":"2022-12-13T02:15:00","slug":"la-liga-de-gobernadores-llamo-a-impedir-el-avasallamiento-de-las-bases-del-federalismo","status":"publish","type":"post","link":"http:\/\/hoycordobaweb.com\/index.php\/2022\/12\/13\/la-liga-de-gobernadores-llamo-a-impedir-el-avasallamiento-de-las-bases-del-federalismo\/","title":{"rendered":"La Liga de Gobernadores llam\u00f3 a impedir el \u00abavasallamiento de las bases del federalismo\u00bb"},"content":{"rendered":"<p><img src=\"http:\/\/hoycordobaweb.com\/wp-content\/uploads\/2022\/12\/la-liga-de-gobernadores-llamo-a-impedir-el-avasallamiento-de-las-bases-del-federalismo.jpg\"><\/p>\n<figure class=\"mb-3\"><img loading=\"lazy\" src=\"http:\/\/hoycordobaweb.com\/wp-content\/uploads\/2022\/12\/la-liga-de-gobernadores-llamo-a-impedir-el-avasallamiento-de-las-bases-del-federalismo-2.jpg\" width=\"100%\" height=\"100%\" alt=\"La Liga de Gobernadores Peronistas Foto Prensa\"><figcaption> La Liga de Gobernadores Peronistas. \/ Foto: Prensa <\/figcaption><\/figure>\n<p>La <strong>Liga de Gobernadores peronistas<\/strong> resolvieron este lunes dar mandato a los fiscales de Estado de sus provincias, que se presentaron en la <strong>Corte Suprema<\/strong> como amicus curiae (amigo del tribunal) en el litigio entre la Ciudad de Buenos Aires y el Gobierno nacional por el reparto de fondos, para que reiteren el pedido de ser escuchados en el recurso de amparo que tramita por esa cuesti\u00f3n y evitar el \u00abavasallamiento de las bases del federalismo\u00bb, dijeron fuentes partidarias.<\/p>\n<p>Los gobernadores se reunieron entre las 14 y las 15.30 en el Consejo Federal de Inversiones (CFI), en el microcentro porte\u00f1o, con presencia de 13 mandatarios provinciales (dos de ellos por Zoom), para tratar lo que consideran <strong>\u00abla preocupante situaci\u00f3n del federalismo argentino\u00bb.<\/strong><\/p>\n<p>Lo advirtieron frente a versiones period\u00edsticas, dijeron, \u00abcada vez m\u00e1s insistentes de un inminente fallo a favor del jefe de gobierno de la Ciudad de Buenos Aires (Horacio Rodr\u00edguez Larreta), que <strong>significar\u00eda una bochornosa transferencia de recursos a la ciudad m\u00e1s rica del pa\u00eds, en detrimento del resto de la Argentina<\/strong>\u00ab, indicaron los informantes.<\/p>\n<p>En ese sentido, se resolvi\u00f3 dar mandato a los fiscales de Estado de las provincias que se presentaron en la <strong>Corte Suprema de Justicia de la Naci\u00f3n<\/strong> como amicus curiae, reiterando el pedido de ser escuchados en el recurso de amparo que se tramita por el tema de la redistribuci\u00f3n de fondos que dispuso en 2020 el Gobierno nacional entre la ciudad de Buenos Aires y la provincia de Buenos Aires.<\/p>\n<p>Ante esa reasignaci\u00f3n de dinero que le hab\u00eda otorgado el Gobierno de <strong>Mauricio Macri<\/strong> a la administraci\u00f3n porte\u00f1a por la transferencia de la Polic\u00eda a la ciudad, <strong>Rodr\u00edguez Larreta<\/strong> interpuso un amparo con la intenci\u00f3n de recuperar esa plata y la cuesti\u00f3n est\u00e1 a resoluci\u00f3n de la Corte.<\/p>\n<figure class=\"mb-3\"><img loading=\"lazy\" src=\"http:\/\/hoycordobaweb.com\/wp-content\/uploads\/2022\/12\/la-liga-de-gobernadores-llamo-a-impedir-el-avasallamiento-de-las-bases-del-federalismo-3.jpg\" width=\"100%\" height=\"100%\" alt=\"Foto Lara Sartor\"><figcaption> Foto: Lara Sartor <\/figcaption><\/figure>\n<p>Adem\u00e1s, se debatieron en la reuni\u00f3n distintas estrategias a seguir en caso de un fallo que, si fuera a favor del Gobierno porte\u00f1o los mandatarios consideran \u00abinjusto\u00bb y<strong> \u00abestar\u00eda atentando contra la base misma del sistema federal, solo para acrecentar las finanzas electorales del partido que gobierna desde la Capital Federal\u00bb<\/strong>, a\u00f1adieron las fuentes.<\/p>\n<p>Los gobernadores coincidieron en utilizar todos los mecanismos disponibles para impedir <strong>\u00abese posible avasallamiento de las bases mismas que dieron nacimiento a nuestra naci\u00f3n ya que, sin federalismo, la patria no existe\u00bb<\/strong>, a\u00f1adieron.<\/p>\n<p>Estuvieron en la reuni\u00f3n los gobernadores <strong>Axel Kicillof<\/strong> (Buenos Aires), <strong>Sergio Ziliotto<\/strong> (La Pampa), <strong>Ricardo Quintela<\/strong> (La Rioja), <strong>Ra\u00fal Jalil <\/strong>(Catamarca),<strong> Gerardo Zamora<\/strong> (Santiago del Estero), <strong>Sergio U\u00f1ac<\/strong> (San Juan), <strong>Osvaldo Jaldo<\/strong> (Tucum\u00e1n), <strong>Oscar Herrera Ahuad<\/strong> (Misiones), <strong>Gildo Insfr\u00e1n<\/strong> (Formosa), <strong>Mariano Arcioni <\/strong>(Chubut) y <strong>Alicia Kirchner<\/strong> (Santa Cruz). <strong>Jorge Capitanich<\/strong> (Chaco) y<strong> Gustavo Borde<\/strong>t (Entre R\u00edos) lo hicieron v\u00eda Zoom.<\/p>\n<p>Luego, entre las 15.30 y las 18, se llev\u00f3 a cabo un encuentro solicitado por la la c\u00fapula de la Confederaci\u00f3n General del Trabajo (CGT), donde se trataron temas de importancia institucional y pol\u00edtica, como una primera reuni\u00f3n entre distintos sectores, que se ampliar\u00e1 a otros en los los pr\u00f3ximos d\u00edas.<\/p>\n<p>All\u00ed tomaron parte los integrantes de la \u00abmesa chica\u00bb de la CGT H\u00e9ctor Daer y Carlos Acu\u00f1a (cotitulares de la central obrera), Andr\u00e9s Rodr\u00edguez (UPCN), Gerardo Mart\u00ednez (Uocra) y Armando Cavalieri (Comercio), as\u00ed como Juan Carlos Schmid (Dragado y Balizamiento).<\/p>\n<p>Tras un largo intercambio de opiniones, los gobernadores y los representantes de los trabajadores coincidieron en que ante el intento de asesinato de la vicepresidenta <strong>Cristina Fern\u00e1ndez de Kirchner<\/strong>, primero, y ahora con el \u00abintento de proscripci\u00f3n\u00bb para que ocupe cargos p\u00fablicos por el fallo judicial en su contra, <strong>\u00abnos encontramos ante una situaci\u00f3n de extrema gravedad institucional que afecta los cimientos mismos de la democracia en nuestro pa\u00eds\u00bb<\/strong>, se\u00f1alaron los voceros.<\/p>\n<blockquote class><p>Los gobernadores pidieron&nbsp;evitar el \u00abavasallamiento de las bases del federalismo\u00bb.<\/p><\/blockquote>\n<p>Daer manifest\u00f3 tras el encuentro en rueda de prensa que \u00abesta reuni\u00f3n era previa\u00bb a la renuncia de candidaturas de la Vicepresidenta y cont\u00f3 que \u00abla situaci\u00f3n de la compa\u00f1era estuvo en la conversaci\u00f3n y ratificamos lo mismo que dijimos en la CGT: que es una condena absurda, ama\u00f1ada a intereses , y que tiene que ver con una condena y una proscripci\u00f3n\u00bb.<\/p>\n<p>Por otra parte, se\u00f1al\u00f3 que la reuni\u00f3n con los gobernadores fue \u00abpara conversar en la necesidad de construir pol\u00edticamente una cuesti\u00f3n com\u00fan para ir generando una estructura que tenga capacidad, no solo electoral, sino a que a partir de las elecciones de 2003 estructurarse para transformar el pa\u00eds y definitivamente terminar con esta situaci\u00f3n de incertidumbre en la econom\u00eda y en lo social\u00bb.<\/p>\n<p><strong>\u00abNo hablamos ni de candidatos ni de espacios en las listas\u00bb<\/strong>, aclar\u00f3 Daer, sino \u00abde converger, el movimiento obrero organizado, a partir de la CGT y del movimiento nacional sindical peronista con los gobernadores\u00bb, y acot\u00f3 que \u00ablas reuniones se ampliar\u00e1n a los movimientos sociales e intendentes\u00bb.<\/p>\n<p><strong>\u00abHabr\u00e1 que incorporar al propio Presidente (Alberto Fern\u00e1ndez) a este seno y encontrar un camino com\u00fan de debate\u00bb<\/strong>, y construir \u00abuna estrategia y una plataforma para llevar adelante un proceso electoral de ac\u00e1 a 2023 y, a partir de ganar las elecciones, a un proceso de transformaci\u00f3n del pa\u00eds\u00bb, aport\u00f3 el gremialista.<\/p>\n<p>\u00abVen\u00edamos conversando con muchos de ellos y ten\u00edamos siempre la premisa de juntarnos el movimiento obrero organizado con los gobernadores, que son el pilar esencial en t\u00e9rminos democr\u00e1ticos de los territorios\u00bb, puntualiz\u00f3 el cotitular de la CGT.<\/p>\n<p>Y apunt\u00f3 a tener una \u00abmirada de unidad, de empezar a construir en conjunto, de tener reconocimiento rec\u00edproco todos lose sectores del peronismo, y en ese reconocimiento rec\u00edproco encontrar los mejores caminos hacia el futuro\u00bb.<\/p>\n<p>Andr\u00e9s Rodr\u00edguez expres\u00f3 por su parte que la idea es armar \u00abuna mesa pol\u00edtica\u00bb y agreg\u00f3 que \u00abfuimos invitados para intercambiar ideas entre los que manejan el territorio y nosotros, que tenemos representatividad con el sector del trabajo y que tiene connotaciones sociales\u00bb.<\/p>\n<p>\u00abNo hablamos de candidatos, sino del reordenamiento del peronismo, que tenga fuerza de reacci\u00f3n, y en esto estamos todos empe\u00f1ados\u00bb, complet\u00f3 el titular de UPCN.<\/p>\n<p>En tanto, U\u00f1ac no habl\u00f3 de la eventual candidatura presidencial de un gobernador porque \u00abno creo que esa sea puntualmente la intenci\u00f3n\u00bb.<\/p>\n<p>\u00abPueda ser que el resultado sea ese. Si hay gobernadores que puedan haber marcado gestiones razonable en sus provincias, que naturalmente puedan estar dentro una grilla de partida para la cuesti\u00f3n presidencial, pero los gobernadores estamos abocados en lo que pasa en nuestros territorios y ese es nuestro primer objetivo\u00bb, explic\u00f3.<\/p>\n<p>Quintela fue en la misma l\u00ednea y refiri\u00f3 que muchos gobernadores \u00abest\u00e1n en condiciones de ser precandidatos o candidatos por el justicialismo\u00bb, porque \u00abtienen mucha experiencia, capacidad demostrada, saben lo que es administrar una provincia, y obviamente tambi\u00e9n se puede proyectar a nivel nacional\u00bb, aunque aclar\u00f3 que \u00abno puedo adelantar nada porque nunca hemos hablado de este tema\u00bb.<\/p>\n","protected":false},"excerpt":{"rendered":"<p>La Liga de Gobernadores Peronistas. \/ Foto: Prensa La Liga de Gobernadores peronistas resolvieron este lunes dar mandato a los fiscales de Estado de sus provincias, que se presentaron en la Corte Suprema como amicus curiae (amigo del tribunal) en el litigio entre la Ciudad de Buenos Aires y el Gobierno nacional por el reparto [&hellip;]<\/p>\n","protected":false},"author":1,"featured_media":52564,"comment_status":"open","ping_status":"closed","sticky":false,"template":"","format":"standard","meta":[],"categories":[19],"tags":[],"_links":{"self":[{"href":"http:\/\/hoycordobaweb.com\/index.php\/wp-json\/wp\/v2\/posts\/52563"}],"collection":[{"href":"http:\/\/hoycordobaweb.com\/index.php\/wp-json\/wp\/v2\/posts"}],"about":[{"href":"http:\/\/hoycordobaweb.com\/index.php\/wp-json\/wp\/v2\/types\/post"}],"author":[{"embeddable":true,"href":"http:\/\/hoycordobaweb.com\/index.php\/wp-json\/wp\/v2\/users\/1"}],"replies":[{"embeddable":true,"href":"http:\/\/hoycordobaweb.com\/index.php\/wp-json\/wp\/v2\/comments?post=52563"}],"version-history":[{"count":0,"href":"http:\/\/hoycordobaweb.com\/index.php\/wp-json\/wp\/v2\/posts\/52563\/revisions"}],"wp:featuredmedia":[{"embeddable":true,"href":"http:\/\/hoycordobaweb.com\/index.php\/wp-json\/wp\/v2\/media\/52564"}],"wp:attachment":[{"href":"http:\/\/hoycordobaweb.com\/index.php\/wp-json\/wp\/v2\/media?parent=52563"}],"wp:term":[{"taxonomy":"category","embeddable":true,"href":"http:\/\/hoycordobaweb.com\/index.php\/wp-json\/wp\/v2\/categories?post=52563"},{"taxonomy":"post_tag","embeddable":true,"href":"http:\/\/hoycordobaweb.com\/index.php\/wp-json\/wp\/v2\/tags?post=52563"}],"curies":[{"name":"wp","href":"https:\/\/api.w.org\/{rel}","templated":true}]}}