{"id":52553,"date":"2022-12-13T09:02:27","date_gmt":"2022-12-13T09:02:27","guid":{"rendered":"https:\/\/www.mujerhoy.com\/moda\/no-te-pierdas\/victoria-federica-gabardina-negra-matrix-tendencia-invierno-nueva-coleccion-20221213070933-nt.html"},"modified":"2022-12-13T09:02:27","modified_gmt":"2022-12-13T09:02:27","slug":"victoria-federica-confirma-que-la-gabardina-matrix-es-la-prenda-estrella-del-invierno","status":"publish","type":"post","link":"http:\/\/hoycordobaweb.com\/index.php\/2022\/12\/13\/victoria-federica-confirma-que-la-gabardina-matrix-es-la-prenda-estrella-del-invierno\/","title":{"rendered":"Victoria Federica confirma que la gabardina Matrix es la prenda estrella del invierno"},"content":{"rendered":"<p><!-- AUTHOR --><!-- COMPONENTS --><\/p>\n<p class=\"voc-paragraph\">Hay piezas que no le pueden faltar al armario oto\u00f1al perfecto, empezando por la <a data-voc-vtm-id=\"in-text-traffic\" href=\"https:\/\/www.mujerhoy.com\/moda\/no-te-pierdas\/gabardinas-abrigos-entretiempo-otono-originales-bonitas-baratas-comodas-favorecedoras-20220903153748-ga.html\" title=\"www.mujerhoy.com\">gabardina<\/a>. \u00a1Estar\u00edamos perdidos! Elegante y estiloso <a data-voc-vtm-id=\"in-text-traffic\" href=\"https:\/\/www.mujerhoy.com\/moda\/no-te-pierdas\/gabardinas-abrigos-entretiempo-otono-originales-bonitas-baratas-comodas-favorecedoras-20220903153748-ga.html\" title=\"www.mujerhoy.com\">abrigo<\/a> impermeable creado como una indumentaria de batalla que termin\u00f3 meti\u00e9ndose, literalmente, en el bolsillo a mujeres y a hombres por igual.. Y todo ello sin pesta\u00f1ear. Dos siglos despu\u00e9s de su creaci\u00f3n, sigue conquistando al mundo en su versi\u00f3n m\u00e1s cl\u00e1sica, te\u00f1ida de beige, y tambi\u00e9n con una est\u00e9tica dosmilera, negra y elaborada en piel. Un arriesgado dise\u00f1o que ha enamorado hasta la mism\u00edsima <strong>Victoria Federica<\/strong>. <\/p>\n<p class=\"voc-paragraph\">En estos d\u00edas pre-navide\u00f1os, la royal est\u00e1 en el punto de mira por el <a data-voc-vtm-id=\"in-text-traffic\" href=\"https:\/\/www.mujerhoy.com\/celebrities\/realeza\/victoria-federica-se-va-de-casa-escandalo-pelea-infanta-elena-zarzuela-navidades-letizia-20221207144254-nt.html\" title=\"www.mujerhoy.com\">enfado con su madre<\/a>, la infanta <strong>Elena de Borb\u00f3n<\/strong>, y su traslado a la casa de su abuela, la <strong>Reina Sof\u00eda<\/strong>. S\u00ed, a partir de ahora y durante un tiempo indeterminado, el Palacio de la Zarzuela ser\u00e1 su nueva residencia.\n<\/p>\n<p class=\"voc-paragraph\">Su hermano mayor, <strong>Froil\u00e1n<\/strong>, siempre fue considerado &#8216;la oveja negra&#8217; de la Familia Real, debido a las numerosas &#8216;an\u00e9cdotas&#8217; a las que nos ten\u00eda acostumbrados. Pero la historia de los hermanos Marichalar-Borb\u00f3n daba un giro inesperado. El joven, de 24 a\u00f1os, sentaba cabeza, mientras que <strong>Victoria Federica<\/strong> dejaba sus estudios a un curso de graduarse en M\u00e1rketing para dedicarse, exclusivamente, a ser influencer. Una decisi\u00f3n que le trae por la calle de la amargura a su madre.\n<\/p>\n<p class=\"voc-paragraph\">En estos \u00faltimos a\u00f1os, <strong>Victoria Federica<\/strong> se ha convertido en una aut\u00e9ntica referente de estilo en las redes sociales. Sus m\u00e1s de 227 mil seguidores en Instagram son un verdadero reclamo para las firmas de moda, que no paran de ficharla para sus campa\u00f1as de lanzamiento.\n<\/p>\n<p class=\"voc-paragraph\">Su &#8216;feed&#8217; tambi\u00e9n se ha convertido en todo un escaparate de las \u00faltimas tendencias, donde la nieta del <strong>rey em\u00e9rito<\/strong> muestra con acierto prendas en boga, como los <a data-voc-vtm-id=\"in-text-traffic\" href=\"https:\/\/www.mujerhoy.com\/moda\/no-te-pierdas\/victoria-federica-look-original-sorprendente-top-brillos-zara-transparencias-20220615104946-nt.html\" title=\"www.mujerhoy.com\">tops m\u00e1s atrevidos<\/a>. <\/p>\n<div class=\"voc-detail__cmp\">\n<div class=\"voc-article-container\">\n<article class=\"voc-article voc-article--cmp-photo-text\" readability=\"26\">\n<div class=\"voc-img-container\" readability=\"7\"><picture>\n<div class=\"voc-horizontal voc-img-icon-link\"><img class=\"lazy\" loading=\"lazy\" data-original=\"\/\/static1.mujerhoy.com\/www\/multimedia\/202212\/13\/media\/cortadas\/victoria-federica-gabardina-matrix-2-kZtD-U1801019548757VxB-624x720@MujerHoy.jpg\" alt=\"Victoria Federica con su gabardina de piel en Nueva York.\"><\/div>\n<\/picture>\n<p class=\"figure-caption \"> Victoria Federica con su gabardina de piel en Nueva York. \/ <span class=\"voc-photo-author\"> @vicmabor <\/span><\/p>\n<\/div>\n<\/article>\n<\/div>\n<\/div>\n<p class=\"voc-paragraph\">A pesar de estar inmersa en un momento familiar convulso, la joven no ha dejado de lado sus quehaceres como influencer. Haciendo o\u00eddos sordos y con aparente despreocupaci\u00f3n, se iba a Andorra este puente junto a sus amigos para disfrutar de la temporada de esqu\u00ed. Una escapada a la que le preced\u00eda un viaje a <strong>Nueva York<\/strong>. \u00a1Y es que Vic no para! En la plena Gran Manzana, la creadora de contenido confirmaba que la <strong>gabardina<\/strong> &#8216;Matrix&#8217; era la sensaci\u00f3n de este oto\u00f1o. <\/p>\n<p class=\"voc-paragraph\">La luc\u00eda con elegancia por encima de una camiseta b\u00e1sica negra y en un look casual en el que unos vaqueros con detalles &#8216;patchwork&#8217; de la firma Louis Vuitton y que se rend\u00edan frente a la logoman\u00eda adquir\u00edan especial protagonismo.\n<\/p>\n<div class=\"voc-detail__cmp\">\n<div class=\"voc-article-container\">\n<article class=\"voc-article voc-article--cmp-photo-text\" readability=\"26\">\n<div class=\"voc-img-container\" readability=\"7\"><picture>\n<div class=\"voc-horizontal voc-img-icon-link\"><img class=\"lazy\" loading=\"lazy\" data-original=\"\/\/static.mujerhoy.com\/www\/multimedia\/202212\/13\/media\/cortadas\/victoria-federica-gabardina-matrix-3-kZtD-U1801019548757BRF-624x700@MujerHoy.jpg\" alt=\"Victoria Federica con su gabardina de piel en Nueva York.\"><\/div>\n<\/picture>\n<p class=\"figure-caption \"> Victoria Federica con su gabardina de piel en Nueva York. \/ <span class=\"voc-photo-author\"> @vicmabor <\/span><\/p>\n<\/div>\n<\/article>\n<\/div>\n<\/div>\n<p class=\"voc-paragraph\">Nos encontramos frente a una prenda que nos traslada directamente hasta hace m\u00e1s de dos d\u00e9cadas y a la m\u00edtica pel\u00edcula protagonizada por &#8216;Neo&#8217; y &#8216;Morfeo&#8217;, entre otros. Una <strong>gabardina<\/strong> con est\u00e9tica dosmilera que est\u00e1 muy presente en la moda actual. Ha integrado las colecciones oto\u00f1o-invierno 2022\/2023 de casas de moda como Bottega Veneta, Chlo\u00e9, Prada, Coach, Herm\u00e8s, Saint Laurent o Gabriela Hearst. S\u00ed, apostaban por la misma baza, eso s\u00ed, cada una se la llevaba a su propio terreno. <\/p>\n<p class=\"voc-paragraph\">Es la primera vez que ve\u00edamos a <strong>Victoria Federica<\/strong> con esta prenda, pero lo cierto es que muchas conocidas y compa\u00f1eras de profesi\u00f3n de la &#8216;royal&#8217; ya se hab\u00edan rendido con anterioridad frente a esta tendencia, como Mar\u00eda Pombo. <\/p>\n<div class=\"voc-detail__cmp\">\n<div class=\"voc-article-container\">\n<article class=\"voc-article voc-article--cmp-photo-text\" readability=\"26\">\n<div class=\"voc-img-container\" readability=\"7\"><picture>\n<div class=\"voc-horizontal voc-img-icon-link\"><img class=\"lazy\" loading=\"lazy\" data-original=\"\/\/static1.mujerhoy.com\/www\/multimedia\/202212\/13\/media\/cortadas\/maria-pombo-gabardina-cuero-kZtD--624x624@MujerHoy.jpg\" alt=\"Mar\u00eda Pombo con una gabardina de piel. \"><\/div>\n<\/picture>\n<p class=\"figure-caption \"> Mar\u00eda Pombo con una gabardina de piel. \/ <span class=\"voc-photo-author\"> @mariapombo <\/span><\/p>\n<\/div>\n<\/article>\n<\/div>\n<\/div>\n<p class=\"voc-paragraph\">Una gabardina distinta que tambi\u00e9n ha enamorado a rostros conocidos, como Sara Carbonero, Kate Moss, la hija de esta, Lila Moss; o las modelos Jendall Jenner y Emily Ratajkowski. La \u00faltima de ellas, <strong>Victoria Federica<\/strong>, que ha confirmado desde las calles de Nueva York que la <strong>gabardina &#8216;Matrix&#8217;<\/strong> es la sensaci\u00f3n de este oto\u00f1o.\n<\/p>\n<p><!-- TOPICS --><\/p>\n","protected":false},"excerpt":{"rendered":"<p>Hay piezas que no le pueden faltar al armario oto\u00f1al perfecto, empezando por la gabardina. \u00a1Estar\u00edamos perdidos! Elegante y estiloso abrigo impermeable creado como una indumentaria de batalla que termin\u00f3 meti\u00e9ndose, literalmente, en el bolsillo a mujeres y a hombres por igual.. Y todo ello sin pesta\u00f1ear. Dos siglos despu\u00e9s de su creaci\u00f3n, sigue conquistando [&hellip;]<\/p>\n","protected":false},"author":1,"featured_media":52554,"comment_status":"closed","ping_status":"closed","sticky":false,"template":"","format":"standard","meta":[],"categories":[1],"tags":[],"_links":{"self":[{"href":"http:\/\/hoycordobaweb.com\/index.php\/wp-json\/wp\/v2\/posts\/52553"}],"collection":[{"href":"http:\/\/hoycordobaweb.com\/index.php\/wp-json\/wp\/v2\/posts"}],"about":[{"href":"http:\/\/hoycordobaweb.com\/index.php\/wp-json\/wp\/v2\/types\/post"}],"author":[{"embeddable":true,"href":"http:\/\/hoycordobaweb.com\/index.php\/wp-json\/wp\/v2\/users\/1"}],"replies":[{"embeddable":true,"href":"http:\/\/hoycordobaweb.com\/index.php\/wp-json\/wp\/v2\/comments?post=52553"}],"version-history":[{"count":0,"href":"http:\/\/hoycordobaweb.com\/index.php\/wp-json\/wp\/v2\/posts\/52553\/revisions"}],"wp:featuredmedia":[{"embeddable":true,"href":"http:\/\/hoycordobaweb.com\/index.php\/wp-json\/wp\/v2\/media\/52554"}],"wp:attachment":[{"href":"http:\/\/hoycordobaweb.com\/index.php\/wp-json\/wp\/v2\/media?parent=52553"}],"wp:term":[{"taxonomy":"category","embeddable":true,"href":"http:\/\/hoycordobaweb.com\/index.php\/wp-json\/wp\/v2\/categories?post=52553"},{"taxonomy":"post_tag","embeddable":true,"href":"http:\/\/hoycordobaweb.com\/index.php\/wp-json\/wp\/v2\/tags?post=52553"}],"curies":[{"name":"wp","href":"https:\/\/api.w.org\/{rel}","templated":true}]}}