{"id":52478,"date":"2022-12-06T10:54:00","date_gmt":"2022-12-06T10:54:00","guid":{"rendered":"https:\/\/fm-comunicar.com.ar\/contenido\/19859\/el-fin-de-semana-largo-se-realizara-el-25o-encuentro-de-pintores-paisajistas"},"modified":"2022-12-06T10:54:00","modified_gmt":"2022-12-06T10:54:00","slug":"el-fin-de-semana-largo-se-realizara-el-25o-encuentro-de-pintores-paisajistas","status":"publish","type":"post","link":"http:\/\/hoycordobaweb.com\/index.php\/2022\/12\/06\/el-fin-de-semana-largo-se-realizara-el-25o-encuentro-de-pintores-paisajistas\/","title":{"rendered":"El fin de semana largo se realizar\u00e1 el 25\u00ba Encuentro de Pintores Paisajistas"},"content":{"rendered":"<p>Los artistas podr\u00e1n hacer sus obras en las categor\u00edas Paisaje y Libre, con m\u00e1s de 280 mil pesos en premios. Habr\u00e1 una categor\u00eda especial para menores de 12 a\u00f1os. La muestra final de cuadros ser\u00e1 el s\u00e1bado a la tarde en la Casa de la Cultura.<img src=\"http:\/\/hoycordobaweb.com\/wp-content\/uploads\/2022\/12\/el-fin-de-semana-largo-se-realizara-el-25o-encuentro-de-pintores-paisajistas.jpg\"><\/p>\n","protected":false},"excerpt":{"rendered":"<p>Los artistas podr\u00e1n hacer sus obras en las categor\u00edas Paisaje y Libre, con m\u00e1s de 280 mil pesos en premios. Habr\u00e1 una categor\u00eda especial para menores de 12 a\u00f1os. La muestra final de cuadros ser\u00e1 el s\u00e1bado a la tarde en la Casa de la Cultura.<\/p>\n","protected":false},"author":1,"featured_media":52479,"comment_status":"closed","ping_status":"closed","sticky":false,"template":"","format":"standard","meta":[],"categories":[18],"tags":[],"_links":{"self":[{"href":"http:\/\/hoycordobaweb.com\/index.php\/wp-json\/wp\/v2\/posts\/52478"}],"collection":[{"href":"http:\/\/hoycordobaweb.com\/index.php\/wp-json\/wp\/v2\/posts"}],"about":[{"href":"http:\/\/hoycordobaweb.com\/index.php\/wp-json\/wp\/v2\/types\/post"}],"author":[{"embeddable":true,"href":"http:\/\/hoycordobaweb.com\/index.php\/wp-json\/wp\/v2\/users\/1"}],"replies":[{"embeddable":true,"href":"http:\/\/hoycordobaweb.com\/index.php\/wp-json\/wp\/v2\/comments?post=52478"}],"version-history":[{"count":0,"href":"http:\/\/hoycordobaweb.com\/index.php\/wp-json\/wp\/v2\/posts\/52478\/revisions"}],"wp:featuredmedia":[{"embeddable":true,"href":"http:\/\/hoycordobaweb.com\/index.php\/wp-json\/wp\/v2\/media\/52479"}],"wp:attachment":[{"href":"http:\/\/hoycordobaweb.com\/index.php\/wp-json\/wp\/v2\/media?parent=52478"}],"wp:term":[{"taxonomy":"category","embeddable":true,"href":"http:\/\/hoycordobaweb.com\/index.php\/wp-json\/wp\/v2\/categories?post=52478"},{"taxonomy":"post_tag","embeddable":true,"href":"http:\/\/hoycordobaweb.com\/index.php\/wp-json\/wp\/v2\/tags?post=52478"}],"curies":[{"name":"wp","href":"https:\/\/api.w.org\/{rel}","templated":true}]}}