{"id":52458,"date":"2022-12-10T12:05:22","date_gmt":"2022-12-10T12:05:22","guid":{"rendered":"https:\/\/www.ole.com.ar\/futbol-internacional\/liga-alemana-bundesliga\/lesion-manuel-neuer-pierna-rota-esqui-afuera-resto-de-la-temporada-bayern-munich-alemania_0_oUlslzxkzZ.html"},"modified":"2022-12-10T12:05:22","modified_gmt":"2022-12-10T12:05:22","slug":"neuer-y-una-grave-lesion-haciendo-esqui-out-el-resto-de-la-temporada","status":"publish","type":"post","link":"http:\/\/hoycordobaweb.com\/index.php\/2022\/12\/10\/neuer-y-una-grave-lesion-haciendo-esqui-out-el-resto-de-la-temporada\/","title":{"rendered":"Neuer y una grave lesi\u00f3n haciendo esqu\u00ed: out el resto de la temporada"},"content":{"rendered":"<p><img src=\"http:\/\/hoycordobaweb.com\/wp-content\/uploads\/2022\/12\/neuer-y-una-grave-lesion-haciendo-esqui-out-el-resto-de-la-temporada.jpg\"><\/p>\n<div class=\"custom-text \" readability=\"34.956310679612\">\n<p><strong>Si algo le faltaba a <\/strong><a href=\"https:\/\/www.ole.com.ar\/tema\/seleccion-de-alemania.html\" title=\"Selecci\u00f3n de Alemania\" alt=\"Selecci\u00f3n de Alemania\" class=\"slug\"><strong>Alemania<\/strong><\/a><strong> para cerrar un mes m\u00e1s que negativo era esto<\/strong>. Ya de vacaciones, una de sus m\u00e1ximas estrellas y referente dentro del plantel sufri\u00f3 una grave lesi\u00f3n mientras disfrutaba de un viaje. Se trata de <a href=\"https:\/\/www.ole.com.ar\/tema\/manuel-neuer.html\" title=\"Manuel Neuer\" alt=\"Manuel Neuer\" class=\"slug\"><strong>Manuel Neuer<\/strong><\/a>, que <strong>estaba haciendo esqu\u00ed cuando termin\u00f3 rompi\u00e9ndose una pierna<\/strong>, lo que lo alejar\u00e1 de las canchas por el resto de la temporada. Preocupaci\u00f3n dentro del <a href=\"https:\/\/www.ole.com.ar\/tema\/bayern-munich.html\" title=\"Bayern Munich\" alt=\"Bayern Munich\" class=\"slug\">Bayern Munich<\/a>.<\/p>\n<\/div>\n<div class=\"sc-e9a69009-0 cjEXLm\" readability=\"6\">\n<section readability=\"2\"><picture><img class=\"img\" src=\"http:\/\/hoycordobaweb.com\/wp-content\/uploads\/2022\/12\/neuer-y-una-grave-lesion-haciendo-esqui-out-el-resto-de-la-temporada-2.jpg\" alt=\"El DT croata y su f\u00f3rmula para frenar a Messi\" height=\"290\" width=\"290\" loading=\"lazy\"><\/picture>\n<p><span>Mir\u00e1 tambi\u00e9n<\/span><\/p>\n<hr>\n<h3>El DT croata y su f\u00f3rmula para frenar a Messi<\/h3>\n<\/p>\n<\/section>\n<\/div>\n<div class=\"custom-text \" readability=\"36\">\n<p>El experimentado arquero de 36 a\u00f1os, due\u00f1o del arco de la selecci\u00f3n de Alemania y el Bayern Munich, sufri\u00f3 un accidente y se rompi\u00f3 la pierna derecha en plenas vacaciones. <strong>Fue intervenido quir\u00fargicamente el viernes<\/strong> y cont\u00f3 c\u00f3mo sali\u00f3 todo a trav\u00e9s de un posteo en Instagram.<\/p>\n<\/div>\n<div class=\"sc-b8e659bf-0 gCuBvW\"><img alt=\"Neuer y una grave lesi\u00f3n haciendo esqu\u00ed\" srcset=\"http:\/\/hoycordobaweb.com\/wp-content\/uploads\/2022\/12\/neuer-y-una-grave-lesion-haciendo-esqui-out-el-resto-de-la-temporada-3.jpg 1x, http:\/\/hoycordobaweb.com\/wp-content\/uploads\/2022\/12\/neuer-y-una-grave-lesion-haciendo-esqui-out-el-resto-de-la-temporada-3.jpg 2x\" src=\"http:\/\/hoycordobaweb.com\/wp-content\/uploads\/2022\/12\/neuer-y-una-grave-lesion-haciendo-esqui-out-el-resto-de-la-temporada-3.jpg\" width=\"720\" height=\"0\" decoding=\"async\" data-nimg=\"future\" loading=\"lazy\"><span>Neuer y una grave lesi\u00f3n haciendo esqu\u00ed<\/span><\/div>\n<div class=\"custom-text \" readability=\"41\">\n<p>\u00abHola, chicos. <strong>Qu\u00e9 puedo decir, el fin de a\u00f1o definitivamente podr\u00eda haber ido mejor&#8230; Mientras intentaba despejarme la cabeza mientras practicaba esqu\u00ed de traves\u00eda, sufr\u00ed una fractura en la parte inferior de la pierna<\/strong>. La operaci\u00f3n de ayer sali\u00f3 bien. \u00a1Muchas gracias a los m\u00e9dicos! Sin embargo, <strong>me duele saber que la temporada actual ha terminado para m\u00ed<\/strong>\u00ab, escribi\u00f3 Neuer, acompa\u00f1ado de una foto en el hospital tras la intervenci\u00f3n.<\/p>\n<\/div>\n<div class=\"sc-b8e659bf-0 gCuBvW\"><img alt=\"Neuer tras la eliminaci\u00f3n de la Copa del Mundo (Foto: REUTERS).\" srcset=\"http:\/\/hoycordobaweb.com\/wp-content\/uploads\/2022\/12\/neuer-y-una-grave-lesion-haciendo-esqui-out-el-resto-de-la-temporada-4.jpg 1x, http:\/\/hoycordobaweb.com\/wp-content\/uploads\/2022\/12\/neuer-y-una-grave-lesion-haciendo-esqui-out-el-resto-de-la-temporada-4.jpg 2x\" src=\"http:\/\/hoycordobaweb.com\/wp-content\/uploads\/2022\/12\/neuer-y-una-grave-lesion-haciendo-esqui-out-el-resto-de-la-temporada-4.jpg\" width=\"720\" height=\"0\" decoding=\"async\" data-nimg=\"future\" loading=\"lazy\"><span>Neuer tras la eliminaci\u00f3n de la Copa del Mundo (Foto: REUTERS).<\/span><\/div>\n<div class=\"sc-e9a69009-0 cjEXLm\" readability=\"6\">\n<section readability=\"2\"><picture><img class=\"img\" src=\"http:\/\/hoycordobaweb.com\/wp-content\/uploads\/2022\/12\/neuer-y-una-grave-lesion-haciendo-esqui-out-el-resto-de-la-temporada-5.jpg\" alt=\"Furor por la Selecci\u00f3n: c\u00f3mo fue el rating durante el partido de cuartos\" height=\"290\" width=\"290\" loading=\"lazy\"><\/picture>\n<p><span>Mir\u00e1 tambi\u00e9n<\/span><\/p>\n<hr>\n<h3>Furor por la Selecci\u00f3n: c\u00f3mo fue el rating durante el partido de cuartos<\/h3>\n<\/p>\n<\/section>\n<\/div>\n<div class=\"sc-e9a69009-0 cjEXLm\" readability=\"6\">\n<section readability=\"2\"><picture><img class=\"img\" src=\"http:\/\/hoycordobaweb.com\/wp-content\/uploads\/2022\/12\/neuer-y-una-grave-lesion-haciendo-esqui-out-el-resto-de-la-temporada-6.jpg\" alt=\"Cu\u00e1nto cuesta viajar a Qatar para ir a ver a la Argentina en la semifinal\" height=\"290\" width=\"290\" loading=\"lazy\"><\/picture>\n<p><span>Mir\u00e1 tambi\u00e9n<\/span><\/p>\n<hr>\n<h3>Cu\u00e1nto cuesta viajar a Qatar para ir a ver a la Argentina en la semifinal<\/h3>\n<\/p>\n<\/section>\n<\/div>\n<p><h2><strong>OTRA LESI\u00d3N PARA EL BAYERN MUNICH<\/strong><\/h2>\n<\/p>\n<div class=\"custom-text \" readability=\"32.681697612732\">\n<p>Otra importante baja que sufre el Bayern M\u00fanich durante este <a href=\"https:\/\/www.ole.com.ar\/tema\/mundial-de-qatar-2022.html\" title=\"Mundial de Qatar 2022\" alt=\"Mundial de Qatar 2022\" class=\"slug\">Mundial de Qatar 2022<\/a>, ya que se pierden a su arquero y capit\u00e1n para los pr\u00f3ximos meses. Esta es la segunda lesi\u00f3n grave para un jugador de su plante. <strong>Manuel Neuer se suma a <\/strong><a href=\"https:\/\/www.ole.com.ar\/tema\/lucas-hernandez.html\" title=\"Lucas Hern\u00e1ndez\" alt=\"Lucas Hern\u00e1ndez\" class=\"slug\"><strong>Lucas Hern\u00e1ndez<\/strong><\/a><strong>, que se rompi\u00f3 el ligamento cruzado anterior de una de sus rodillas en el debut mundialista de <\/strong><a href=\"https:\/\/www.ole.com.ar\/tema\/seleccion-de-francia.html\" title=\"Selecci\u00f3n de Francia\" alt=\"Selecci\u00f3n de Francia\" class=\"slug\"><strong>Francia<\/strong><\/a><strong> contra Australia<\/strong>.<\/p>\n<\/div>\n<div class=\"sc-b8e659bf-0 gCuBvW\"><img alt=\"Lucas Hern\u00e1ndez se rompi\u00f3 el ligamento cruzado anterior (Foto: AFP).\" srcset=\"http:\/\/hoycordobaweb.com\/wp-content\/uploads\/2022\/12\/neuer-y-una-grave-lesion-haciendo-esqui-out-el-resto-de-la-temporada-7.jpg 1x, http:\/\/hoycordobaweb.com\/wp-content\/uploads\/2022\/12\/neuer-y-una-grave-lesion-haciendo-esqui-out-el-resto-de-la-temporada-7.jpg 2x\" src=\"http:\/\/hoycordobaweb.com\/wp-content\/uploads\/2022\/12\/neuer-y-una-grave-lesion-haciendo-esqui-out-el-resto-de-la-temporada-7.jpg\" width=\"720\" height=\"0\" decoding=\"async\" data-nimg=\"future\" loading=\"lazy\"><span>Lucas Hern\u00e1ndez se rompi\u00f3 el ligamento cruzado anterior (Foto: AFP).<\/span><\/div>\n<div class=\"sc-b8e659bf-0 gCuBvW\"><img alt=\"Lucas Hern\u00e1ndez se rompi\u00f3 el ligamento cruzado anterior (Foto: AP).\" srcset=\"http:\/\/hoycordobaweb.com\/wp-content\/uploads\/2022\/12\/neuer-y-una-grave-lesion-haciendo-esqui-out-el-resto-de-la-temporada-8.jpg 1x, http:\/\/hoycordobaweb.com\/wp-content\/uploads\/2022\/12\/neuer-y-una-grave-lesion-haciendo-esqui-out-el-resto-de-la-temporada-8.jpg 2x\" src=\"http:\/\/hoycordobaweb.com\/wp-content\/uploads\/2022\/12\/neuer-y-una-grave-lesion-haciendo-esqui-out-el-resto-de-la-temporada-8.jpg\" width=\"720\" height=\"0\" decoding=\"async\" data-nimg=\"future\" loading=\"lazy\"><span>Lucas Hern\u00e1ndez se rompi\u00f3 el ligamento cruzado anterior (Foto: AP).<\/span><\/div>\n<div class=\"custom-text \" readability=\"32.259375\">\n<p>El Bayern Munich, l\u00edder de la Bundesliga antes del par\u00f3n por la Copa del Mundo, <strong>se enfrentar\u00e1 en octavos de final de la <\/strong><a href=\"https:\/\/www.ole.com.ar\/tema\/champions-league.html\" title=\"Champions League\" alt=\"Champions League\" class=\"slug\"><strong>UEFA Champions League<\/strong><\/a><strong> al <\/strong><a href=\"https:\/\/www.ole.com.ar\/tema\/paris-saint-germain.html\" title=\"Paris Saint Germain\" alt=\"Paris Saint Germain\" class=\"slug\"><strong>Par\u00eds Saint-Germain<\/strong><\/a> de Lionel Messi entre el 14 de febrero y el 8 de marzo. <strong>Su compatriota Sven Ulreich deber\u00eda ocupar su lugar en el arco<\/strong> hasta el final de la temporada.<\/p>\n<\/div>\n<div class=\"sc-b8e659bf-0 gCuBvW\"><img alt=\"Es el momento de Sven Ulreich en el Bayern Munich (Foto: AFP).\" srcset=\"http:\/\/hoycordobaweb.com\/wp-content\/uploads\/2022\/12\/neuer-y-una-grave-lesion-haciendo-esqui-out-el-resto-de-la-temporada-9.jpg 1x, http:\/\/hoycordobaweb.com\/wp-content\/uploads\/2022\/12\/neuer-y-una-grave-lesion-haciendo-esqui-out-el-resto-de-la-temporada-9.jpg 2x\" src=\"http:\/\/hoycordobaweb.com\/wp-content\/uploads\/2022\/12\/neuer-y-una-grave-lesion-haciendo-esqui-out-el-resto-de-la-temporada-9.jpg\" width=\"720\" height=\"0\" decoding=\"async\" data-nimg=\"future\" loading=\"lazy\"><span>Es el momento de Sven Ulreich en el Bayern Munich (Foto: AFP).<\/span><\/div>\n<div class=\"sc-e9a69009-0 cjEXLm\" readability=\"6\">\n<section readability=\"2\"><picture><img class=\"img\" src=\"http:\/\/hoycordobaweb.com\/wp-content\/uploads\/2022\/12\/neuer-y-una-grave-lesion-haciendo-esqui-out-el-resto-de-la-temporada-10.jpg\" alt=\"Las 50 tapas de la clasificaci\u00f3n de Argentina (y del tchau tchau de Brasil)\" height=\"290\" width=\"290\" loading=\"lazy\"><\/picture>\n<p><span>Mir\u00e1 tambi\u00e9n<\/span><\/p>\n<hr>\n<h3>Las 50 tapas de la clasificaci\u00f3n de Argentina (y del tchau tchau de Brasil)<\/h3>\n<\/p>\n<\/section>\n<\/div>\n<div class=\"sc-e9a69009-0 cjEXLm\" readability=\"7\">\n<section readability=\"4\"><picture><img class=\"img\" src=\"http:\/\/hoycordobaweb.com\/wp-content\/uploads\/2022\/12\/neuer-y-una-grave-lesion-haciendo-esqui-out-el-resto-de-la-temporada-11.jpg\" alt=\"Los productos que se venden con &quot;qu\u00e9 mir\u00e1s bobo, and\u00e1 pa' all\u00e1&quot;, en Mercado Libre\" height=\"290\" width=\"290\" loading=\"lazy\"><\/picture>\n<p><span>Mir\u00e1 tambi\u00e9n<\/span><\/p>\n<hr>\n<h3>Los productos que se venden con \u00abqu\u00e9 mir\u00e1s bobo, and\u00e1 pa&#8217; all\u00e1\u00bb, en Mercado Libre<\/h3>\n<\/p>\n<\/section>\n<\/div>\n","protected":false},"excerpt":{"rendered":"<p>Si algo le faltaba a Alemania para cerrar un mes m\u00e1s que negativo era esto. Ya de vacaciones, una de sus m\u00e1ximas estrellas y referente dentro del plantel sufri\u00f3 una grave lesi\u00f3n mientras disfrutaba de un viaje. Se trata de Manuel Neuer, que estaba haciendo esqu\u00ed cuando termin\u00f3 rompi\u00e9ndose una pierna, lo que lo alejar\u00e1 [&hellip;]<\/p>\n","protected":false},"author":1,"featured_media":52459,"comment_status":"open","ping_status":"closed","sticky":false,"template":"","format":"standard","meta":[],"categories":[16],"tags":[],"_links":{"self":[{"href":"http:\/\/hoycordobaweb.com\/index.php\/wp-json\/wp\/v2\/posts\/52458"}],"collection":[{"href":"http:\/\/hoycordobaweb.com\/index.php\/wp-json\/wp\/v2\/posts"}],"about":[{"href":"http:\/\/hoycordobaweb.com\/index.php\/wp-json\/wp\/v2\/types\/post"}],"author":[{"embeddable":true,"href":"http:\/\/hoycordobaweb.com\/index.php\/wp-json\/wp\/v2\/users\/1"}],"replies":[{"embeddable":true,"href":"http:\/\/hoycordobaweb.com\/index.php\/wp-json\/wp\/v2\/comments?post=52458"}],"version-history":[{"count":0,"href":"http:\/\/hoycordobaweb.com\/index.php\/wp-json\/wp\/v2\/posts\/52458\/revisions"}],"wp:featuredmedia":[{"embeddable":true,"href":"http:\/\/hoycordobaweb.com\/index.php\/wp-json\/wp\/v2\/media\/52459"}],"wp:attachment":[{"href":"http:\/\/hoycordobaweb.com\/index.php\/wp-json\/wp\/v2\/media?parent=52458"}],"wp:term":[{"taxonomy":"category","embeddable":true,"href":"http:\/\/hoycordobaweb.com\/index.php\/wp-json\/wp\/v2\/categories?post=52458"},{"taxonomy":"post_tag","embeddable":true,"href":"http:\/\/hoycordobaweb.com\/index.php\/wp-json\/wp\/v2\/tags?post=52458"}],"curies":[{"name":"wp","href":"https:\/\/api.w.org\/{rel}","templated":true}]}}