{"id":52348,"date":"2022-12-07T13:26:56","date_gmt":"2022-12-07T13:26:56","guid":{"rendered":"https:\/\/ladecimaweb.com\/?p=15348"},"modified":"2022-12-07T13:26:56","modified_gmt":"2022-12-07T13:26:56","slug":"la-justicia-autorizo-el-pago-del-potenciar-trabajo-hoy-comienza-a-depositarse","status":"publish","type":"post","link":"http:\/\/hoycordobaweb.com\/index.php\/2022\/12\/07\/la-justicia-autorizo-el-pago-del-potenciar-trabajo-hoy-comienza-a-depositarse\/","title":{"rendered":"La Justicia autoriz\u00f3 el pago del Potenciar Trabajo: hoy comienza a depositarse"},"content":{"rendered":"<div class=\"boldgrid-section\">\n<div class=\"container\">\n<div class=\"row\">\n<div class=\"col-md-12 col-xs-12 col-sm-12\">\n<p class=\"\"><span>El ministerio de Desarrollo Social de la Naci\u00f3n recibi\u00f3 de la Justicia la autorizaci\u00f3n para avanzar con el procedimiento de liquidaci\u00f3n del Potenciar Trabajo correspondiente al mes de noviembre, por lo que&nbsp;<\/span><strong>este mi\u00e9rcoles comenzar\u00e1n a ver depositado el monto en sus cuentas bancarias las y los titulares de este programa<\/strong><span>, seg\u00fan se inform\u00f3 oficialmente.<\/span><\/p>\n<p><span>Seg\u00fan se consign\u00f3 desde la cartera que conduce Victoria Tolosa Paz, la autorizaci\u00f3n fue recibida en respuesta a un pedido formulado ante juez Ariel Lijo, a cargo de una causa que se sigue sobre presuntas incompatibilidades en el padr\u00f3n de este programa social.<\/span><\/p>\n<p><span>La intenci\u00f3n de las autoridades de Desarrollo Social era que el an\u00e1lisis caso por caso que se lleva a cabo en la Justicia no detuviera el cobro de los beneficiarios, seg\u00fan explicaron voceros de esa cartera.<\/span><\/p>\n<p><span>Desde el Ministerio, se puso en marcha el pasado jueves la liquidaci\u00f3n del Potenciar Trabajo referida al mes de noviembre, pero&nbsp;<\/span><strong>se trata de un proceso que &#8220;no es autom\u00e1tico y se trabaj\u00f3 intensamente para acelerar los tiempos administrativos&#8221;.<\/strong><\/p>\n<p><span>Por su parte,&nbsp;<\/span><a href=\"https:\/\/www.telam.com.ar\/notas\/202212\/613290-organizaciones-unidad-piquetera-desarrollo-social-audiencia-tolosa-paz.html\" target=\"_blank\" rel=\"noopener noreferrer\">las organizaciones de izquierda nucleadas en la Unidad Piquetera (UP) hab\u00edan comenzado a concentrarse esta ma\u00f1ana en distintos puntos del centro porte\u00f1o para luego marchar a la sede del Ministerio de Desarrollo Social<\/a><span>&nbsp;en protesta de estas demoras y otros reclamos.<\/span><\/p>\n<p><span>Adem\u00e1s, la UP anticipaba continuar con un plan de lucha que contemplaba nueva movilizaciones para los pr\u00f3ximos d\u00edas.<\/span><\/p>\n<p class=\"\">&nbsp;<\/p>\n<p class=\"\">\n<div class=\"ubm_banner\"><a href=\"https:\/\/www.cba.gov.ar\" target=\"_blank\" rel=\"dofollow noopener noreferrer\"><img src=\"http:\/\/hoycordobaweb.com\/wp-content\/uploads\/2022\/12\/la-justicia-autorizo-el-pago-del-potenciar-trabajo-hoy-comienza-a-depositarse.gif\" alt=\"\"><\/a><\/div>\n<\/div>\n<\/div>\n<\/div>\n<\/div>\n<p>La entrada <a rel=\"nofollow\" href=\"https:\/\/ladecimaweb.com\/15348-2\/\">La Justicia autoriz\u00f3 el pago del Potenciar Trabajo: hoy comienza a depositarse<\/a> se public\u00f3 primero en <a rel=\"nofollow\" href=\"https:\/\/ladecimaweb.com\">LaDecima<\/a>.<\/p>\n","protected":false},"excerpt":{"rendered":"<p>El ministerio de Desarrollo Social de la Naci\u00f3n recibi\u00f3 de la Justicia la autorizaci\u00f3n para avanzar con el procedimiento de liquidaci\u00f3n del Potenciar Trabajo correspondiente al mes de noviembre, por lo que&nbsp;este mi\u00e9rcoles comenzar\u00e1n a ver depositado el monto en sus cuentas bancarias las y los titulares de este programa, seg\u00fan se inform\u00f3 oficialmente. Seg\u00fan [&hellip;]<\/p>\n","protected":false},"author":1,"featured_media":52349,"comment_status":"closed","ping_status":"closed","sticky":false,"template":"","format":"standard","meta":[],"categories":[19],"tags":[],"_links":{"self":[{"href":"http:\/\/hoycordobaweb.com\/index.php\/wp-json\/wp\/v2\/posts\/52348"}],"collection":[{"href":"http:\/\/hoycordobaweb.com\/index.php\/wp-json\/wp\/v2\/posts"}],"about":[{"href":"http:\/\/hoycordobaweb.com\/index.php\/wp-json\/wp\/v2\/types\/post"}],"author":[{"embeddable":true,"href":"http:\/\/hoycordobaweb.com\/index.php\/wp-json\/wp\/v2\/users\/1"}],"replies":[{"embeddable":true,"href":"http:\/\/hoycordobaweb.com\/index.php\/wp-json\/wp\/v2\/comments?post=52348"}],"version-history":[{"count":0,"href":"http:\/\/hoycordobaweb.com\/index.php\/wp-json\/wp\/v2\/posts\/52348\/revisions"}],"wp:featuredmedia":[{"embeddable":true,"href":"http:\/\/hoycordobaweb.com\/index.php\/wp-json\/wp\/v2\/media\/52349"}],"wp:attachment":[{"href":"http:\/\/hoycordobaweb.com\/index.php\/wp-json\/wp\/v2\/media?parent=52348"}],"wp:term":[{"taxonomy":"category","embeddable":true,"href":"http:\/\/hoycordobaweb.com\/index.php\/wp-json\/wp\/v2\/categories?post=52348"},{"taxonomy":"post_tag","embeddable":true,"href":"http:\/\/hoycordobaweb.com\/index.php\/wp-json\/wp\/v2\/tags?post=52348"}],"curies":[{"name":"wp","href":"https:\/\/api.w.org\/{rel}","templated":true}]}}