{"id":52339,"date":"2022-12-09T06:16:36","date_gmt":"2022-12-09T06:16:36","guid":{"rendered":"http:\/\/hoycordobaweb.com\/index.php\/2022\/12\/09\/argentinos-juniors-se-pone-en-marcha-vavel-com\/"},"modified":"2022-12-09T06:16:36","modified_gmt":"2022-12-09T06:16:36","slug":"argentinos-juniors-se-pone-en-marcha-vavel-com","status":"publish","type":"post","link":"http:\/\/hoycordobaweb.com\/index.php\/2022\/12\/09\/argentinos-juniors-se-pone-en-marcha-vavel-com\/","title":{"rendered":"<b>Argentinos<\/b> Juniors se pone en marcha &#8211; VAVEL.com"},"content":{"rendered":"<p>Esta semana, el plantel de <b>Argentinos<\/b> Juniors retom\u00f3 las pr\u00e1cticas con dos &#8230; El nacido en Don Torcuato volver\u00e1 al <b>f\u00fatbol<\/b> mexicano, pero esta vez&nbsp;&#8230; <\/p>\n","protected":false},"excerpt":{"rendered":"<p>Esta semana, el plantel de Argentinos Juniors retom\u00f3 las pr\u00e1cticas con dos &#8230; El nacido en Don Torcuato volver\u00e1 al f\u00fatbol mexicano, pero esta vez&nbsp;&#8230;<\/p>\n","protected":false},"author":1,"featured_media":0,"comment_status":"closed","ping_status":"closed","sticky":false,"template":"","format":"standard","meta":[],"categories":[22],"tags":[],"_links":{"self":[{"href":"http:\/\/hoycordobaweb.com\/index.php\/wp-json\/wp\/v2\/posts\/52339"}],"collection":[{"href":"http:\/\/hoycordobaweb.com\/index.php\/wp-json\/wp\/v2\/posts"}],"about":[{"href":"http:\/\/hoycordobaweb.com\/index.php\/wp-json\/wp\/v2\/types\/post"}],"author":[{"embeddable":true,"href":"http:\/\/hoycordobaweb.com\/index.php\/wp-json\/wp\/v2\/users\/1"}],"replies":[{"embeddable":true,"href":"http:\/\/hoycordobaweb.com\/index.php\/wp-json\/wp\/v2\/comments?post=52339"}],"version-history":[{"count":0,"href":"http:\/\/hoycordobaweb.com\/index.php\/wp-json\/wp\/v2\/posts\/52339\/revisions"}],"wp:attachment":[{"href":"http:\/\/hoycordobaweb.com\/index.php\/wp-json\/wp\/v2\/media?parent=52339"}],"wp:term":[{"taxonomy":"category","embeddable":true,"href":"http:\/\/hoycordobaweb.com\/index.php\/wp-json\/wp\/v2\/categories?post=52339"},{"taxonomy":"post_tag","embeddable":true,"href":"http:\/\/hoycordobaweb.com\/index.php\/wp-json\/wp\/v2\/tags?post=52339"}],"curies":[{"name":"wp","href":"https:\/\/api.w.org\/{rel}","templated":true}]}}