{"id":52325,"date":"2022-12-08T01:43:00","date_gmt":"2022-12-08T01:43:00","guid":{"rendered":"http:\/\/hoycordobaweb.com\/index.php\/2022\/12\/08\/estados-unidos-la-ue-y-paises-de-america-latina-pidieron-resguardar-el-estado-de-derecho\/"},"modified":"2022-12-08T01:43:00","modified_gmt":"2022-12-08T01:43:00","slug":"estados-unidos-la-ue-y-paises-de-america-latina-pidieron-resguardar-el-estado-de-derecho","status":"publish","type":"post","link":"http:\/\/hoycordobaweb.com\/index.php\/2022\/12\/08\/estados-unidos-la-ue-y-paises-de-america-latina-pidieron-resguardar-el-estado-de-derecho\/","title":{"rendered":"Estados Unidos, la UE y pa\u00edses de Am\u00e9rica Latina pidieron resguardar el estado de derecho"},"content":{"rendered":"<p><img src=\"http:\/\/hoycordobaweb.com\/wp-content\/uploads\/2022\/12\/estados-unidos-la-ue-y-paises-de-america-latina-pidieron-resguardar-el-estado-de-derecho.jpg\"><\/p>\n<figure class=\"mb-3\"><img loading=\"lazy\" src=\"http:\/\/hoycordobaweb.com\/wp-content\/uploads\/2022\/12\/estados-unidos-la-ue-y-paises-de-america-latina-pidieron-resguardar-el-estado-de-derecho-2.jpg\" width=\"100%\" height=\"100%\" alt=\"Castillo en una reunin con fiscales Foto AFP\"><figcaption> Castillo en una reuni\u00f3n con fiscales. Foto: AFP <\/figcaption><\/figure>\n<p>Estados Unidos y la mayor\u00eda de los pa\u00edses de Am\u00e9rica Latina expresaron este mi\u00e9rcoles su \u00abpreocupaci\u00f3n\u00bb por la crisis pol\u00edtica que atraviesa Per\u00fa y solicitaron a los poderes de ese pa\u00eds que encuentren una soluci\u00f3n por la v\u00eda democr\u00e1tica, luego de que el Congreso destituyera al presidente Pedro Castillo, quien previamente hab\u00eda disuelto el cuerpo.<\/p>\n<p><strong>El Congreso destituy\u00f3 a Castillo por \u00abincapacidad moral\u00bb, <\/strong>luego de que el mandatario decidiera disolver el Poder Legislativo y reorganizar el sistema de Justicia.<\/p>\n<p>L<strong>a vicepresidenta Dina Boluarte, que denunci\u00f3 un \u00abgolpe de estado\u00bb, asumi\u00f3 la Presidencia este mismo mi\u00e9rcoles por la tarde.<\/strong><\/p>\n<p><strong>\u00abTengo entendido que, dada la acci\u00f3n del Congreso, ahora es el expresidente Castillo\u00bb, dijo a periodistas el vocero del Departamento de Estado de Estados Unidos, Ned Price, que agreg\u00f3 que los legisladores peruanos tomaron \u00abmedidas correctivas\u00bb<\/strong> de acuerdo con las reglas democr\u00e1ticas.<\/p>\n<p><strong>\u00abRechazaremos categ\u00f3ricamente cualquier acto que contravenga cualquier Constituci\u00f3n, cualquier acto que socave la democracia en ese pa\u00eds\u00bb<\/strong>, afirm\u00f3 Price, seg\u00fan la agencia de noticias AFP.<\/p>\n<p>Estados Unidos actuar\u00e1 \u00abde acuerdo con los deseos y las aspiraciones del pueblo peruano\u00bb, agreg\u00f3 el funcionario.<\/p>\n<blockquote class=\"twitter-tweet\" readability=\"5.5151515151515\">\n<p lang=\"es\" dir=\"ltr\">Los Estados Unidos rechaza categ\u00f3ricamente cualquier acto extraconstitucional del presidente Castillo para impedir que el Congreso cumpla con su mandato.<\/p>\n<p>\u2014 Lisa Kenna (@USAmbPeru) <a href=\"https:\/\/twitter.com\/USAmbPeru\/status\/1600552518056308736?ref_src=twsrc%5Etfw\">December 7, 2022<\/a><\/p><\/blockquote>\n<p>En tanto, el Gobierno de <strong>la Argentina manifest\u00f3 su \u00abprofunda preocupaci\u00f3n\u00bb por la crisis pol\u00edtica que atraviesa Per\u00fa y exhort\u00f3 a \u00abtodos los actores pol\u00edticos y sociales\u00bb de ese pa\u00eds a \u00abresguardar las instituciones democr\u00e1ticas, el Estado de derecho y el orden constitucional\u00bb<\/strong><\/p>\n<p>La Argentina \u00ablamenta y expresa su profunda preocupaci\u00f3n por la crisis pol\u00edtica que atraviesa la hermana Rep\u00fablica del Per\u00fa, y hace un llamado a todos los actores pol\u00edticos y sociales a que se resguarden las instituciones democr\u00e1ticas, el Estado de derecho y el orden constitucional\u00bb, tuite\u00f3 la Canciller\u00eda.<\/p>\n<p>El Gobierno de Brasil tambi\u00e9n destac\u00f3 que la decisi\u00f3n de Castillo de disolver el Congreso y decretar un toque de queda representan una \u00abviolaci\u00f3n contra la democracia\u00bb.<\/p>\n<p>En tanto, el presidente electo de Brasil, <strong>Luiz In\u00e1cio Lula da Silva, recibi\u00f3 con \u00abmucha preocupaci\u00f3n\u00bb las noticias sobre la crisis en Per\u00fa, remarc\u00f3 que es \u201csiempre lamentable que un presidente electo democr\u00e1ticamente tenga ese destino\u201d, pero rescat\u00f3 que \u201ctodo fue encaminado de forma constitucional\u00bb.<\/strong><\/p>\n<p><strong>\u00abLo que Per\u00fa y Am\u00e9rica del Sur precisan en este momento es de di\u00e1logo, tolerancia y convivencia democr\u00e1tica para resolver los verdaderos problemas que todos enfrentamos\u00bb, a\u00f1adi\u00f3 Lula<\/strong> en un comunicado, en el que expres\u00f3 su deseo de que Boluarte tenga \u00e9xito \u201cen su tarea de reconciliar el pa\u00eds\u201d.<\/p>\n<blockquote class=\"twitter-tweet\" readability=\"8.5943661971831\">\n<p lang=\"es\" dir=\"ltr\">Argentina lamenta y expresa su profunda preocupaci\u00f3n por la crisis pol\u00edtica que atraviesa la hermana Rep\u00fablica del Per\u00fa, y hace un llamado a todos los actores pol\u00edticos y sociales a que se resguarden las instituciones democr\u00e1ticas, el estado de derecho y el orden constitucional.<\/p>\n<p>\u2014 Canciller\u00eda Argentina \ud83c\udde6\ud83c\uddf7 (@CancilleriaARG) <a href=\"https:\/\/twitter.com\/CancilleriaARG\/status\/1600558235123073032?ref_src=twsrc%5Etfw\">December 7, 2022<\/a><\/p><\/blockquote>\n<p><strong>\u00abLas medidas adoptadas el d\u00eda de hoy, 7 de diciembre, por el presidente Pedro Castillo, incompatibles con las normas constitucionales de Per\u00fa, representaban una violaci\u00f3n a la vigencia de la democracia y del Estado de Derecho\u00bb<\/strong>, destac\u00f3 en un comunicado el Ministerio de Relaciones exteriores de Brasil, seg\u00fan la agencia Sputnik.<\/p>\n<p><strong>El Gobierno de Chile dijo en un comunicado que \u00ablamenta profundamente la situaci\u00f3n pol\u00edtica que est\u00e1 viviendo la Rep\u00fablica del Per\u00fa<\/strong>, y conf\u00eda en que esta crisis que afecta al pa\u00eds hermano se pueda resolver a trav\u00e9s de mecanismos democr\u00e1ticos y el respeto al estado de derecho\u00bb.<\/p>\n<p>Chile \u00abhace un llamado enf\u00e1tico a que se respeten los derechos humanos y las libertades fundamentales, y reafirma su compromiso con la democracia y el di\u00e1logo como el camino para superar este complejo momento\u00bb, agreg\u00f3.<\/p>\n<blockquote class=\"twitter-tweet\" readability=\"7.6049382716049\">\n<p lang=\"es\" dir=\"ltr\">El Gobierno de Chile lamenta profundamente la situaci\u00f3n pol\u00edtica que est\u00e1 viviendo la Rep\u00fablica del Per\u00fa, y conf\u00eda en que esta crisis que afecta a un pa\u00eds hermano se pueda resolver a trav\u00e9s de mecanismos democr\u00e1ticos y el respeto al Estado de Derecho.<\/p>\n<p>\u2014 Canciller\u00eda Chile \ud83c\udde8\ud83c\uddf1 (@Minrel_Chile) <a href=\"https:\/\/twitter.com\/Minrel_Chile\/status\/1600577901677658115?ref_src=twsrc%5Etfw\">December 7, 2022<\/a><\/p><\/blockquote>\n<p>Asimismo<strong>, el Gobierno de \u00abM\u00e9xico lamenta los \u00faltimos acontecimientos en Per\u00fa y hace votos por el respeto a la democracia y a los derechos humanos en bien de ese entra\u00f1able pueblo hermano\u00bb<\/strong>, tuite\u00f3 el canciller, Marcelo Ebrard, que previamente hab\u00eda anunciado la suspensi\u00f3n de la cumbre de la Alianza del Pac\u00edfico, en la que M\u00e9xico entregar\u00eda la presidencia del organismo a Per\u00fa la semana pr\u00f3xima, en Lima.<\/p>\n<p>Por su parte,<strong> el Gobierno de Ecuador \u00abexpresa su profunda preocupaci\u00f3n por la situaci\u00f3n pol\u00edtica en el hermano pa\u00eds del Per\u00fa. Hacemos un llamado a todos los actores pol\u00edticos para mantener el Estado de Derecho y la Democracia y a la comunidad internacional para facilitar el proceso democr\u00e1tico del Per\u00fa\u00bb,<\/strong> tuite\u00f3 la Canciller\u00eda.<\/p>\n<blockquote class=\"twitter-tweet\" readability=\"8.1994459833795\">\n<p lang=\"es\" dir=\"ltr\">El gobierno de Colombia expresa su preocupaci\u00f3n por la crisis pol\u00edtica en Per\u00fa, se solidariza con el hermano pueblo peruano y hace un llamado al di\u00e1logo a todos los actores pol\u00edticos para salvaguardar la democracia\u00bb. <\/p>\n<p>El comunicado completo aqu\u00ed:<a href=\"https:\/\/t.co\/DSLTfi0aQR\">https:\/\/t.co\/DSLTfi0aQR<\/a> <a href=\"https:\/\/t.co\/wwWJBYxR1e\">pic.twitter.com\/wwWJBYxR1e<\/a><\/p>\n<p>\u2014 Canciller\u00eda Colombia (@CancilleriaCol) <a href=\"https:\/\/twitter.com\/CancilleriaCol\/status\/1600580029171253281?ref_src=twsrc%5Etfw\">December 7, 2022<\/a><\/p><\/blockquote>\n<p>A su vez, <strong>el Gobierno de Colombia \u00abexpresa su preocupaci\u00f3n por la crisis pol\u00edtica en Per\u00fa, <\/strong>se solidariza con el hermano pueblo peruano y hace un llamado al di\u00e1logo a todos los actores pol\u00edticos para salvaguardar la democracia\u00bb, declar\u00f3 el Ministerio de Relaciones Exteriores en un comunicado publicado en su p\u00e1gina web.<\/p>\n<p>\u00abColombia condena todo atentado contra la democracia, venga de donde venga, y recuerda que la democracia requiere el reconocimiento de la voluntad popular expresada tanto en las elecciones para presidente como para el congreso\u00bb, agreg\u00f3 el texto.<\/p>\n<p>Tambi\u00e9n<strong> la Uni\u00f3n Europea (UE) reclam\u00f3 di\u00e1logo para asegurar la estabilidad en Per\u00fa<\/strong> y expres\u00f3 su respaldo \u201ca la soluci\u00f3n pol\u00edtica, democr\u00e1tica y pac\u00edfica adoptada por las instituciones\u201d.<\/p>\n<p>En un comunicado que firma la delegaci\u00f3n del bloque en Lima, la UE inst\u00f3 a \u201ctodos los actores de Per\u00fa a un di\u00e1logo que asegure la estabilidad en el marco institucional\u00bb, y afirm\u00f3 que los pa\u00edses miembros siguen \u00abatentamente los acontecimientos\u00bb.<\/p>\n<p>El presidente de Bolivia, <strong>Luis Arce, afirm\u00f3 en Twitter que \u00abdesde un inicio la derecha peruana intent\u00f3 derrocar a un gobierno democr\u00e1ticamente electo por el pueblo, por las clases humildes que buscan m\u00e1s inclusi\u00f3n y justicia social\u00bb.<\/strong><\/p>\n<blockquote class=\"twitter-tweet\" readability=\"10.509749303621\">\n<p lang=\"es\" dir=\"ltr\">El constante hostigamiento de \u00e9lites antidemocr\u00e1ticas contra gobiernos progresistas, populares y leg\u00edtimamente constituidos, debe ser condenado por todas y todos. Abogamos porque la democracia, la paz y respeto a los Derechos Humanos, prevalezcan en beneficio del pueblo peruano.<\/p>\n<p>\u2014 Luis Alberto Arce Catacora (Lucho Arce) (@LuchoXBolivia) <a href=\"https:\/\/twitter.com\/LuchoXBolivia\/status\/1600620103124791296?ref_src=twsrc%5Etfw\">December 7, 2022<\/a><\/p><\/blockquote>\n<p>\u00abEl constante hostigamiento de \u00e9lites antidemocr\u00e1ticas contra gobiernos progresistas, populares y leg\u00edtimamente constituidos, debe ser condenado por todas y todos; abogamos porque la democracia, la paz y respeto a los derechos humanos, prevalezcan en beneficio del pueblo peruano\u00bb, agreg\u00f3.<\/p>\n<p>En tanto, <strong>el Gobierno de Uruguay, en un comunicado de su canciller\u00eda, hizo \u00abun llamado a respetar las instituciones democr\u00e1ticas\u00bb y conden\u00f3 \u00aben\u00e9rgicamente cualquier intento de quebrantar el orden constitucional vigente\u00bb en Per\u00fa.<\/strong><\/p>\n<p>A\u00f1adi\u00f3 que confiaba en \u00abun pronto y normal funcionamiento de las instituciones republicanas de gobierno\u00bb y augur\u00f3 que la asunci\u00f3n de Boluarte \u00abconduzca a garantizar la estabilidad pol\u00edtica y la preservaci\u00f3n del estado de derecho\u00bb.<\/p>\n","protected":false},"excerpt":{"rendered":"<p>Castillo en una reuni\u00f3n con fiscales. Foto: AFP Estados Unidos y la mayor\u00eda de los pa\u00edses de Am\u00e9rica Latina expresaron este mi\u00e9rcoles su \u00abpreocupaci\u00f3n\u00bb por la crisis pol\u00edtica que atraviesa Per\u00fa y solicitaron a los poderes de ese pa\u00eds que encuentren una soluci\u00f3n por la v\u00eda democr\u00e1tica, luego de que el Congreso destituyera al presidente [&hellip;]<\/p>\n","protected":false},"author":1,"featured_media":52326,"comment_status":"open","ping_status":"closed","sticky":false,"template":"","format":"standard","meta":[],"categories":[19],"tags":[],"_links":{"self":[{"href":"http:\/\/hoycordobaweb.com\/index.php\/wp-json\/wp\/v2\/posts\/52325"}],"collection":[{"href":"http:\/\/hoycordobaweb.com\/index.php\/wp-json\/wp\/v2\/posts"}],"about":[{"href":"http:\/\/hoycordobaweb.com\/index.php\/wp-json\/wp\/v2\/types\/post"}],"author":[{"embeddable":true,"href":"http:\/\/hoycordobaweb.com\/index.php\/wp-json\/wp\/v2\/users\/1"}],"replies":[{"embeddable":true,"href":"http:\/\/hoycordobaweb.com\/index.php\/wp-json\/wp\/v2\/comments?post=52325"}],"version-history":[{"count":0,"href":"http:\/\/hoycordobaweb.com\/index.php\/wp-json\/wp\/v2\/posts\/52325\/revisions"}],"wp:featuredmedia":[{"embeddable":true,"href":"http:\/\/hoycordobaweb.com\/index.php\/wp-json\/wp\/v2\/media\/52326"}],"wp:attachment":[{"href":"http:\/\/hoycordobaweb.com\/index.php\/wp-json\/wp\/v2\/media?parent=52325"}],"wp:term":[{"taxonomy":"category","embeddable":true,"href":"http:\/\/hoycordobaweb.com\/index.php\/wp-json\/wp\/v2\/categories?post=52325"},{"taxonomy":"post_tag","embeddable":true,"href":"http:\/\/hoycordobaweb.com\/index.php\/wp-json\/wp\/v2\/tags?post=52325"}],"curies":[{"name":"wp","href":"https:\/\/api.w.org\/{rel}","templated":true}]}}