{"id":52301,"date":"2022-12-08T07:01:09","date_gmt":"2022-12-08T07:01:09","guid":{"rendered":"https:\/\/www.ole.com.ar\/seleccion\/seleccion-mac-allister-paises-bajos-qatar-2022_0_XXtbj56H37.html"},"modified":"2022-12-08T07:01:09","modified_gmt":"2022-12-08T07:01:09","slug":"alexis-el-paso-a-paso-la-bandera-de-la-pampa-y-la-final-ante-holanda","status":"publish","type":"post","link":"http:\/\/hoycordobaweb.com\/index.php\/2022\/12\/08\/alexis-el-paso-a-paso-la-bandera-de-la-pampa-y-la-final-ante-holanda\/","title":{"rendered":"Alexis, el \u00abpaso a paso\u00bb, la bandera de La Pampa y la final ante Holanda"},"content":{"rendered":"<p><img src=\"http:\/\/hoycordobaweb.com\/wp-content\/uploads\/2022\/12\/alexis-el-paso-a-paso-la-bandera-de-la-pampa-y-la-final-ante-holanda.jpg\"><\/p>\n<div class=\"custom-text \" readability=\"34.326241134752\">\n<p>Hasta que comenz\u00f3 la etapa mundialista, <a href=\"https:\/\/www.ole.com.ar\/tema\/alexis-mac-allister.html\" title=\"Alexis Mac Allister\" alt=\"Alexis Mac Allister\" class=\"slug\">Alexis Mac Allis<\/a><a href=\"https:\/\/www.ole.com.ar\/tema\/alexis-mac-allister.html\" title=\"Alexis Mac Allister\" alt=\"Alexis Mac Allister\" class=\"slug\">ter<\/a> <strong>s\u00f3lo hab\u00eda jugado siete partidos en la Selecci\u00f3n<\/strong>. Llegaba a la Copa del Mundo como un buen relevo, como alguien que pod\u00eda dar una mano, pero <a href=\"https:\/\/www.ole.com.ar\/ecuador\/qatar-2022\/gio-lo-celso-lesion-pierde-mundial-argentina_0_UzaOXCkb9y.html\" target=\"_blank\" rel=\"noopener noreferrer\">la lesi\u00f3n de Gio Lo Celso previa a Qatar<\/a>, el bajo rendimiento de otros compa\u00f1eros y su voluntad para estar siempre listo para cuando lo necesitaran, le abrieron la puerta para que se convirtiera en un jugador clave.<\/p>\n<\/div>\n<div class=\"sc-e9a69009-0 cjEXLm\" readability=\"6\">\n<section readability=\"2\"><picture><img class=\"img\" src=\"http:\/\/hoycordobaweb.com\/wp-content\/uploads\/2022\/12\/alexis-el-paso-a-paso-la-bandera-de-la-pampa-y-la-final-ante-holanda-2.jpg\" alt=\"Para ir poni\u00e9ndose manija: la pelota del partido \" height=\"290\" width=\"290\" loading=\"lazy\"><\/picture>\n<p><span>Mir\u00e1 tambi\u00e9n<\/span><\/p>\n<hr>\n<h3>Para ir poni\u00e9ndose manija: la pelota del partido <\/h3>\n<\/p>\n<\/section>\n<\/div>\n<div class=\"custom-text \" readability=\"37\">\n<p><strong>\u201c\u00bfSi caigo en lo que me est\u00e1 pasando? En el futuro voy a caer un poco m\u00e1s. Es dif\u00edcil ahora con tanta vor\u00e1gine y tanto que se juega en estos momentos, pero obviamente tengo una emoci\u00f3n muy grande y estoy muy contento<\/strong>. Yo intento hacerlo de la mejor manera para poder ayudar a mis compa\u00f1eros. Me vengo sintiendo muy bien y espero seguir as\u00ed\u201d, le cuenta a <strong>Ol\u00e9<\/strong> el volante del Brigthon.<\/p>\n<\/div>\n<div class=\"sc-12c850c8-0 eCmxEP player player\">\n<div class=\"sc-c2cbaef6-0 frUair text-container text-container\">\n<div class=\"sc-c2cbaef6-2 jaAInE videoText videoText\" id=\"contentTitlebodyrhtvekzx\">\n<div class=\"textContainer\" readability=\"32\"><svg fill=\"#ffffff\"><symbol id=\"play\" viewBox=\"0 0 512 512\"><path d=\"M512 256C512 397.4 397.4 512 256 512C114.6 512 0 397.4 0 256C0 114.6 114.6 0 256 0C397.4 0 512 114.6 512 256zM176 168V344C176 352.7 180.7 360.7 188.3 364.9C195.8 369.2 205.1 369 212.5 364.5L356.5 276.5C363.6 272.1 368 264.4 368 256C368 247.6 363.6 239.9 356.5 235.5L212.5 147.5C205.1 142.1 195.8 142.8 188.3 147.1C180.7 151.3 176 159.3 176 168V168z\" \/><\/symbol><use xlink:href=\"#play\" \/><\/svg><\/p>\n<div class=\"right\" readability=\"9\">\n<p class=\"sc-c2cbaef6-3 epNtir\">Selecci\u00f3n Argentina<!-- --> &#8211; <span>8-12-2022<\/span><\/p>\n<p class=\"sc-c2cbaef6-4 gsMHHt\">Mac Allister marc\u00f3 el 1 a 0 de Argentina<\/p>\n<\/div>\n<\/div>\n<\/div>\n<\/div>\n<\/div>\n<div class=\"sc-e9a69009-0 cjEXLm\" readability=\"6\">\n<section readability=\"2\"><picture><img class=\"img\" src=\"http:\/\/hoycordobaweb.com\/wp-content\/uploads\/2022\/12\/alexis-el-paso-a-paso-la-bandera-de-la-pampa-y-la-final-ante-holanda-3.jpg\" alt=\"El r\u00e9cord y el mensaje final que cruzaron Ag\u00fcero y Messi\" height=\"290\" width=\"290\" loading=\"lazy\"><\/picture>\n<p><span>Mir\u00e1 tambi\u00e9n<\/span><\/p>\n<hr>\n<h3>El r\u00e9cord y el mensaje final que cruzaron Ag\u00fcero y Messi<\/h3>\n<\/p>\n<\/section>\n<\/div>\n<div class=\"custom-text \" readability=\"38.585034013605\">\n<p>En el \u00faltimo amistoso previo al Mundial, <a href=\"https:\/\/www.ole.com.ar\/seleccion\/argentina-seleccion-ultima-prueba-emiratos-mundial-qatar-messi_0_ZIgSfa9yKs.html\" target=\"_blank\" rel=\"noopener noreferrer\">el 5-0 ante Emiratos Arabes<\/a>, fue titular. Parec\u00eda una se\u00f1al, que podr\u00eda repetir ante Arabia Saudita, pero el DT se decidi\u00f3 por Papu G\u00f3mez y no jug\u00f3 ni un minuto en el debut mundialista. De todos modos, puertas adentro <strong>Scaloni siempre destacaba la inteligencia t\u00e1ctica y la pegada de Alexis para moverse en el mediocampo<\/strong>. <strong>As\u00ed, de ser un suplente se transform\u00f3 en parte del 11, en el Gio Mac Allister del equipo<\/strong>: <a href=\"https:\/\/www.ole.com.ar\/mundial\/mundial-qatar-2022\/argentina-mexico-mundial-qatar-2022-messi_0_4gJqkOsGQg.html\" target=\"_blank\" rel=\"noopener noreferrer\">titular y buen partido ante M\u00e9xico<\/a>, actuaci\u00f3n consagratoria <a href=\"https:\/\/www.ole.com.ar\/seleccion\/gol-mac-allister-polonia-qatar_0_nZ38uRZmr0.html\" target=\"_blank\" rel=\"noopener noreferrer\">contra Polonia, con primer gol en la Selecci\u00f3n inclu\u00eddo<\/a> y otra buena performance<a href=\"https:\/\/www.ole.com.ar\/seleccion\/video-gol-messi-argentina-australia_0_CG2s1iC3xI.html\" target=\"_blank\" rel=\"noopener noreferrer\"> frente a Australia, donde particip\u00f3 en el gol de Mess<\/a>i. \u201cLo vi a Nico Otamendi que estaba (en el \u00e1rea), y Leo se la encontr\u00f3 de rebote. Leo vio justo que yo le iba a dar el pase a Ota, y por suerte le qued\u00f3 a \u00e9l\u201d, relata sobre el 1-0 que encamin\u00f3 el pase a cuartos.<\/p>\n<\/div>\n<div class=\"sc-12c850c8-0 eCmxEP player player\">\n<div class=\"sc-c2cbaef6-0 frUair text-container text-container\">\n<div class=\"sc-c2cbaef6-2 jaAInE videoText videoText\" id=\"contentTitlebodyZpFYMl8Q\">\n<div class=\"textContainer\" readability=\"31\"><svg fill=\"#ffffff\"><symbol id=\"play\" viewBox=\"0 0 512 512\"><path d=\"M512 256C512 397.4 397.4 512 256 512C114.6 512 0 397.4 0 256C0 114.6 114.6 0 256 0C397.4 0 512 114.6 512 256zM176 168V344C176 352.7 180.7 360.7 188.3 364.9C195.8 369.2 205.1 369 212.5 364.5L356.5 276.5C363.6 272.1 368 264.4 368 256C368 247.6 363.6 239.9 356.5 235.5L212.5 147.5C205.1 142.1 195.8 142.8 188.3 147.1C180.7 151.3 176 159.3 176 168V168z\" \/><\/symbol><use xlink:href=\"#play\" \/><\/svg><\/p>\n<div class=\"right\" readability=\"7\">\n<p class=\"sc-c2cbaef6-3 epNtir\">Lionel Messi<!-- --> &#8211; <span>8-12-2022<\/span><\/p>\n<p class=\"sc-c2cbaef6-4 gsMHHt\">Golazo de Messi para el 1 a 0 de Argentina<\/p>\n<\/div>\n<\/div>\n<\/div>\n<\/div>\n<\/div>\n<div class=\"sc-e9a69009-0 cjEXLm\" readability=\"6\">\n<section readability=\"2\"><picture><img class=\"img\" src=\"http:\/\/hoycordobaweb.com\/wp-content\/uploads\/2022\/12\/alexis-el-paso-a-paso-la-bandera-de-la-pampa-y-la-final-ante-holanda-4.jpg\" alt=\"Las jodas de Messi y el Kun Ag\u00fcero al Papu que se quiso hacer un corte como Beckham\" height=\"290\" width=\"290\" loading=\"lazy\"><\/picture>\n<p><span>Mir\u00e1 tambi\u00e9n<\/span><\/p>\n<hr>\n<h3>Las jodas de Messi y el Kun Ag\u00fcero al Papu que se quiso hacer un corte como Beckham<\/h3>\n<\/p>\n<\/section>\n<\/div>\n<div class=\"sc-e9a69009-0 cjEXLm\" readability=\"6\">\n<section readability=\"2\"><picture><img class=\"img\" src=\"http:\/\/hoycordobaweb.com\/wp-content\/uploads\/2022\/12\/alexis-el-paso-a-paso-la-bandera-de-la-pampa-y-la-final-ante-holanda-5.jpg\" alt=\"El mensaje de De Paul tras la alarma en la pr\u00e1ctica de Argentina\" height=\"290\" width=\"290\" loading=\"lazy\"><\/picture>\n<p><span>Mir\u00e1 tambi\u00e9n<\/span><\/p>\n<hr>\n<h3>El mensaje de De Paul tras la alarma en la pr\u00e1ctica de Argentina<\/h3>\n<\/p>\n<\/section>\n<\/div>\n<div class=\"custom-text \">\n<h2>Su gran apuesta por la Selecci\u00f3n<\/h2>\n<\/div>\n<div class=\"custom-text \" readability=\"42\">\n<p><strong>Si Alexis Mac Allister est\u00e1 hoy en el Mundial es porque se la jug\u00f3, se plant\u00f3 con la dirigencia del Brigthon en la previa a los Juegos Ol\u00edmpicos del 2021. No lo quer\u00edan dejar ir, pero \u00e9l sent\u00eda que deb\u00eda estar en el plantel del Bocha Batista y logr\u00f3 convencer a los ingleses<\/strong>. Es verdad que al Sub 23 le fue mal, pero \u00e9l tuvo un buen torneo y <strong>le sirvi\u00f3 como trampol\u00edn hacia la Mayor<\/strong>.<em> \u201cCuando estaba afuera, siempre trabajaba para estar ac\u00e1. Despu\u00e9s soy muy agradecido porque Lionel me dio la posibilidad de jugar, de participar en esta Copa del Mundo<\/em>\u201d, dice quien en su d\u00eda libre fue a la playas de La Perla y se sac\u00f3 una foto con el eterno Gabriel Batistuta, compa\u00f1ero de su pap\u00e1 en los 90\u2019.<\/p>\n<\/div>\n<div class=\"sc-e9a69009-0 cjEXLm\" readability=\"6\">\n<section readability=\"2\"><picture><img class=\"img\" src=\"http:\/\/hoycordobaweb.com\/wp-content\/uploads\/2022\/12\/alexis-el-paso-a-paso-la-bandera-de-la-pampa-y-la-final-ante-holanda-6.jpg\" alt=\"El show de Messi en Twitch con el Kun\" height=\"290\" width=\"290\" loading=\"lazy\"><\/picture>\n<p><span>Mir\u00e1 tambi\u00e9n<\/span><\/p>\n<hr>\n<h3>El show de Messi en Twitch con el Kun<\/h3>\n<\/p>\n<\/section>\n<\/div>\n<div class=\"custom-text \" readability=\"39.076923076923\">\n<p><a href=\"https:\/\/www.ole.com.ar\/mundial\/mundial-qatar-2022\/qatar-2022-argentina-seleccion-australia_0_f3lh9vLIlX.html\" target=\"_blank\" rel=\"noopener noreferrer\">El triunfo ante Australia<\/a> ya es pasado, pero Alexis valora su aporte y destaca que \u201cfue partido muy dif\u00edcil, ellos presionaban muy bien, nos cerraron los espacios, en el primer tiempo quiz\u00e1 nos cost\u00f3 un poco, aunque en l\u00edneas generales lo sacamos bien adelante, y ganamos\u201d. Y enseguida valora la la importancia de esos parates: \u201cEstos momentos de descanso son muy importantes. Ante Australia jugamos con pocos d\u00edas de descanso. Estos cuatro o cinco d\u00edas van a servir para descansar y enfocarnos en el pr\u00f3ximo partido\u201d.<\/p>\n<\/div>\n<div class=\"sc-e9a69009-0 cjEXLm\" readability=\"6\">\n<section readability=\"2\"><picture><img class=\"img\" src=\"http:\/\/hoycordobaweb.com\/wp-content\/uploads\/2022\/12\/alexis-el-paso-a-paso-la-bandera-de-la-pampa-y-la-final-ante-holanda-7.jpg\" alt=\"Juli\u00e1n: &quot;Pep me dijo que ten\u00edamos una buena Selecci\u00f3n&quot;\" height=\"290\" width=\"290\" loading=\"lazy\"><\/picture>\n<p><span>Mir\u00e1 tambi\u00e9n<\/span><\/p>\n<hr>\n<h3>Juli\u00e1n: \u00abPep me dijo que ten\u00edamos una buena Selecci\u00f3n\u00bb<\/h3>\n<\/p>\n<\/section>\n<\/div>\n<div class=\"custom-text \" readability=\"42\">\n<p>Alexis, hermano de Kevin -defensor clave de Argentinos- y Francis -volante de Talleres-, es hijo del Colo, el aguerrido lateral izquierdo que en los 90\u2019 la rompi\u00f3 en Argentinos, Boca y la Selecci\u00f3n. Y cuenta con el apoyo incondicional de su propia banda, que lo sigue en todas las canchas con una bandera especial. <strong>\u201cPara m\u00ed la familia es s\u00faper importante. Es una emoci\u00f3n muy grande, andan todo el tiempo con una bandera de La Pampa y para m\u00ed es un orgullo poder representar a la provincia, a la ciudad de Santa Rosa<\/strong>. Siento un cari\u00f1o muy grande por ellos y me pone muy contento que mi familia y la gente lo est\u00e9 disfrutando\u201d.<\/p>\n<\/div>\n<div class=\"sc-e9a69009-0 cjEXLm\" readability=\"6\">\n<section readability=\"2\"><picture><img class=\"img\" src=\"http:\/\/hoycordobaweb.com\/wp-content\/uploads\/2022\/12\/alexis-el-paso-a-paso-la-bandera-de-la-pampa-y-la-final-ante-holanda-8.jpg\" alt=\"Argentina: \u00bfQui\u00e9n dio m\u00e1s y mejores pases? \u00bfQui\u00e9n corri\u00f3 y presion\u00f3 m\u00e1s? \" height=\"290\" width=\"290\" loading=\"lazy\"><\/picture>\n<p><span>Mir\u00e1 tambi\u00e9n<\/span><\/p>\n<hr>\n<h3>Argentina: \u00bfQui\u00e9n dio m\u00e1s y mejores pases? \u00bfQui\u00e9n corri\u00f3 y presion\u00f3 m\u00e1s? <\/h3>\n<\/p>\n<\/section>\n<\/div>\n<div class=\"sc-b8e659bf-0 gCuBvW\"><img alt=\"Allister junto a Batistuta en el \u00faltimo d\u00eda libre de la Selecci\u00f3n antes de los cuartos.\nINSTAGRAM\" srcset=\"http:\/\/hoycordobaweb.com\/wp-content\/uploads\/2022\/12\/alexis-el-paso-a-paso-la-bandera-de-la-pampa-y-la-final-ante-holanda-9.jpg 1x, http:\/\/hoycordobaweb.com\/wp-content\/uploads\/2022\/12\/alexis-el-paso-a-paso-la-bandera-de-la-pampa-y-la-final-ante-holanda-9.jpg 2x\" src=\"http:\/\/hoycordobaweb.com\/wp-content\/uploads\/2022\/12\/alexis-el-paso-a-paso-la-bandera-de-la-pampa-y-la-final-ante-holanda-9.jpg\" width=\"720\" height=\"0\" decoding=\"async\" data-nimg=\"future\" loading=\"lazy\"><span>Allister junto a Batistuta en el \u00faltimo d\u00eda libre de la Selecci\u00f3n antes de los cuartos.<br \/>\nINSTAGRAM<\/span><\/div>\n<div class=\"custom-text \" readability=\"42\">\n<p>Con apenas 23 a\u00f1os, un comienzo de carrera en Argentinos y un breve paso por Boca que le sirvi\u00f3 como trampol\u00edn para ir a Europa, nunca se conforma. <strong>\u201cTenemos una ilusi\u00f3n muy grande de poder seguir avanzando en el Mundial<\/strong>. Sabemos que tenemos un buen equipo pero todos los partidos son dif\u00edciles. <strong>Tenemos un equipo con personalidad y la tranquilidad de mover la pelota para jugar a lo que queremos<\/strong>\u201d, asegura Alexis, a quien no le gusta que le digan Colo, algo que el Kun Ag\u00fcero, cuando integraba el grupo, le dec\u00eda para hacerlo enojar.<\/p>\n<\/div>\n<div class=\"sc-e9a69009-0 cjEXLm\" readability=\"6\">\n<section readability=\"2\"><picture><img class=\"img\" src=\"http:\/\/hoycordobaweb.com\/wp-content\/uploads\/2022\/12\/alexis-el-paso-a-paso-la-bandera-de-la-pampa-y-la-final-ante-holanda-10.jpg\" alt=\"Zlatan: &quot;Espero que Argentina gane el Mundial por Messi&quot;\" height=\"290\" width=\"290\" loading=\"lazy\"><\/picture>\n<p><span>Mir\u00e1 tambi\u00e9n<\/span><\/p>\n<hr>\n<h3>Zlatan: \u00abEspero que Argentina gane el Mundial por Messi\u00bb<\/h3>\n<\/p>\n<\/section>\n<\/div>\n<div class=\"custom-text \" readability=\"38\">\n<p>Se viene Holanda este viernes y el pampeano destaca que \u201ces una gran selecci\u00f3n, con grandes jugadores, tienen muy claro lo que hacen, as\u00ed que aprovecharemos estos d\u00edas para analizarlo bien y veremos c\u00f3mo jugarle\u201d. <strong>Alexis no se quiere cargar de presi\u00f3n y saca a jugar la frase de Mostaza Merlo en el Racing 2001: \u201cNosotros intentamos ir paso a paso. No nos ponemos objetivos ni nos volvemos locos. Sabemos que todos los partidos son importantes y nos enfocamos en eso\u201d<\/strong>.<\/p>\n<\/div>\n<div class=\"custom-text \">\n<h2>Sus sensaciones sobre la pasi\u00f3n de los hinchas<\/h2>\n<\/div>\n<div class=\"custom-text \" readability=\"39\">\n<p>Para el final, como todos los jugadores de este plantel, hay una referencia al aliento, a la fiesta que arma la hinchada argentina a cada paso por las calles de Doha: <strong>\u201cTodo lo que nos transmite la gente es hermoso. Estamos muy contentos, disfrutamos much\u00edsimo de que nos alienten como lo hacen. Nosotros desde adentro de la cancha tratamos de transmitir lo que ellos hacen desde afuera\u201d<\/strong>.<\/p>\n<\/div>\n<div class=\"sc-e9a69009-0 cjEXLm\" readability=\"6.5\">\n<section readability=\"3\"><picture><img class=\"img\" src=\"http:\/\/hoycordobaweb.com\/wp-content\/uploads\/2022\/12\/alexis-el-paso-a-paso-la-bandera-de-la-pampa-y-la-final-ante-holanda-11.jpg\" alt=\"Si no llega De Paul, \u00bfqui\u00e9n entra?\" height=\"290\" width=\"290\" loading=\"lazy\"><\/picture>\n<p><span>Mir\u00e1 tambi\u00e9n<\/span><\/p>\n<hr>\n<h3>Si no llega De Paul, \u00bfqui\u00e9n entra?<\/h3>\n<\/p>\n<\/section>\n<\/div>\n","protected":false},"excerpt":{"rendered":"<p>Hasta que comenz\u00f3 la etapa mundialista, Alexis Mac Allister s\u00f3lo hab\u00eda jugado siete partidos en la Selecci\u00f3n. Llegaba a la Copa del Mundo como un buen relevo, como alguien que pod\u00eda dar una mano, pero la lesi\u00f3n de Gio Lo Celso previa a Qatar, el bajo rendimiento de otros compa\u00f1eros y su voluntad para estar [&hellip;]<\/p>\n","protected":false},"author":1,"featured_media":52302,"comment_status":"open","ping_status":"closed","sticky":false,"template":"","format":"standard","meta":[],"categories":[16],"tags":[],"_links":{"self":[{"href":"http:\/\/hoycordobaweb.com\/index.php\/wp-json\/wp\/v2\/posts\/52301"}],"collection":[{"href":"http:\/\/hoycordobaweb.com\/index.php\/wp-json\/wp\/v2\/posts"}],"about":[{"href":"http:\/\/hoycordobaweb.com\/index.php\/wp-json\/wp\/v2\/types\/post"}],"author":[{"embeddable":true,"href":"http:\/\/hoycordobaweb.com\/index.php\/wp-json\/wp\/v2\/users\/1"}],"replies":[{"embeddable":true,"href":"http:\/\/hoycordobaweb.com\/index.php\/wp-json\/wp\/v2\/comments?post=52301"}],"version-history":[{"count":0,"href":"http:\/\/hoycordobaweb.com\/index.php\/wp-json\/wp\/v2\/posts\/52301\/revisions"}],"wp:featuredmedia":[{"embeddable":true,"href":"http:\/\/hoycordobaweb.com\/index.php\/wp-json\/wp\/v2\/media\/52302"}],"wp:attachment":[{"href":"http:\/\/hoycordobaweb.com\/index.php\/wp-json\/wp\/v2\/media?parent=52301"}],"wp:term":[{"taxonomy":"category","embeddable":true,"href":"http:\/\/hoycordobaweb.com\/index.php\/wp-json\/wp\/v2\/categories?post=52301"},{"taxonomy":"post_tag","embeddable":true,"href":"http:\/\/hoycordobaweb.com\/index.php\/wp-json\/wp\/v2\/tags?post=52301"}],"curies":[{"name":"wp","href":"https:\/\/api.w.org\/{rel}","templated":true}]}}