{"id":52299,"date":"2022-12-07T11:27:01","date_gmt":"2022-12-07T11:27:01","guid":{"rendered":"https:\/\/manoamanocba.com.ar\/?p=5962"},"modified":"2022-12-07T11:27:01","modified_gmt":"2022-12-07T11:27:01","slug":"musica-en-vivo-para-el-encendido-del-gran-arbol-de-navidad","status":"publish","type":"post","link":"http:\/\/hoycordobaweb.com\/index.php\/2022\/12\/07\/musica-en-vivo-para-el-encendido-del-gran-arbol-de-navidad\/","title":{"rendered":"M\u00fasica en vivo para el encendido del Gran \u00c1rbol de Navidad"},"content":{"rendered":"<p>Se viene la tradicional ceremonia de&nbsp;<a href=\"https:\/\/prensa.cba.gov.ar\/informacion-general\/el-jueves-se-enciende-el-arbol-de-navidad\/\" target=\"_blank\" rel=\"noreferrer noopener\">encendido del Gran \u00c1rbol de Navidad<\/a>&nbsp;y el Gobierno de la Provincia de C\u00f3rdoba, a trav\u00e9s de la Agencia C\u00f3rdoba Cultura, invita a todos los cordobeses a participar del evento.&nbsp;La cita es el d\u00eda<strong>&nbsp;jueves 8 de diciembre a las 19.45 en calle Deodoro Roca esquina Carlos Thays<\/strong>, frente al Faro del Bicentenario.&nbsp;<strong>La entrada es libre y gratuita.<\/strong><\/p>\n<p>En esta oportunidad, actuar\u00e1n la&nbsp;<strong>Camerata de La Orquesta Escuela Mediterr\u00e1nea<\/strong>, bajo la direcci\u00f3n de Marcos Sahade, y el&nbsp;<strong>Coro de Ni\u00f1os Cantores del Instituto Superior de Ense\u00f1anza Musical Domingo Z\u00edpoli<\/strong>, bajo la direcci\u00f3n de Mar\u00eda Carla Fogliatto. Ambas formaciones presentar\u00e1n al p\u00fablico un repertorio navide\u00f1o.<\/p>\n<p><a href=\"http:\/\/manoamanocba.com.ar\/wp-content\/uploads\/2022\/12\/ninos-de-la-orquesta.jpg\"><img loading=\"lazy\" class=\"size-medium wp-image-5964 aligncenter\" src=\"http:\/\/hoycordobaweb.com\/wp-content\/uploads\/2022\/12\/musica-en-vivo-para-el-encendido-del-gran-arbol-de-navidad.jpg\" alt width=\"300\" height=\"199\" srcset=\"http:\/\/hoycordobaweb.com\/wp-content\/uploads\/2022\/12\/musica-en-vivo-para-el-encendido-del-gran-arbol-de-navidad.jpg 300w, http:\/\/hoycordobaweb.com\/wp-content\/uploads\/2022\/12\/musica-en-vivo-para-el-encendido-del-gran-arbol-de-navidad-1.jpg 624w\" sizes=\"(max-width: 300px) 100vw, 300px\"><\/a><\/p>\n<h4><strong>Sobre la Orquesta y el Coro<\/strong><\/h4>\n<p>La Orquesta Escuela Mediterr\u00e1nea naci\u00f3 de una iniciativa conjunta entre la Fundaci\u00f3n Pro Arte C\u00f3rdoba, \u00abEl Sistema\u00bb en Argentina (SOIJAr) y la empresa Kolektor. Este espacio de formaci\u00f3n y expresi\u00f3n surgi\u00f3 de un convenio suscrito con el Ministerio de Educaci\u00f3n de la Provincia de C\u00f3rdoba.<\/p>\n<p>La agrupaci\u00f3n est\u00e1 formada casi en su totalidad por ni\u00f1os que cursan 4\u00b0 grado de las Escuelas Provinciales Manuel Esteban Pizarro de B\u00b0 Las Palmas; Eduardo P\u00e9rez Bulnes de B\u00b0 Las Violetas; Almafuerte de B\u00b0 San Fernando; Echegoyen de B\u00b0 Ej\u00e9rcito Argentino; e Ing. Juan Mario Masjoan de B\u00b0 Villa Rev\u00f3l.<\/p>\n<p>Tambi\u00e9n ser\u00e1 parte de la ceremonia de encendido del Gran \u00c1rbol de Navidad uno de los Coros de Ni\u00f1os Cantores de C\u00f3rdoba del Instituto Superior de Ense\u00f1anza Musical Domingo Z\u00edpoli, bajo la direcci\u00f3n de Mar\u00eda Carla Fogliatto.<\/p>\n<p>Se trata de la \u00fanica Instituci\u00f3n Coral de Sudam\u00e9rica y cuenta con todos los niveles: Inicial, Primario, Secundario y Superior. Los alumnos participan de una educaci\u00f3n que integra la escolaridad com\u00fan y la musical, con una oferta educativa de doble jornada.<\/p>\n","protected":false},"excerpt":{"rendered":"<p>Se viene la tradicional ceremonia de&nbsp;encendido del Gran \u00c1rbol de Navidad&nbsp;y el Gobierno de la Provincia de C\u00f3rdoba, a trav\u00e9s de la Agencia C\u00f3rdoba Cultura, invita a todos los cordobeses a participar del evento.&nbsp;La cita es el d\u00eda&nbsp;jueves 8 de diciembre a las 19.45 en calle Deodoro Roca esquina Carlos Thays, frente al Faro del [&hellip;]<\/p>\n","protected":false},"author":1,"featured_media":52300,"comment_status":"closed","ping_status":"closed","sticky":false,"template":"","format":"standard","meta":[],"categories":[19],"tags":[],"_links":{"self":[{"href":"http:\/\/hoycordobaweb.com\/index.php\/wp-json\/wp\/v2\/posts\/52299"}],"collection":[{"href":"http:\/\/hoycordobaweb.com\/index.php\/wp-json\/wp\/v2\/posts"}],"about":[{"href":"http:\/\/hoycordobaweb.com\/index.php\/wp-json\/wp\/v2\/types\/post"}],"author":[{"embeddable":true,"href":"http:\/\/hoycordobaweb.com\/index.php\/wp-json\/wp\/v2\/users\/1"}],"replies":[{"embeddable":true,"href":"http:\/\/hoycordobaweb.com\/index.php\/wp-json\/wp\/v2\/comments?post=52299"}],"version-history":[{"count":0,"href":"http:\/\/hoycordobaweb.com\/index.php\/wp-json\/wp\/v2\/posts\/52299\/revisions"}],"wp:featuredmedia":[{"embeddable":true,"href":"http:\/\/hoycordobaweb.com\/index.php\/wp-json\/wp\/v2\/media\/52300"}],"wp:attachment":[{"href":"http:\/\/hoycordobaweb.com\/index.php\/wp-json\/wp\/v2\/media?parent=52299"}],"wp:term":[{"taxonomy":"category","embeddable":true,"href":"http:\/\/hoycordobaweb.com\/index.php\/wp-json\/wp\/v2\/categories?post=52299"},{"taxonomy":"post_tag","embeddable":true,"href":"http:\/\/hoycordobaweb.com\/index.php\/wp-json\/wp\/v2\/tags?post=52299"}],"curies":[{"name":"wp","href":"https:\/\/api.w.org\/{rel}","templated":true}]}}