{"id":52275,"date":"2022-12-07T02:13:00","date_gmt":"2022-12-07T02:13:00","guid":{"rendered":"http:\/\/hoycordobaweb.com\/index.php\/2022\/12\/07\/la-declaracion-final-de-la-cumbre-repasa-una-extensa-lista-de-acuerdos\/"},"modified":"2022-12-07T02:13:00","modified_gmt":"2022-12-07T02:13:00","slug":"la-declaracion-final-de-la-cumbre-repasa-una-extensa-lista-de-acuerdos","status":"publish","type":"post","link":"http:\/\/hoycordobaweb.com\/index.php\/2022\/12\/07\/la-declaracion-final-de-la-cumbre-repasa-una-extensa-lista-de-acuerdos\/","title":{"rendered":"La declaraci\u00f3n final de la cumbre repasa una extensa lista de acuerdos"},"content":{"rendered":"<p><img src=\"http:\/\/hoycordobaweb.com\/wp-content\/uploads\/2022\/12\/la-declaracion-final-de-la-cumbre-repasa-una-extensa-lista-de-acuerdos.jpg\"><\/p>\n<figure class=\"mb-3\"><img loading=\"lazy\" src=\"http:\/\/hoycordobaweb.com\/wp-content\/uploads\/2022\/12\/la-declaracion-final-de-la-cumbre-repasa-una-extensa-lista-de-acuerdos-2.jpg\" width=\"100%\" height=\"100%\" alt=\"Foto Sebastin Granata\"><figcaption> Foto: Sebasti\u00e1n Granata <\/figcaption><\/figure>\n<p>Argentina, Brasil, Paraguay y Bolivia, este \u00faltimo como pa\u00eds invitado a\u00fan no integrado plenamente al Mercosur, destacaron este martes la meta de \u201ctrabajar en la consolidaci\u00f3n y el perfeccionamiento de la uni\u00f3n aduanera\u201d del bloque y admitieron la necesidad de \u201cestablecer mecanismos a nivel que permitan solucionar, con car\u00e1cter definitivo, los obst\u00e1culos que afectan el comercio entre los Estados partes\u201d.<\/p>\n<p>El texto, difundido varias horas despu\u00e9s de finalizada la cumbre de presidentes que se realiz\u00f3 en Montevideo, celebra el \u201ccompromiso de continuar trabajando de manera conjunta\u201d para afrontar los efectos de la pandemia de Covid-19 y<strong> expresa la \u201cpreocupaci\u00f3n\u201d del bloque por las consecuencias del conflicto en Ucrania, \u201clamentando especialmente las humanitarias, as\u00ed como los impactos negativos en los mercados internacionales de alimentos, energ\u00eda e insumos de producci\u00f3n\u201d.<\/strong><\/p>\n<p>El documento, de seis carillas repasa el estado de situaci\u00f3n en varias cuestiones en plena discusi\u00f3n: el arancel externo com\u00fan, la revisi\u00f3n del r\u00e9gimen de origen, los servicios y los sectores automotor \u2013con \u00e9nfasis en \u201c<strong>el objetivo de la implementaci\u00f3n de una Pol\u00edtica Automotriz del Mercosur<\/strong>\u201d- y azucarero -con atenci\u00f3n a la b\u00fasqueda de \u201calternativas para promover su mejor aprovechamiento y facilitar el acceso a mercados extraregionales\u201d.<\/p>\n<p><strong>Los cuatro pa\u00edses \u2013Uruguay otra vez eligi\u00f3 no firmar el documento final- tambi\u00e9n remarcaron \u201clos trabajos de revisi\u00f3n\u201d en materia regulatoria, pusieron de relieve el Foro Empresario como \u201cinstrumento de articulaci\u00f3n entre los sectores p\u00fablico y privado\u201d <\/strong>y coincidieron en la necesidad de dar continuidad al Fondo para la Convergencia Estructural (Focem) \u201ccomo herramienta para la reducci\u00f3n de asimetr\u00edas y el fortalecimiento del proceso de integraci\u00f3n\u201d.<\/p>\n<p>El texto subraya la tarea en pos de \u201c<strong>potenciar la imagen del bloque a nivel internacional y brindar mayor visibilidad a las actividades\u201d y llama a \u201cprofundizar el abordaje de asuntos relativos al desarrollo sostenible en sus tres dimensiones econ\u00f3mica, social y medio ambiental <\/strong>en las agendas de los \u00f3rganos y foros de la estructura institucional\u201d del bloque \u201ccon un enfoque transversal\u201d.<\/p>\n<blockquote class=\"twitter-tweet\" readability=\"7.63125\">\n<p lang=\"es\" dir=\"ltr\">\u00abEl <a href=\"https:\/\/twitter.com\/mercosur?ref_src=twsrc%5Etfw\">@mercosur<\/a> debe potenciar la unidad\u00bb <\/p>\n<p>El presidente <a href=\"https:\/\/twitter.com\/alferdez?ref_src=twsrc%5Etfw\">@alferdez<\/a> particip\u00f3 de la <a href=\"https:\/\/twitter.com\/hashtag\/CumbreMercosur?src=hash&amp;ref_src=twsrc%5Etfw\">#CumbreMercosur<\/a> en Montevideo, Uruguay, instancia en la que la Argentina \ud83c\udde6\ud83c\uddf7 asumi\u00f3 la presidencia pro tempore del bloque regional \u2b07\ufe0f<a href=\"https:\/\/t.co\/Z7W4YFPY3a\">https:\/\/t.co\/Z7W4YFPY3a<\/a> <a href=\"https:\/\/t.co\/jOUQHbdo1x\">pic.twitter.com\/jOUQHbdo1x<\/a><\/p>\n<p>\u2014 Casa Rosada (@CasaRosada) <a href=\"https:\/\/twitter.com\/CasaRosada\/status\/1600191027108683777?ref_src=twsrc%5Etfw\">December 6, 2022<\/a><\/p><\/blockquote>\n<p>El documento rese\u00f1a las actividades comunes en materia de medio ambiente, agenda digital, infraestructura f\u00edsica y energ\u00eda, y expresa la importancia de \u201capoyar a las empresas a cargo de mujeres en su expansi\u00f3n internacional, eliminando las barreras para su participaci\u00f3n en las econom\u00edas nacionales e internacionales\u201d.<\/p>\n<p>Sobre las negociaciones externas del acuerdo, insta a \u201c<strong>continuar modernizando la agenda externa\u201d para \u201ccontribuir a su inserci\u00f3n en la regi\u00f3n y en el mundo\u201d y repasa la marcha de las negociaciones con Singapur, la Uni\u00f3n Europea -sobre la que remarca los \u201cesfuerzos con miras a la suscripci\u00f3n, a la brevedad posible, de un acuerdo equilibrado y beneficioso para todas las partes\u201d <\/strong>y Canad\u00e1, Corea e Indonesia.<\/p>\n<p>Se\u00f1ala adem\u00e1s las distintas etapas de las discusiones con Israel, El Salvador, Vietnam, Rep\u00fablica Dominicana y la Alianza del Pac\u00edfico.<\/p>\n<p>Por otra parte, el texto difundido por la Canciller\u00eda argentina celebra \u201clos trabajos que se viene desplegando en torno a `Salud en Fronteras`, que permitieron reconocer fortalezas y las tareas pendientes que se deben desarrollar a fin de brindar las mejores herramientas de vigilancia epidemiol\u00f3gica para la detecci\u00f3n y respuesta oportuna a riesgos para la salud p\u00fablica\u201d.<\/p>\n<p>Y valor\u00f3 el trabajo con relaci\u00f3n al posicionamiento del bloque en la Organizaci\u00f3n Mundial de la Salud (OMS), en el marco de las discusiones en el \u00d3rgano de Negociaci\u00f3n Intergubernamental para redactar y negociar un convenio, acuerdo u otro instrumento internacional de la OMS sobre prevenci\u00f3n, preparaci\u00f3n y respuesta frente a pandemias.<\/p>\n<p>Se pusieron de relieve, tambi\u00e9n, <strong>los avances en la promoci\u00f3n de la expansi\u00f3n de la capacidad productiva regional de medicamentos, inmunizantes y tecnolog\u00edas de salud, en busca de lograr \u201cautonom\u00eda en los componentes, una baja en los costos de producci\u00f3n, reducir la dependencia de insumos desde extrazona y fortalecer las industrias nacionales del bloque para evitar el desabastecimiento\u201d.<\/strong><\/p>\n<p>La declaraci\u00f3n manifiesta la \u201cimportancia de la ratificaci\u00f3n\u201d del Acuerdo de Localidades Fronterizas Vinculadas, \u201cuna herramienta muy importante para promover la integraci\u00f3n regional y facilitar la convivencia de las ciudades fronterizas\u201d.<\/p>\n<p>Y, finalmente, Brasil, Paraguay y Argentina expresaron su \u201cvoluntad en avanzar con el proceso de adhesi\u00f3n de Bolivia\u201d al bloque, como paso para la \u201cconsolidaci\u00f3n del proceso de integraci\u00f3n de Am\u00e9rica del Sur\u201d. <\/p>\n","protected":false},"excerpt":{"rendered":"<p>Foto: Sebasti\u00e1n Granata Argentina, Brasil, Paraguay y Bolivia, este \u00faltimo como pa\u00eds invitado a\u00fan no integrado plenamente al Mercosur, destacaron este martes la meta de \u201ctrabajar en la consolidaci\u00f3n y el perfeccionamiento de la uni\u00f3n aduanera\u201d del bloque y admitieron la necesidad de \u201cestablecer mecanismos a nivel que permitan solucionar, con car\u00e1cter definitivo, los obst\u00e1culos [&hellip;]<\/p>\n","protected":false},"author":1,"featured_media":52276,"comment_status":"open","ping_status":"closed","sticky":false,"template":"","format":"standard","meta":[],"categories":[19],"tags":[],"_links":{"self":[{"href":"http:\/\/hoycordobaweb.com\/index.php\/wp-json\/wp\/v2\/posts\/52275"}],"collection":[{"href":"http:\/\/hoycordobaweb.com\/index.php\/wp-json\/wp\/v2\/posts"}],"about":[{"href":"http:\/\/hoycordobaweb.com\/index.php\/wp-json\/wp\/v2\/types\/post"}],"author":[{"embeddable":true,"href":"http:\/\/hoycordobaweb.com\/index.php\/wp-json\/wp\/v2\/users\/1"}],"replies":[{"embeddable":true,"href":"http:\/\/hoycordobaweb.com\/index.php\/wp-json\/wp\/v2\/comments?post=52275"}],"version-history":[{"count":0,"href":"http:\/\/hoycordobaweb.com\/index.php\/wp-json\/wp\/v2\/posts\/52275\/revisions"}],"wp:featuredmedia":[{"embeddable":true,"href":"http:\/\/hoycordobaweb.com\/index.php\/wp-json\/wp\/v2\/media\/52276"}],"wp:attachment":[{"href":"http:\/\/hoycordobaweb.com\/index.php\/wp-json\/wp\/v2\/media?parent=52275"}],"wp:term":[{"taxonomy":"category","embeddable":true,"href":"http:\/\/hoycordobaweb.com\/index.php\/wp-json\/wp\/v2\/categories?post=52275"},{"taxonomy":"post_tag","embeddable":true,"href":"http:\/\/hoycordobaweb.com\/index.php\/wp-json\/wp\/v2\/tags?post=52275"}],"curies":[{"name":"wp","href":"https:\/\/api.w.org\/{rel}","templated":true}]}}