{"id":52273,"date":"2022-12-07T02:18:00","date_gmt":"2022-12-07T02:18:00","guid":{"rendered":"http:\/\/hoycordobaweb.com\/index.php\/2022\/12\/07\/fuerte-repudio-de-dirigentes-y-funcionarios-al-fallo-contra-la-vicepresidenta\/"},"modified":"2022-12-07T02:18:00","modified_gmt":"2022-12-07T02:18:00","slug":"fuerte-repudio-de-dirigentes-y-funcionarios-al-fallo-contra-la-vicepresidenta","status":"publish","type":"post","link":"http:\/\/hoycordobaweb.com\/index.php\/2022\/12\/07\/fuerte-repudio-de-dirigentes-y-funcionarios-al-fallo-contra-la-vicepresidenta\/","title":{"rendered":"Fuerte repudio de dirigentes y funcionarios al fallo contra la Vicepresidenta"},"content":{"rendered":"<p><img src=\"http:\/\/hoycordobaweb.com\/wp-content\/uploads\/2022\/12\/fuerte-repudio-de-dirigentes-y-funcionarios-al-fallo-contra-la-vicepresidenta.jpg\"><\/p>\n<figure class=\"mb-3\"><img loading=\"lazy\" src=\"http:\/\/hoycordobaweb.com\/wp-content\/uploads\/2022\/12\/fuerte-repudio-de-dirigentes-y-funcionarios-al-fallo-contra-la-vicepresidenta-2.jpg\" width=\"100%\" height=\"100%\" alt=\"Telam SE\"><figcaption><\/figcaption><\/figure>\n<p>El ministro de Justicia y Derechos Humanos de la Naci\u00f3n, Mart\u00edn Soria, afirm\u00f3 este martes que \u00abla mafia judicial convirti\u00f3 ese odio en una sentencia ileg\u00edtima que lleva la firma del antiperonismo\u00bb, al repudiar el fallo que conden\u00f3 a la vicepresidenta Cristina Kirchner por administraci\u00f3n fraudulenta en el juicio Vialidad.<\/p>\n<p>\u00abHace m\u00e1s de una d\u00e9cada Cristina Fern\u00e1ndez de Kirchner fue condenada medi\u00e1ticamente por el Grupo Clar\u00edn\u00bb, afirm\u00f3 Soria en su cuenta de Twitter.<\/p>\n<blockquote class=\"twitter-tweet\" readability=\"3.9252336448598\">\n<p lang=\"es\" dir=\"ltr\">No es justicia, es venganza.<a href=\"https:\/\/twitter.com\/hashtag\/LaSentenciaDeClar%C3%ADn?src=hash&amp;ref_src=twsrc%5Etfw\">#LaSentenciaDeClar\u00edn<\/a><\/p>\n<p>\u2014 Mayra Mendoza \u2600\ufe0f (@mayrasmendoza) <a href=\"https:\/\/twitter.com\/mayrasmendoza\/status\/1600233406259814401?ref_src=twsrc%5Etfw\">December 6, 2022<\/a><\/p><\/blockquote>\n<p>Y asever\u00f3 que \u00abhoy, la Mafia Judicial convirti\u00f3 ese odio en una sentencia ileg\u00edtima que lleva la firma del antiperonismo y un deseo inconfesable: proscribirnos una vez m\u00e1s y controlar la democracia\u00bb.<\/p>\n<blockquote class=\"twitter-tweet\" readability=\"4.9565217391304\">\n<p lang=\"es\" dir=\"ltr\">Hagan lo que hagan, el Pueblo la ama.<\/p>\n<p>\u2014 Andr\u00e9s Larroque (@larroqueandres) <a href=\"https:\/\/twitter.com\/larroqueandres\/status\/1600098988371460096?ref_src=twsrc%5Etfw\">December 6, 2022<\/a><\/p><\/blockquote>\n<p>Por su parte, el ministro de Defensa, Jorge Taiana, plante\u00f3 que la condena contra la vicepresidenta \u00abestaba escrita\u00bb y complet\u00f3:&nbsp; \u00ablos peronistas ya conocimos la proscripci\u00f3n y la derrotaremos una vez m\u00e1s\u00bb.<\/p>\n<blockquote class=\"twitter-tweet\" readability=\"7.5977337110482\">\n<p lang=\"es\" dir=\"ltr\">Hace m\u00e1s de una d\u00e9cada <a href=\"https:\/\/twitter.com\/CFKArgentina?ref_src=twsrc%5Etfw\">@CFKArgentina<\/a> fue condenada medi\u00e1ticamente por el Grupo Clar\u00edn. Hoy, la Mafia Judicial convirti\u00f3 ese odio en una sentencia ileg\u00edtima que lleva la firma del antiperonismo y un deseo inconfesable: proscribirnos una vez m\u00e1s y controlar la democracia. <a href=\"https:\/\/t.co\/ZGVD4Oz3gR\">pic.twitter.com\/ZGVD4Oz3gR<\/a><\/p>\n<p>\u2014 Martin Soria (@MartinSoria_) <a href=\"https:\/\/twitter.com\/MartinSoria_\/status\/1600242880760623104?ref_src=twsrc%5Etfw\">December 6, 2022<\/a><\/p><\/blockquote>\n<p>\u00abComo dijo hace tiempo Cristina Fern\u00e1ndez de Kirchner, la condena ya estaba escrita\u00bb, sostuvo Taiana.&nbsp;<\/p>\n<blockquote class=\"twitter-tweet\" readability=\"3.5714285714286\">\n<p lang=\"es\" dir=\"ltr\">Un partido al partido judicial. Una parodia a la parodia de la justicia. <a href=\"https:\/\/t.co\/EZ60XJInI8\">pic.twitter.com\/EZ60XJInI8<\/a><\/p>\n<p>\u2014 Juan Grabois (@JuanGrabois) <a href=\"https:\/\/twitter.com\/JuanGrabois\/status\/1600196140334338048?ref_src=twsrc%5Etfw\">December 6, 2022<\/a><\/p><\/blockquote>\n<p>Tambi\u00e9n se expresaron en sus respectivas cuentas de twitter Mayra Mendoza, Andr\u00e9s Larroque y Juan Grabois en repudio al fallo judicial que conden\u00f3 a la dos veces presidenta de la Naci\u00f3n, actual vicepresidenta en ejercicio.&nbsp;<\/p>\n<p>Larroque, sostuvo que con el fallo \u00abliquidaron la justicia\u00bb y advirti\u00f3 que \u00abes deber de todo argentino y peronista de buena fe encuadrarse con esta mujer\u00bb.<\/p>\n<p>En la misma l\u00ednea, al citar las palabras de la propia exmandataria en su intervenci\u00f3n posterior a la lectura de la sentencia, la senadora por Mendoza Anabel Fern\u00e1ndez Sagasti expres\u00f3: \u00abCuero duro y mascota de nadie\u00bb.<\/p>\n<p>Por su parte, el canciller Santiago Cafiero afirm\u00f3 que \u00abuna vez m\u00e1s la justicia opera para perseguir y proscribir a la compa\u00f1era Cristina Fern\u00e1ndez de Kirchner\u00bb, al rechazar el fallo que conden\u00f3 a la exmandataria por administraci\u00f3n fraudulenta con la obra p\u00fablica en el juicio Vialidad.<\/p>\n<p>\u00abLa causa es una mentira, por eso la sentencia ya estaba escrita\u00bb, dijo Cafiero en Twitter.<\/p>\n<blockquote class=\"twitter-tweet\" readability=\"8.9377289377289\">\n<p lang=\"es\" dir=\"ltr\">Una vez m\u00e1s la justicia opera para perseguir y proscribir a la compa\u00f1era <a href=\"https:\/\/twitter.com\/CFKArgentina?ref_src=twsrc%5Etfw\">@CFKArgentina<\/a>. La causa es una mentira, por eso la sentencia ya estaba escrita.<\/p>\n<p>Como siempre, el pueblo peronista va a estar para acompa\u00f1arla.<\/p>\n<p>\u2014 Santiago Cafiero (@SantiagoCafiero) <a href=\"https:\/\/twitter.com\/SantiagoCafiero\/status\/1600242003325112320?ref_src=twsrc%5Etfw\">December 6, 2022<\/a><\/p><\/blockquote>\n<p>\u00abUna vez m\u00e1s la justicia opera para perseguir y proscribir a la compa\u00f1era Cristina Fern\u00e1ndez de Kirchner\u00bb, sostuvo el Canciller, quien asever\u00f3 que \u00abcomo siempre, el pueblo peronista va a estar para acompa\u00f1arla\u00bb.<\/p>\n<p>La ministra de Desarrollo Social, Victoria Tolosa Paz, expres\u00f3 su \u00abm\u00e1s en\u00e9rgico rechazo\u00bb a la sentencia y ampli\u00f3: \u00abAs\u00ed como quisieron proscribir a Per\u00f3n, ahora proscriben a Cristina. Pero -como muchas otras veces en la historia- subestiman a nuestro pueblo\u00bb.<\/p>\n<p>En tanto, la presidenta de Agencia Telam, Bernarda Llorente, indic\u00f3: \u00abNinguna persecuci\u00f3n ni condena arbitraria, absurda, ilegal, repudiable, rid\u00edcula, lograr\u00e1n su objetivo: romper el v\u00ednculo indestructible de Cristina Kirchner con su pueblo. M\u00e1s temprano que nunca triunfar\u00e1 la justicia\u00bb.<\/p>\n<blockquote class=\"twitter-tweet\" readability=\"9.4258675078864\">\n<p lang=\"es\" dir=\"ltr\">Ninguna persecuci\u00f3n ni condena arbitraria, absurda, ilegal, repudiable, rid\u00edcula, lograr\u00e1n su objetivo: romper el v\u00ednculo indestructible de <a href=\"https:\/\/twitter.com\/CFKArgentina?ref_src=twsrc%5Etfw\">@CFKArgentina<\/a> con su pueblo. M\u00e1s temprano que nunca triunfar\u00e1 la justicia <a href=\"https:\/\/twitter.com\/hashtag\/TodosConElla?src=hash&amp;ref_src=twsrc%5Etfw\">#TodosConElla<\/a> <a href=\"https:\/\/t.co\/WiAjA2UxsU\">pic.twitter.com\/WiAjA2UxsU<\/a><\/p>\n<p>\u2014 Bernarda Llorente (@bernardallorent) <a href=\"https:\/\/twitter.com\/bernardallorent\/status\/1600228248033447939?ref_src=twsrc%5Etfw\">December 6, 2022<\/a><\/p><\/blockquote>\n<p>El jefe de Gabinete bonaerense, Mart\u00edn Insaurralde, se\u00f1al\u00f3 que \u00abninguna persecuci\u00f3n judicial podr\u00e1 borrar ni inhabilitar la realidad y la memoria de un pueblo: van contra Cristina por trabajar por una Argentina mucho m\u00e1s justa e igualitaria. Hoy m\u00e1s que nunca, todos y todas con Cristina\u00bb.<\/p>\n<p>El jefe de la CTA de los Trabajadores, Hugo Yasky, afirm\u00f3 que \u00abesta vergonzosa sentencia es la estocada final del lawfare en la Argentina. El partido judicial ha dado otro paso en la persecuci\u00f3n y proscripci\u00f3n a Cristina. La historia la absolver\u00e1 a Cristina y el pueblo, como siempre, la defender\u00e1 en la calle\u00bb.<\/p>\n<p>Por su parte, el diputado del FdT Leandro Santoro analiz\u00f3 que \u00abcuando todos cre\u00edan\u00bb que la vicepresidenta \u00abhoy perd\u00eda prestigio, gan\u00f3 estatura moral\u00bb.<\/p>\n<h2 class>Mart\u00ednez: \u00abNunca quisieron hacer justicia\u00bb<\/h2>\n<p>El presidente del bloque de diputados del Frente de Todos, Germ\u00e1n Mart\u00ednez, afirm\u00f3 que Cristina Fern\u00e1ndez de Kirchner \u00abes inocente\u00bb y que \u00abnunca quisieron hacer justicia\u00bb, ya que \u00absiempre buscaron perseguir descalificar, agraviar y proscribir\u00bb.<\/p>\n<p>Mart\u00ednez expres\u00f3 estos conceptos tras conocerse el fallo del Tribunal Oral Federal 2 que conden\u00f3 a la Vicepresidenta a 6 a\u00f1os de prisi\u00f3n e inhabilitaci\u00f3n especial perpetua para ejercer cargos p\u00fablicos por administraci\u00f3n fraudulenta con la obra p\u00fablica en Santa Cruz.<\/p>\n<p>\u00abNunca quisieron hacer justicia. Siempre buscaron perseguir, descalificar, agraviar y proscribir. Para nosotros, nada cambia. Porque @CFKArgentina es inocente\u00bb, public\u00f3 en Twitter el titular del bloque de diputados del FDT.<\/p>\n<p>Legisladores del Frente de Todos tambi\u00e9n publicaron tuits en la redes sociales bajo el hashtag \u00abTodosconElla\u00bb<\/p>\n<p>Por su parte, el vicepresidente segundo de la C\u00e1mara baja, Jos\u00e9 Luis Gioja, dijo que \u00abel fallo es un mamarracho que nada tiene que ver con la realidad\u00bb.<\/p>\n<p>\u00abLos fiscales y el director de Clar\u00edn escribieron la causa mientras tomaban mate frente al lago. No esper\u00e1bamos otra cosa, si hasta se filtr\u00f3 la sentencia exacta. TodosConElla\u00bb, agreg\u00f3.<\/p>\n<p>El legislador oficialista Leopoldo Moreau denunci\u00f3 que con esta sentencia \u00abcumplieron con (el CEO de Clar\u00edn H\u00e9ctor) Magnetto. El primer paso lo dio uno de la banda de los (magistrados) Mahiques. El segundo lo dio el corrupto juez (Juli\u00e1n) Ercolini. Todos aceptaron las d\u00e1divas de Clar\u00edn\u00bb.<\/p>\n<p>\u00abLa orden fue proscribir a Cristina. Las proscripciones fueron una tragedia en la historia\u00bb, destac\u00f3 Moreau.<\/p>\n<p>El diputado del Movimiento Evita Leonardo Grosso se\u00f1al\u00f3 que \u00abel partido judicial quiere torcerle el brazo al pueblo argentino y para eso castigan a quien m\u00e1s lo defendi\u00f3 desde la vuelta de la democracia\u00bb.<\/p>\n<p>Dijo que \u00abbuscan aleccionarnos y que no nos animemos m\u00e1s a pelear por la patria que queremos\u00bb, y remarc\u00f3: \u00abHoy y siempre: el pueblo con Cristina\u00bb.<\/p>\n<figure class=\"mb-3\"><img loading=\"lazy\" src=\"http:\/\/hoycordobaweb.com\/wp-content\/uploads\/2022\/12\/fuerte-repudio-de-dirigentes-y-funcionarios-al-fallo-contra-la-vicepresidenta-3.jpg\" width=\"100%\" height=\"100%\" alt=\"Foto Pablo Aeli\"><figcaption> Foto: Pablo A\u00f1eli. <\/figcaption><\/figure>\n<h2 class>Manzur: \u00abAcusaci\u00f3n sin sustento jur\u00eddico ni pruebas\u00bb<\/h2>\n<p>El jefe de Gabinete nacional, Juan Manzur, expres\u00f3 su \u00abafecto y solidaridad\u00bb para con la vicepresidenta Cristina Fern\u00e1ndez de Kirchner ante su condena por administraci\u00f3n fraudulenta en la causa Vialidad.<\/p>\n<p>\u00abDeseo transmitir mi afecto y solidaridad con @CFKArgentina, quien ha sido objeto de una acusaci\u00f3n sin sustento jur\u00eddico ni pruebas materiales\u00bb, sostuvo Manzur en Twitter.<\/p>\n<p>\u00abSigo creyendo en la inocencia de nuestra vicepresidenta\u00bb, asever\u00f3.<\/p>\n<h2 class>Massa: \u00abToda mi solidaridad con Cristina\u00bb<\/h2>\n<p>El ministro de Econom\u00eda, Sergio Massa, puntualiz\u00f3: \u00abUn fallo insostenible que corta la cadena de responsabilidades en busca de impacto pol\u00edtico y con enorme precariedad jur\u00eddica&#8230; en d\u00edas en que descarnadamente se ve al desnudo el deseo de una clase dirigente d\u00f3cil y ama\u00f1ada. Toda mi solidaridad con Cristina\u00bb.<\/p>\n<h2 class>\u00abWado\u00bb de Pedro: \u00abTodo un pueblo te defiende\u00bb<\/h2>\n<p>El ministro del Interior, Eduardo \u00abWado\u00bb De Pedro, se dirigi\u00f3 a la vicepresidenta desde sus redes sociales y expres\u00f3: \u00abTodo un pueblo te defiende, la verdad est\u00e1 de tu lado y la historia te respalda. Lo de hoy es un esc\u00e1ndalo. Van contra Cristina por lo que hizo bien, por darle una vida mejor a millones de argentinos y argentinas\u00bb.<\/p>\n<h2 class>El Partido Justicialista nacional: \u00abNo abandonamos a quien se la juega por su pueblo\u00bb<\/h2>\n<p>\u00abEl PJ expresa su m\u00e1s en\u00e9rgico repudio a la persecuci\u00f3n judicial y el intento de proscripci\u00f3n que viene sufriendo Cristina y que tuvo hoy un nuevo cap\u00edtulo con el veredicto del TOF 2 por la &#8216;Causa Vialidad&#8217;\u201d, expres\u00f3 el PJ, cuyo Consejo Nacional est\u00e1 a cargo del presidente Alberto Fern\u00e1ndez.<\/p>\n<p>En ese aspecto, el partido se\u00f1al\u00f3 que \u00abcomo desde el primer momento, acompa\u00f1amos a la compa\u00f1era Cristina y convocamos a las unidades b\u00e1sicas y sedes partidarias de todo el pa\u00eds a sumarse al estado de alerta y movilizaci\u00f3n\u00bb.<\/p>\n<p>\u00abPorque los peronistas no abandonamos a quien se la juega por su pueblo: todas y todos con Cristina\u00bb, concluy\u00f3 el texto del justicialismo.<\/p>\n<figure class=\"mb-3\"><img loading=\"lazy\" src=\"http:\/\/hoycordobaweb.com\/wp-content\/uploads\/2022\/12\/fuerte-repudio-de-dirigentes-y-funcionarios-al-fallo-contra-la-vicepresidenta-4.jpg\" width=\"100%\" height=\"100%\" alt=\"Foto Pablo Aeli\"><figcaption> Foto: Pablo A\u00f1eli. <\/figcaption><\/figure>\n<h2 class>Madres de Plaza de Mayo: \u00abNunca vas a ser mascota del poder, como jam\u00e1s fueron nuestros hijos\u00bb<\/h2>\n<p>\u00abAnte los cobardes de Comodoro Py, solo nos queda apoyarte en tus decisiones e insistir en que TODOS SOMOS CRISTINA\u00bb, <u><strong><a href=\"https:\/\/www.telam.com.ar\/notas\/202212\/613418-madres-de-plaza-de-mayo-fallo-cristina-fernandez.html\" target=\"_blank\" rel=\"noopener noreferrer\">sostuvo la Asociaci\u00f3n en su cuenta de Twitter<\/a><\/strong><\/u>.<\/p>\n<p>Las Madres dijeron que \u00abenviamos un enorme abrazo a Cristina. Nos sentimos representadas en tu coraje, y en esa contundente frase donde marc\u00e1s que nunca vas a ser mascota del poder, como jam\u00e1s lo hicieron nuestros hijos\u00bb.<\/p>\n<h2 class>PJ bonaerense: \u201cEs una condena al pueblo argentino\u00bb<\/h2>\n<p>En un comunicado difundido por redes sociales, tras la lectura del fallo que conden\u00f3 a la exmandataria a 6 a\u00f1os de prisi\u00f3n e inhabilitaci\u00f3n especial perpetua para ejercer cargos p\u00fablicos por administraci\u00f3n fraudulenta en perjuicio de la administraci\u00f3n p\u00fablica con la obra p\u00fablica en Santa Cruz, el PJ bonaerense consider\u00f3 que se est\u00e1 asistiendo a \u201cuna p\u00e1gina m\u00e1s de la historia negra del Poder Judicial de la Rep\u00fablica Argentina\u201d.<\/p>\n<p>En esa l\u00ednea, consideraron que el fallo condenatorio \u201cno sorprende a nadie\u201d y que \u201clejos de ser el resultado de una investigaci\u00f3n judicial imparcial, es la expresi\u00f3n manifiesta de un acuerdo ente sectores de la pol\u00edtica argentina, los medios de comunicaci\u00f3n y el Poder Judicial\u201d.<\/p>\n<p>\u201cLos hechos que se hicieron p\u00fablicos en los \u00faltimos d\u00edas no hacen m\u00e1s que poner a la luz lo que esos mismos personajes se encargaron de mantener en la oscuridad durante a\u00f1os\u201d, destacaron en referencia al viaje a la estancia del magnate Joe Lewis en Lago Escondido realizado por jueces, directivos del Grupo Clar\u00edn, funcionarios del Gobierno porte\u00f1o y exagentes de inteligencia.<\/p>\n<p>\u201cDurante todo el juicio, nuestra compa\u00f1era demostr\u00f3 cada una de las falsedades de las que fue acusada\u201d, indicaron y agregaron que la exmandataria \u201ces inocente y este juicio es parte de una estrategia pol\u00edtica para proscribirla\u201d.<\/p>\n<p>\u201cQuieren hacer en Argentina lo mismo que hicieron en Brasil: conseguir con un entramado medi\u00e1tico-judicial lo que no pudieron conseguir en las urnas\u201d, agregaron.<\/p>\n<p>En el documento, los miembros conducidos por el diputado nacional M\u00e1ximo Kirchner manifestaron su \u201csolidaridad con la vicepresidenta\u201d y expresaron que se declararon en \u201cestado de alerta frente al avance de estos sectores sobre los dirigentes y las dirigentes de nuestro espacio pol\u00edtico\u201d.<\/p>\n<p>\u201cLa condena no es solamente a Cristina Fern\u00e1ndez de Kirchner; es una condena a las pol\u00edticas que se implementaron entre 2003 y 2015; es una condena a cualquier dirigente que no se arrodille ante los intereses que defiende un grupo de privilegiados\u201d, indicaron y agregaron: \u201cEs una condena a todo proyecto pol\u00edtico de origen popular y democr\u00e1tico que no se someta a las reglas de los que quieren los que verdaderamente detentan el poder pol\u00edtico en Argentina. Un poco ajeno al control democr\u00e1tico\u201d.<\/p>\n<p>\u201cLa condena contra la compa\u00f1era Cristina Fern\u00e1ndez de Kirchner es una condena a todo el pueblo argentino\u201d, concluyeron.<\/p>\n<h2 class>Lozano: \u00abNo deben gobernar las mafias\u00bb<\/h2>\n<p>\u00abEl azar existe y la provocaci\u00f3n tambi\u00e9n. El azar hizo que pudi\u00e9ramos percibir en simult\u00e1neo la comprobaci\u00f3n del accionar mafioso del poder empresarial-medi\u00e1tico-judicial- funcionarios del establishment macrista y con el consabido asesoramiento de los servicios, y la miserable condena a la Vicepresidenta Cristina\u00bb, indic\u00f3 el presidente de Unidad Popular, Claudio Lozano.<\/p>\n<p>\u00abA la vez, este hecho aberrante que se\u00f1ala c\u00f3mo las mafias manejan la legalidad y la Justicia, convive con un pueblo hambreado y pauperizado como resultado del endeudamiento, la fuga y el FMI en el que se levanta el secreto fiscal para investigar los planes sociales, y se mantiene el secreto fiscal, burs\u00e1til y financiero para apa\u00f1ar a quienes nos endeudaron y fugaron\u00bb, agreg\u00f3.<\/p>\n<p>\u00abEsta es, por cierto, una evidente provocaci\u00f3n. Mafias manejando la legalidad y provocaci\u00f3n que deberemos superar construyendo una alternativa pol\u00edtica para el 2023 que nos permita terminar definitivamente con la estrategia de dominaci\u00f3n y desigualdad que oprime a nuestra patria.\u00bb<\/p>\n<div class=\"jumbotron pt-4 mt-3\" readability=\"100\">\n<h3 class=\"module-title\">La Secretar\u00eda de DDHH asegur\u00f3 que el fallo contra la Vicepresidenta es \u00abconcreci\u00f3n m\u00e1xima del lawfare\u00bb<\/h3>\n<p>a Secretar\u00eda de Derechos Humanos asegur\u00f3 hoy que el fallo del Tribunal Oral Federal 2 es un \u00abcercenamiento de los derechos pol\u00edticos\u00bb de la vicepresidenta Cristina Fern\u00e1ndez de Kirchner, que constituye \u00abla concreci\u00f3n m\u00e1xima del lawfare en nuestro pa\u00eds\u00bb, y llamaron a organismos internacionales a \u00abrealizar un escrutinio exhaustivo sobre estos procesos judiciales irregulares\u00bb.<\/p>\n<p>El Tribunal Oral Federal N\u00b0 2 conden\u00f3 hoy a la vicepresidenta Cristina Fern\u00e1ndez de Kirchner a la pena de 6 a\u00f1os de prisi\u00f3n e inhabilitaci\u00f3n especial perpetua para ejercer cargos p\u00fablicos por el delito de administraci\u00f3n fraudulenta en perjuicio de la administraci\u00f3n p\u00fablica.<\/p>\n<p>Al respecto, la secretar\u00eda encabezada por Horacio Pietragalla Corti asever\u00f3 en un comunicado que \u00abesta sentencia es inescindible del proceso electoral en ciernes y que concluir\u00e1 con las elecciones presidenciales de 2023\u00bb.<\/p>\n<p>\u00abEl fallo dictado hoy, luego de un proceso judicial plagado de irregularidades y violaciones al debido proceso, constituye un claro cercenamiento de los derechos pol\u00edticos de la vicepresidenta y del electorado, que busca proscribirla pol\u00edticamente de cara a las pr\u00f3ximas elecciones\u00bb, afirm\u00f3 el documento.<\/p>\n<p>La secretar\u00eda se\u00f1al\u00f3 que \u00abpara ser leg\u00edtimos, este proceso judicial y la sentencia deb\u00edan sustentarse en pruebas categ\u00f3ricas respecto a su responsabilidad penal y a un respeto irrestricto del debido proceso y el derecho de defensa que la ampara\u00bb, pero \u00abbajo la excusa de la investigaci\u00f3n y sanci\u00f3n de hechos de corrupci\u00f3n, se violaron las garant\u00edas fundamentales del Estado de Derecho\u00bb.<\/p>\n<p>\u00abS\u00f3lo de esa manera el Tribunal, haciendo lugar a lo solicitado por los fiscales federales que intervinieron, pudieron construir y dictar esta condena ileg\u00edtima\u00bb, indic\u00f3 el texto.<\/p>\n<p>En ese sentido, afirmaron que \u00abla sentencia constituye la concreci\u00f3n m\u00e1xima del lawfare en nuestro pa\u00eds, como pr\u00e1ctica violatoria de los derechos humanos que opera como condicionante de los procesos electorales, de la agenda pol\u00edtica y de la opini\u00f3n p\u00fablica\u00bb.<\/p>\n<p>\u00abNos encontramos frente a un acto antirrepublicano del Poder Judicial\u00bb, subrayaron.<\/p>\n<p>Asimismo, especific\u00f3 que \u00abante esta situaci\u00f3n, y considerando que la sentencia tendr\u00e1 un profundo impacto en la sociedad como conjunto, desde la Secretar\u00eda de Derechos Humanos reclamamos a la Corte Suprema de Justicia de la Naci\u00f3n, como m\u00e1xima autoridad del Poder Judicial, que proteja el proceso democr\u00e1tico y la legitimidad del servicio de justicia\u00bb.<\/p>\n<p>\u00abEst\u00e1 en juego ni m\u00e1s ni menos que el Estado de Derecho en nuestro pa\u00eds, y la amenaza en contra del proceso electoral es concreta y peligrosa\u00bb, remarc\u00f3 el comunicado.<\/p>\n<p>Adem\u00e1s, se\u00f1al\u00f3 que \u00abcomo contracara de esta persecuci\u00f3n a la principal referente pol\u00edtica de este pa\u00eds, se mantiene en la impunidad a exfuncionarios que han permitido o avalado el endeudamiento criminal que ha condicionado al pa\u00eds y generado pobreza e indigencia en la poblaci\u00f3n\u00bb.<\/p>\n<p>E hicieron foco en \u00ablos escasos avances de la causa por el atentado contra la Vicepresidenta, con la inexplicable divisi\u00f3n de las investigaciones entre autores intelectuales y materiales, y la reticencia para investigar las conexiones pol\u00edticas\u00bb, que \u00abevidencian la falta de legitimidad del Poder Judicial\u00bb.<\/p>\n<p>\u00abAl respecto, las pruebas sobre una reuni\u00f3n secreta entre jueces, el poder pol\u00edtico y del poder econ\u00f3mico en Lago Escondido son parte del mismo problema, como otra muestra de las relaciones espurias entre estos sectores\u00bb, a\u00f1adi\u00f3.<\/p>\n<p>Finalmente, indicaron que \u00abla situaci\u00f3n actual del funcionamiento del Poder Judicial y sus relaciones oscuras con el poder pol\u00edtico y econ\u00f3mico, que hoy cuenta con una sentencia ileg\u00edtima en contra de la vicepresidenta Cristina Fern\u00e1ndez, implica exponer la responsabilidad del Estado Argentino ante los organismos internacionales, quienes deber\u00e1n realizar un escrutinio exhaustivo sobre estos procesos judiciales irregulares\u00bb.<\/p>\n<\/p><\/div>\n<div class=\"jumbotron pt-4 mt-3\" readability=\"56\">\n<h3 class=\"module-title\">El repudio de los Organismos de Derechos Humanos<\/h3>\n<p>Los organismos de derechos humanos abajo firmantes expresamos nuestro en\u00e9rgico repudio frente al fallo condenatorio a la vicepresidenta de la Naci\u00f3n Cristina Fern\u00e1ndez de Kirchner, producido por el&nbsp; Tribunal Oral Federal n\u00famero 2, a cargo de los magistrados Rodrigo Gim\u00e9nez Uriburu, Jorge Gorini y Andr\u00e9s Basso.<\/p>\n<p>La llamada causa Vialidad, en la cual se&nbsp; imputan supuestos delitos de asociaci\u00f3n il\u00edcita y defraudaci\u00f3n al Estado, tanto a la Vicepresidenta como a varios funcionarios de su gesti\u00f3n como Presidenta de la Naci\u00f3n, en la ejecuci\u00f3n de&nbsp; obras realizadas en Santa Cruz, fue un tema juzgado en los Tribunales Provinciales varios a\u00f1os atr\u00e1s&nbsp; y en cuya resoluci\u00f3n judicial no se acredito la comisi\u00f3n de delito alguno.<\/p>\n<p>Esta es uno de los principales argumentos&nbsp; para cuestionar como arbitrario todo el proceso acusatorio orquestado en el \u00e1mbito Federal, pues violenta el principio elemental del derecho por el cual no se&nbsp; debe juzgar o sancionar a una persona dos veces por un mismo hecho.<\/p>\n<p>Mas all\u00e1 de que los argumentos del Tribunal no se han divulgado&nbsp; y&nbsp; que la sentencia no se encuentra firme, consideramos que la estrategia judicial&nbsp; del TOF nro. 2 y previamente la acci\u00f3n medi\u00e1tica de la Fiscal\u00eda actuante,&nbsp; son parte de un mismo lineamiento de persecuci\u00f3n pol\u00edtica&nbsp; con que se ha venido hostigando&nbsp; a diversos ex funcionarios y a numerosos referentes pol\u00edticos y sociales opuestos a las pol\u00edticas neoliberales que tanto da\u00f1o han generado a nuestra sociedad.<\/p>\n<p>Llama poderosamente nuestra&nbsp; atenci\u00f3n que no se haya tenido en cuenta la complicidad o cercan\u00eda pol\u00edtica entre los miembros del Tribunal y el ex presidente Macri, datos ampliamente conocidos y acreditados p\u00fablicamente.&nbsp; Bastarian estos hechos para deslegitimar y considerar nulas las resoluciones de los mencionados magistrados.<\/p>\n<p>Consideramos que esta condena constituye un hecho pol\u00edtico de particular gravedad, corolario de una larga lista de acciones de&nbsp; violencia pol\u00edtica sufridas por Cristina Fern\u00e1ndez.<\/p>\n<p>Nos llena de indignacion que se pretenda proscribir e incluso privar de libertad a una referente popular de indiscutible trascendencia en la vida pol\u00edtica y social argentina.<\/p>\n<p>Por todo ello se\u00f1alamos nuevamente nuestro rechazo y la profunda voluntad de seguir reclamando&nbsp; el cese de estos actos profundamente cargados de misoginia y discriminaci\u00f3n.&nbsp;&nbsp;<\/p>\n<p>Madres de Plaza de Mayo L\u00ednea Fundadora<br \/>Abuelas de Plaza de Mayo<br \/>Familiares de Desaparecidos y Detenidos por Razones Pol\u00edticas<br \/>H.I.J.O.S Capital<br \/>Asamblea Permanente por los Derechos Humanos<br \/>Asociaci\u00f3n Buena Memoria<br \/>Comisi\u00f3n Memoria, Verdad y Justicia de Zona Norte<br \/>Familiares y compa\u00f1eros de los 12 de la Santa Cruz<br \/>Fundaci\u00f3n Memoria Hist\u00f3rica y Social Argentina<br \/>Liga Argentina por los Derechos Humanos<br \/>Movimiento Ecum\u00e9nico por los Derechos Humanos<br \/>Asamblea Permanente por los Derechos Humanos La Matanza<\/p>\n<\/p><\/div>\n","protected":false},"excerpt":{"rendered":"<p>El ministro de Justicia y Derechos Humanos de la Naci\u00f3n, Mart\u00edn Soria, afirm\u00f3 este martes que \u00abla mafia judicial convirti\u00f3 ese odio en una sentencia ileg\u00edtima que lleva la firma del antiperonismo\u00bb, al repudiar el fallo que conden\u00f3 a la vicepresidenta Cristina Kirchner por administraci\u00f3n fraudulenta en el juicio Vialidad. \u00abHace m\u00e1s de una d\u00e9cada [&hellip;]<\/p>\n","protected":false},"author":1,"featured_media":52274,"comment_status":"open","ping_status":"closed","sticky":false,"template":"","format":"standard","meta":[],"categories":[19],"tags":[],"_links":{"self":[{"href":"http:\/\/hoycordobaweb.com\/index.php\/wp-json\/wp\/v2\/posts\/52273"}],"collection":[{"href":"http:\/\/hoycordobaweb.com\/index.php\/wp-json\/wp\/v2\/posts"}],"about":[{"href":"http:\/\/hoycordobaweb.com\/index.php\/wp-json\/wp\/v2\/types\/post"}],"author":[{"embeddable":true,"href":"http:\/\/hoycordobaweb.com\/index.php\/wp-json\/wp\/v2\/users\/1"}],"replies":[{"embeddable":true,"href":"http:\/\/hoycordobaweb.com\/index.php\/wp-json\/wp\/v2\/comments?post=52273"}],"version-history":[{"count":0,"href":"http:\/\/hoycordobaweb.com\/index.php\/wp-json\/wp\/v2\/posts\/52273\/revisions"}],"wp:featuredmedia":[{"embeddable":true,"href":"http:\/\/hoycordobaweb.com\/index.php\/wp-json\/wp\/v2\/media\/52274"}],"wp:attachment":[{"href":"http:\/\/hoycordobaweb.com\/index.php\/wp-json\/wp\/v2\/media?parent=52273"}],"wp:term":[{"taxonomy":"category","embeddable":true,"href":"http:\/\/hoycordobaweb.com\/index.php\/wp-json\/wp\/v2\/categories?post=52273"},{"taxonomy":"post_tag","embeddable":true,"href":"http:\/\/hoycordobaweb.com\/index.php\/wp-json\/wp\/v2\/tags?post=52273"}],"curies":[{"name":"wp","href":"https:\/\/api.w.org\/{rel}","templated":true}]}}